{"id":80066,"date":"2024-04-04T16:06:08","date_gmt":"2024-04-04T19:06:08","guid":{"rendered":"https:\/\/blogdoeloiltoncajuhy.com.br\/site\/?p=80066"},"modified":"2024-04-04T16:06:10","modified_gmt":"2024-04-04T19:06:10","slug":"mais-uma-vitoria-do-estado-brasileiro-diz-lewandowski-sobre-prisao-de-fugitivos-de-mossoro","status":"publish","type":"post","link":"https:\/\/blogdoeloiltoncajuhy.com.br\/site\/mais-uma-vitoria-do-estado-brasileiro-diz-lewandowski-sobre-prisao-de-fugitivos-de-mossoro\/","title":{"rendered":"Mais uma vit\u00f3ria do estado brasileiro, diz Lewandowski sobre pris\u00e3o de fugitivos de Mossor\u00f3"},"content":{"rendered":"\n<p class=\"has-medium-font-size\"><strong>Rog\u00e9rio da Silva Mendon\u00e7a e Deibson Cabral Nascimento fugiram da Penitenci\u00e1ria Federal de Mossor\u00f3 no dia 14 de fevereiro \u2013 foram 50 dias at\u00e9 a recaptura.<\/strong><\/p>\n\n\n\n<p><strong>Blog da Andr\u00e9ia Sadi<\/strong><\/p>\n\n\n\n<figure class=\"wp-block-image aligncenter size-full\"><a href=\"https:\/\/i0.wp.com\/blogdoeloiltoncajuhy.com.br\/site\/wp-content\/uploads\/2024\/04\/Fugitivos-de-presidio-federal-em-Mossoro-em-imagem-apos-a-recaptura-%E2%80%94-Foto-Reproducao.jpeg?ssl=1\"><img data-recalc-dims=\"1\" fetchpriority=\"high\" decoding=\"async\" width=\"700\" height=\"394\" src=\"https:\/\/i0.wp.com\/blogdoeloiltoncajuhy.com.br\/site\/wp-content\/uploads\/2024\/04\/Fugitivos-de-presidio-federal-em-Mossoro-em-imagem-apos-a-recaptura-%E2%80%94-Foto-Reproducao.jpeg?resize=700%2C394&#038;ssl=1\" alt=\"\" class=\"wp-image-80067\" srcset=\"https:\/\/i0.wp.com\/blogdoeloiltoncajuhy.com.br\/site\/wp-content\/uploads\/2024\/04\/Fugitivos-de-presidio-federal-em-Mossoro-em-imagem-apos-a-recaptura-%E2%80%94-Foto-Reproducao.jpeg?w=700&amp;ssl=1 700w, https:\/\/i0.wp.com\/blogdoeloiltoncajuhy.com.br\/site\/wp-content\/uploads\/2024\/04\/Fugitivos-de-presidio-federal-em-Mossoro-em-imagem-apos-a-recaptura-%E2%80%94-Foto-Reproducao.jpeg?resize=300%2C169&amp;ssl=1 300w\" sizes=\"(max-width: 700px) 100vw, 700px\" \/><\/a><figcaption class=\"wp-element-caption\"><sub>Fugitivos de pres\u00eddio federal em Mossor\u00f3, em imagem ap\u00f3s a recaptura \u2014 Foto: Reprodu\u00e7\u00e3o<\/sub><\/figcaption><\/figure>\n\n\n\n<p>O ministro da Justi\u00e7a, Ricardo Lewandowski, afirmou ao blog que a pris\u00e3o de dois fugitivos que haviam escapado da Penitenci\u00e1ria Federal de Mossor\u00f3, no Rio Grande do Norte, foi uma vit\u00f3ria contra o crime organizado.<\/p>\n\n\n\n<p>Rog\u00e9rio da Silva Mendon\u00e7a, de 35 anos, e Deibson Cabral Nascimento, 33 anos, tinham fugido do pres\u00eddio no dia 14 de fevereiro \u2013 foram 50 dias at\u00e9 a recaptura.<\/p>\n\n\n\n<p>&#8220;Foi mais uma vit\u00f3ria do Estado brasileiro sobre o crime organizado, que revela que as nossas for\u00e7as de Seguran\u00e7a est\u00e3o plenamente aptas a enfrentar esse grave desafio&#8221;, disse Lewandowski. A opera\u00e7\u00e3o envolveu o monitoramento de tr\u00eas ve\u00edculos que, segundo as investiga\u00e7\u00f5es, davam cobertura \u00e0 fuga \u2013 ao todo, seis pessoas foram presas nos tr\u00eas carros. Um dos foragidos foi capturado pela PF, e outro, pela PRF.<\/p>\n\n\n\n<p>Investigadores informaram \u00e0 TV Globo que a dupla de fugitivos deve ser devolvida a Mossor\u00f3 \u2013 e que essa transfer\u00eancia seria uma &#8220;quest\u00e3o de honra&#8221; para o Minist\u00e9rio da Justi\u00e7a, que coordena o sistema penitenci\u00e1rio federal.<\/p>\n\n\n\n<p>Juntos, os dois recapturados t\u00eam mais de 80 processos judiciais no Tribunal de Justi\u00e7a do Acre &#8211; estado de onde sa\u00edram transferidos para o Rio Grande do Norte &#8211; e somam 155 anos em condena\u00e7\u00f5es, de acordo com o Instituto de Administra\u00e7\u00e3o Penitenci\u00e1ria do Acre (Iapen-AC).<\/p>\n","protected":false},"excerpt":{"rendered":"<p>Rog\u00e9rio da Silva Mendon\u00e7a e Deibson Cabral Nascimento fugiram da Penitenci\u00e1ria Federal de Mossor\u00f3 no dia 14 de fevereiro \u2013 foram 50 dias at\u00e9 a recaptura. Blog da Andr\u00e9ia Sadi O ministro da Justi\u00e7a, Ricardo Lewandowski, afirmou ao blog que a pris\u00e3o de dois fugitivos que haviam escapado da Penitenci\u00e1ria Federal de Mossor\u00f3, no Rio [&hellip;]<\/p>\n","protected":false},"author":2,"featured_media":80067,"comment_status":"open","ping_status":"open","sticky":false,"template":"","format":"standard","meta":{"_acf_changed":false,"_monsterinsights_skip_tracking":false,"_monsterinsights_sitenote_active":false,"_monsterinsights_sitenote_note":"","_monsterinsights_sitenote_category":0,"_jetpack_memberships_contains_paid_content":false,"footnotes":"","jetpack_publicize_message":"","jetpack_publicize_feature_enabled":true,"jetpack_social_post_already_shared":true,"jetpack_social_options":{"image_generator_settings":{"template":"highway","default_image_id":0,"font":"","enabled":false},"version":2}},"categories":[3],"tags":[],"class_list":["post-80066","post","type-post","status-publish","format-standard","has-post-thumbnail","hentry","category-politica"],"acf":[],"jetpack_publicize_connections":[],"jetpack_featured_media_url":"https:\/\/i0.wp.com\/blogdoeloiltoncajuhy.com.br\/site\/wp-content\/uploads\/2024\/04\/Fugitivos-de-presidio-federal-em-Mossoro-em-imagem-apos-a-recaptura-%E2%80%94-Foto-Reproducao.jpeg?fit=700%2C394&ssl=1","jetpack_sharing_enabled":true,"publishpress_future_workflow_manual_trigger":{"enabledWorkflows":[]},"_links":{"self":[{"href":"https:\/\/blogdoeloiltoncajuhy.com.br\/site\/wp-json\/wp\/v2\/posts\/80066","targetHints":{"allow":["GET"]}}],"collection":[{"href":"https:\/\/blogdoeloiltoncajuhy.com.br\/site\/wp-json\/wp\/v2\/posts"}],"about":[{"href":"https:\/\/blogdoeloiltoncajuhy.com.br\/site\/wp-json\/wp\/v2\/types\/post"}],"author":[{"embeddable":true,"href":"https:\/\/blogdoeloiltoncajuhy.com.br\/site\/wp-json\/wp\/v2\/users\/2"}],"replies":[{"embeddable":true,"href":"https:\/\/blogdoeloiltoncajuhy.com.br\/site\/wp-json\/wp\/v2\/comments?post=80066"}],"version-history":[{"count":1,"href":"https:\/\/blogdoeloiltoncajuhy.com.br\/site\/wp-json\/wp\/v2\/posts\/80066\/revisions"}],"predecessor-version":[{"id":80068,"href":"https:\/\/blogdoeloiltoncajuhy.com.br\/site\/wp-json\/wp\/v2\/posts\/80066\/revisions\/80068"}],"wp:featuredmedia":[{"embeddable":true,"href":"https:\/\/blogdoeloiltoncajuhy.com.br\/site\/wp-json\/wp\/v2\/media\/80067"}],"wp:attachment":[{"href":"https:\/\/blogdoeloiltoncajuhy.com.br\/site\/wp-json\/wp\/v2\/media?parent=80066"}],"wp:term":[{"taxonomy":"category","embeddable":true,"href":"https:\/\/blogdoeloiltoncajuhy.com.br\/site\/wp-json\/wp\/v2\/categories?post=80066"},{"taxonomy":"post_tag","embeddable":true,"href":"https:\/\/blogdoeloiltoncajuhy.com.br\/site\/wp-json\/wp\/v2\/tags?post=80066"}],"curies":[{"name":"wp","href":"https:\/\/api.w.org\/{rel}","templated":true}]}}