{"id":80063,"date":"2024-04-04T15:44:14","date_gmt":"2024-04-04T18:44:14","guid":{"rendered":"https:\/\/blogdoeloiltoncajuhy.com.br\/site\/?p=80063"},"modified":"2024-04-04T15:44:16","modified_gmt":"2024-04-04T18:44:16","slug":"processo-seletivo-da-prefeitura-de-itiuba-oferece-78-vagas-em-diversas-areas-da-saude","status":"publish","type":"post","link":"https:\/\/blogdoeloiltoncajuhy.com.br\/site\/processo-seletivo-da-prefeitura-de-itiuba-oferece-78-vagas-em-diversas-areas-da-saude\/","title":{"rendered":"Processo seletivo da Prefeitura de Iti\u00faba oferece 78 vagas em diversas \u00e1reas da Sa\u00fade"},"content":{"rendered":"\n<p class=\"has-medium-font-size\"><strong>Oportunidades para profissionais de n\u00edvel M\u00e9dio\/T\u00e9cnico e Superior tem sal\u00e1rios de at\u00e9 R$ 2.680,00.<\/strong><\/p>\n\n\n\n<p><strong>Blog do Eloilton Cajuhy<\/strong><\/p>\n\n\n\n<figure class=\"wp-block-image aligncenter size-full is-resized\"><a href=\"https:\/\/i0.wp.com\/blogdoeloiltoncajuhy.com.br\/site\/wp-content\/uploads\/2024\/04\/Itiuba-ba-fonte-no-centro-foto-Gentille.jpg?ssl=1\"><img data-recalc-dims=\"1\" fetchpriority=\"high\" decoding=\"async\" width=\"550\" height=\"411\" src=\"https:\/\/i0.wp.com\/blogdoeloiltoncajuhy.com.br\/site\/wp-content\/uploads\/2024\/04\/Itiuba-ba-fonte-no-centro-foto-Gentille.jpg?resize=550%2C411&#038;ssl=1\" alt=\"\" class=\"wp-image-80064\" style=\"width:644px;height:auto\" srcset=\"https:\/\/i0.wp.com\/blogdoeloiltoncajuhy.com.br\/site\/wp-content\/uploads\/2024\/04\/Itiuba-ba-fonte-no-centro-foto-Gentille.jpg?w=550&amp;ssl=1 550w, https:\/\/i0.wp.com\/blogdoeloiltoncajuhy.com.br\/site\/wp-content\/uploads\/2024\/04\/Itiuba-ba-fonte-no-centro-foto-Gentille.jpg?resize=300%2C224&amp;ssl=1 300w\" sizes=\"(max-width: 550px) 100vw, 550px\" \/><\/a><figcaption class=\"wp-element-caption\"><sub>Foto: Gentille<\/sub><\/figcaption><\/figure>\n\n\n\n<p>O processo seletivo da Prefeitura Municipal de Iti\u00faba est\u00e1 com inscri\u00e7\u00f5es abertas desde 26 de mar\u00e7o. Regido pelo edital n\u00ba 01\/2024, o certame busca preencher 78 vagas imediatas, sendo 15 reservadas para pretos e pardos e duas para pessoas com defici\u00eancia.<\/p>\n\n\n\n<p>As oportunidades tempor\u00e1rias s\u00e3o destinadas a profissionais com n\u00edveis m\u00e9dio\/t\u00e9cnico e superior de escolaridade. O seletivo ter\u00e1 validade de um ano, a contar da data de publica\u00e7\u00e3o da homologa\u00e7\u00e3o do resultado, podendo ser prorrogado por igual per\u00edodo, a crit\u00e9rio da Prefeitura Municipal.<\/p>\n\n\n\n<p class=\"has-black-color has-text-color has-link-color has-medium-font-size wp-elements-6409d2aa7ef43c0c3e7ffe336f52a989\"><strong>Vagas Dispon\u00edveis:<\/strong><\/p>\n\n\n\n<ul class=\"wp-block-list\">\n<li>T\u00e9cnico em Enfermagem: n\u00edvel t\u00e9cnico;<\/li>\n\n\n\n<li>T\u00e9cnico em Enfermagem (Emerg\u00eancia, Obstetr\u00edcia, Cl\u00ednica M\u00e9dica, Transfer\u00eancia, CME, Vacinador): n\u00edvel t\u00e9cnico;<\/li>\n\n\n\n<li>Enfermeiro: n\u00edvel superior.<\/li>\n<\/ul>\n\n\n\n<p><\/p>\n\n\n\n<p>Para concorrer, \u00e9 necess\u00e1rio atender alguns requisitos, como registro no conselho e cursos na \u00e1rea, dependendo da vaga. A remunera\u00e7\u00e3o pode chegar a R$ 2.680,00 para jornadas semanais de 20 a 44 horas.<\/p>\n\n\n\n<p class=\"has-black-color has-text-color has-link-color has-medium-font-size wp-elements-e7aac533c013521812ce874e5ce23480\"><strong>Inscri\u00e7\u00f5es:<\/strong><\/p>\n\n\n\n<p>As inscri\u00e7\u00f5es devem ser realizadas at\u00e9 7 de abril de 2024, via internet, no site do <a href=\"https:\/\/institutobrb.selecao.net.br\/informacoes\/6\/\"><strong><mark style=\"background-color:rgba(0, 0, 0, 0)\" class=\"has-inline-color has-vivid-cyan-blue-color\">Instituto BRB<\/mark><\/strong><\/a>, respons\u00e1vel pela organiza\u00e7\u00e3o do certame.<\/p>\n\n\n\n<p><a href=\"https:\/\/anexos.cdn.selecao.net.br\/uploads\/792\/concursos\/6\/anexos\/TAdQQdCqFw2LwtRLjQ44BjMICVurOfU130hjzUqa.pdf\"><strong><mark style=\"background-color:rgba(0, 0, 0, 0)\" class=\"has-inline-color has-vivid-cyan-blue-color\">Clique aqui<\/mark><\/strong><\/a> e veja o edital completo.<\/p>\n","protected":false},"excerpt":{"rendered":"<p>Oportunidades para profissionais de n\u00edvel M\u00e9dio\/T\u00e9cnico e Superior tem sal\u00e1rios de at\u00e9 R$ 2.680,00. Blog do Eloilton Cajuhy O processo seletivo da Prefeitura Municipal de Iti\u00faba est\u00e1 com inscri\u00e7\u00f5es abertas desde 26 de mar\u00e7o. Regido pelo edital n\u00ba 01\/2024, o certame busca preencher 78 vagas imediatas, sendo 15 reservadas para pretos e pardos e duas [&hellip;]<\/p>\n","protected":false},"author":2,"featured_media":80064,"comment_status":"open","ping_status":"open","sticky":false,"template":"","format":"standard","meta":{"_acf_changed":false,"_monsterinsights_skip_tracking":false,"_monsterinsights_sitenote_active":false,"_monsterinsights_sitenote_note":"","_monsterinsights_sitenote_category":0,"_jetpack_memberships_contains_paid_content":false,"footnotes":"","jetpack_publicize_message":"","jetpack_publicize_feature_enabled":true,"jetpack_social_post_already_shared":true,"jetpack_social_options":{"image_generator_settings":{"template":"highway","default_image_id":0,"font":"","enabled":false},"version":2}},"categories":[32],"tags":[],"class_list":["post-80063","post","type-post","status-publish","format-standard","has-post-thumbnail","hentry","category-emprego"],"acf":[],"jetpack_publicize_connections":[],"jetpack_featured_media_url":"https:\/\/i0.wp.com\/blogdoeloiltoncajuhy.com.br\/site\/wp-content\/uploads\/2024\/04\/Itiuba-ba-fonte-no-centro-foto-Gentille.jpg?fit=550%2C411&ssl=1","jetpack_sharing_enabled":true,"publishpress_future_workflow_manual_trigger":{"enabledWorkflows":[]},"_links":{"self":[{"href":"https:\/\/blogdoeloiltoncajuhy.com.br\/site\/wp-json\/wp\/v2\/posts\/80063","targetHints":{"allow":["GET"]}}],"collection":[{"href":"https:\/\/blogdoeloiltoncajuhy.com.br\/site\/wp-json\/wp\/v2\/posts"}],"about":[{"href":"https:\/\/blogdoeloiltoncajuhy.com.br\/site\/wp-json\/wp\/v2\/types\/post"}],"author":[{"embeddable":true,"href":"https:\/\/blogdoeloiltoncajuhy.com.br\/site\/wp-json\/wp\/v2\/users\/2"}],"replies":[{"embeddable":true,"href":"https:\/\/blogdoeloiltoncajuhy.com.br\/site\/wp-json\/wp\/v2\/comments?post=80063"}],"version-history":[{"count":1,"href":"https:\/\/blogdoeloiltoncajuhy.com.br\/site\/wp-json\/wp\/v2\/posts\/80063\/revisions"}],"predecessor-version":[{"id":80065,"href":"https:\/\/blogdoeloiltoncajuhy.com.br\/site\/wp-json\/wp\/v2\/posts\/80063\/revisions\/80065"}],"wp:featuredmedia":[{"embeddable":true,"href":"https:\/\/blogdoeloiltoncajuhy.com.br\/site\/wp-json\/wp\/v2\/media\/80064"}],"wp:attachment":[{"href":"https:\/\/blogdoeloiltoncajuhy.com.br\/site\/wp-json\/wp\/v2\/media?parent=80063"}],"wp:term":[{"taxonomy":"category","embeddable":true,"href":"https:\/\/blogdoeloiltoncajuhy.com.br\/site\/wp-json\/wp\/v2\/categories?post=80063"},{"taxonomy":"post_tag","embeddable":true,"href":"https:\/\/blogdoeloiltoncajuhy.com.br\/site\/wp-json\/wp\/v2\/tags?post=80063"}],"curies":[{"name":"wp","href":"https:\/\/api.w.org\/{rel}","templated":true}]}}