{"id":80059,"date":"2024-04-04T08:52:13","date_gmt":"2024-04-04T11:52:13","guid":{"rendered":"https:\/\/blogdoeloiltoncajuhy.com.br\/site\/?p=80059"},"modified":"2024-04-04T08:52:16","modified_gmt":"2024-04-04T11:52:16","slug":"concurso-oferece-mais-de-150-vagas-em-prefeitura-no-interior-da-bahia-com-salarios-que-passam-de-r-10-mil","status":"publish","type":"post","link":"https:\/\/blogdoeloiltoncajuhy.com.br\/site\/concurso-oferece-mais-de-150-vagas-em-prefeitura-no-interior-da-bahia-com-salarios-que-passam-de-r-10-mil\/","title":{"rendered":"Concurso oferece mais de 150 vagas em prefeitura no interior da Bahia com sal\u00e1rios que passam de R$ 10 mil"},"content":{"rendered":"\n<p class=\"has-medium-font-size\"><strong>Vagas s\u00e3o para Secretarias Municipais de Sa\u00fade, Educa\u00e7\u00e3o e Administra\u00e7\u00e3o.<\/strong><\/p>\n\n\n\n<p><strong>Por g1 BA<\/strong><\/p>\n\n\n\n<figure class=\"wp-block-image aligncenter size-full is-resized\"><a href=\"https:\/\/i0.wp.com\/blogdoeloiltoncajuhy.com.br\/site\/wp-content\/uploads\/2024\/04\/Sento-Se-no-norte-da-Bahia-%E2%80%94-Foto-Divulgacao-Prefeitura.jpeg?ssl=1\"><img data-recalc-dims=\"1\" fetchpriority=\"high\" decoding=\"async\" width=\"700\" height=\"394\" src=\"https:\/\/i0.wp.com\/blogdoeloiltoncajuhy.com.br\/site\/wp-content\/uploads\/2024\/04\/Sento-Se-no-norte-da-Bahia-%E2%80%94-Foto-Divulgacao-Prefeitura.jpeg?resize=700%2C394&#038;ssl=1\" alt=\"\" class=\"wp-image-80060\" style=\"width:775px;height:auto\" srcset=\"https:\/\/i0.wp.com\/blogdoeloiltoncajuhy.com.br\/site\/wp-content\/uploads\/2024\/04\/Sento-Se-no-norte-da-Bahia-%E2%80%94-Foto-Divulgacao-Prefeitura.jpeg?w=700&amp;ssl=1 700w, https:\/\/i0.wp.com\/blogdoeloiltoncajuhy.com.br\/site\/wp-content\/uploads\/2024\/04\/Sento-Se-no-norte-da-Bahia-%E2%80%94-Foto-Divulgacao-Prefeitura.jpeg?resize=300%2C169&amp;ssl=1 300w\" sizes=\"(max-width: 700px) 100vw, 700px\" \/><\/a><figcaption class=\"wp-element-caption\"><sub>Sento S\u00e9, no norte da Bahia \u2014 Foto: Divulga\u00e7\u00e3o\/Prefeitura<\/sub><\/figcaption><\/figure>\n\n\n\n<p>A prefeitura de Sento S\u00e9, no norte da Bahia, abriu concurso com mais de 150 vagas imediatas e cadastro de reserva. As inscri\u00e7\u00f5es come\u00e7aram nesta quarta-feira (3) e seguem abertas at\u00e9 o dia 15 de abril, atrav\u00e9s do <strong><a href=\"https:\/\/www.planejarconcursos.com.br\/\"><mark style=\"background-color:rgba(0, 0, 0, 0)\" class=\"has-inline-color has-vivid-cyan-blue-color\">site da empresa organizadora<\/mark><\/a><\/strong>. <strong><em>[Confira a disposi\u00e7\u00e3o de vagas abaixo]<\/em><\/strong><\/p>\n\n\n\n<p>O certame prev\u00ea 118 vagas para ampla concorr\u00eancia e 37 para cadastro de reserva. Al\u00e9m disso, 5% das vagas ser\u00e1 para pessoas com defici\u00eancia. Os sal\u00e1rios variam de acordo com o cargo, e v\u00e3o de R$ 1.412 a R$ 10.384,30.<\/p>\n\n\n\n<p>A taxa de inscri\u00e7\u00e3o custa R$ 120 para n\u00edvel superior, R$ 85 para os n\u00edveis m\u00e9dio e t\u00e9cnico e R$ 75 para n\u00edvel fundamental.<\/p>\n\n\n\n<p>s vagas s\u00e3o para os n\u00edveis de escolaridade, superior, m\u00e9dio, t\u00e9cnico e fundamental e est\u00e3o dispostas em nas Secretarias Municipais de Sa\u00fade, Educa\u00e7\u00e3o e Administra\u00e7\u00e3o.<\/p>\n\n\n\n<p><strong>Veja a rela\u00e7\u00e3o de vagas dispon\u00edveis:<\/strong><\/p>\n\n\n\n<ul class=\"wp-block-list\">\n<li><strong>SECRETARIA DE ADMINISTRA\u00c7\u00c3O \u2013 ZONA URBANA<br>Advogado (a)<\/strong>\u00a0&#8211; ampla concorr\u00eancia &#8211; 2 vagas<br><strong>Agr\u00f4nomo (a)\u00a0<\/strong>&#8211; ampla concorr\u00eancia &#8211; 1 vaga<br><strong>Arquiteto (a)<\/strong>\u00a0&#8211; ampla concorr\u00eancia &#8211; 1 vaga<br><strong>Assistente Social\u00a0<\/strong>&#8211; ampla concorr\u00eancia &#8211; 2 vagas<br><strong>Engenheiro (a) Civil<\/strong>\u00a0&#8211; ampla concorr\u00eancia &#8211; 1 vaga<br><strong>Engenheiro (a) de Minas<\/strong>\u00a0&#8211; ampla concorr\u00eancia &#8211; 1 vaga<br><strong>Engenheiro (a) Eletricista<\/strong>\u00a0&#8211; ampla concorr\u00eancia &#8211; 1 vaga<br><strong>Engenheiro (a) Florestal<\/strong>\u00a0&#8211; ampla concorr\u00eancia &#8211; 1 vaga<br><strong>Psic\u00f3logo (a)<\/strong>\u00a0&#8211; ampla concorr\u00eancia &#8211; 1 vaga \/ Cadastro de reserva &#8211; 1 vaga<br><strong>Veterin\u00e1rio (a)<\/strong>\u00a0&#8211; ampla concorr\u00eancia &#8211; 1 vaga<br><strong>T\u00e9cnico (a) Agr\u00edcola\u00a0<\/strong>&#8211; ampla concorr\u00eancia &#8211; 1 vaga \/ Cadastro de reserva &#8211; 1 vaga<br><strong>T\u00e9cnico (a) Ambiental\u00a0<\/strong>&#8211; ampla concorr\u00eancia &#8211; 1 vaga<br><strong>T\u00e9cnico (a) em Inform\u00e1tica\u00a0<\/strong>&#8211; ampla concorr\u00eancia &#8211; 1 vaga<br><strong>Topografo (a)<\/strong>\u00a0&#8211; ampla concorr\u00eancia &#8211; 1 vaga<br><strong>Agente de Portaria<\/strong>\u00a0&#8212; ampla concorr\u00eancia 1 vaga \/ Cadastro de reserva &#8211; 4 vaga \/ Pessoa com Defici\u00eancia &#8211; 1 Vaga<br><strong>Fiscal de Obras e Posturas<\/strong>\u00a0&#8211; ampla concorr\u00eancia &#8211; 1 Vaga \/ Cadastro de reserva &#8211; 1 vaga<br><strong>Auxiliar de Servi\u00e7os Administrativos \u2013 ASA<\/strong>\u00a0&#8211; ampla concorr\u00eancia &#8211; 4 vagas \/ Cadastro de reserva &#8211; 1 vaga<br><strong>Auxiliar de Servi\u00e7os Gerais \u2013ASG\u00a0<\/strong>&#8211; ampla concorr\u00eancia &#8211; 4 vagas \/ Cadastro de reserva &#8211; 1 vaga<br><strong>Carpinteiro (a)\u00a0<\/strong>&#8211; ampla concorr\u00eancia &#8211; 1 vaga<br><strong>Condutor (a) de Viatura Leve &#8211;\u00a0<\/strong>ampla concorr\u00eancia &#8211; 1 vaga \/ Cadastro de reserva &#8211; 1 vaga<br><strong>Condutor (a) de Viatura Pesada\u00a0<\/strong>&#8211; ampla concorr\u00eancia &#8211; 1 vaga \/ Cadastro de reserva &#8211; 1 vaga<br><strong>Coveiro (a)<\/strong>\u00a0&#8211; ampla concorr\u00eancia &#8211; 1 vaga \/ Cadastro de reserva &#8211; 1 vaga<br><strong>Eletricista<\/strong>\u00a0&#8211; ampla concorr\u00eancia &#8211; 1 vaga \/ Cadastro de reserva &#8211; 1 vaga<br><strong>Jardineiro (a)<\/strong>\u00a0&#8211; ampla concorr\u00eancia &#8211; 1 vaga<br><strong>Mec\u00e2nico (a) de Viatura\u00a0<\/strong>&#8211; ampla concorr\u00eancia &#8211; 1 vaga \/ Cadastro de reserva &#8211; 1 vaga<br><strong>Operador (a) de Maquina &#8211;\u00a0<\/strong>ampla concorr\u00eancia &#8211; 3 vaga \/ Cadastro de reserva &#8211; 2 vagas<br><strong>Pedreiro (a)\u00a0<\/strong>&#8211; ampla concorr\u00eancia &#8211; 1 vaga \/ Cadastro de reserva &#8211; 1 vaga<br><strong>Pintor (a)<\/strong>\u00a0&#8211; ampla concorr\u00eancia &#8211; 1 vaga \/ Cadastro de reserva &#8211; 1 vaga<br><strong>Vaqueiro (a)<\/strong>\u00a0&#8211; ampla concorr\u00eancia &#8211; 1 vaga<\/li>\n\n\n\n<li><strong>SECRETARIA DE ADMINISTRA\u00c7\u00c3O \u2013 ZONA URBANA<br>Assistente\u00a0<\/strong>&#8211; ampla concorr\u00eancia &#8211; 1 vaga \/ Cadastro de reserva &#8211; 1 vaga<br><strong>Biom\u00e9dico (a)<\/strong>\u00a0&#8211; ampla concorr\u00eancia &#8211; 1 vaga<br><strong>Educador (a) F\u00edsico<\/strong>\u00a0&#8211; ampla concorr\u00eancia &#8211; 1 vaga<br><strong>Enfermeiro (a)<\/strong>\u00a0&#8211; ampla concorr\u00eancia &#8211; 4 vaga \/ Cadastro de reserva &#8211; 1 vaga<br><strong>Farmac\u00eautico (a)<\/strong>\u00a0&#8211; ampla concorr\u00eancia &#8211; 1 vaga<br><strong>Fisioterapeuta (a)\u00a0<\/strong>&#8211; ampla concorr\u00eancia &#8211; 1 vaga<br><strong>Fonoaudi\u00f3logo (a)\u00a0<\/strong>&#8211; ampla concorr\u00eancia &#8211; 1 vaga<br><strong>M\u00e9dico (a) Cardiologista<\/strong>\u00a0&#8211; ampla concorr\u00eancia &#8211; 1 vaga<br><strong>M\u00e9dico (a) Clinico Geral\u00a0<\/strong>&#8211; ampla concorr\u00eancia &#8211; 1 vaga<br><strong>M\u00e9dico (a) Dermatologista<\/strong>\u00a0&#8211; ampla concorr\u00eancia &#8211; 1 vaga<br><strong>M\u00e9dico (a) Generalista<\/strong>\u00a0&#8211; ampla concorr\u00eancia &#8211; 2 vagas<br><strong>M\u00e9dico (a) Ginecologista<\/strong>\u00a0&#8211; ampla concorr\u00eancia &#8211; 1 vaga<br><strong>M\u00e9dico (a) Neurologista\u00a0<\/strong>&#8211; ampla concorr\u00eancia &#8211; 1 vaga<br><strong>M\u00e9dico (a) Neuropediatra<\/strong>\u00a0&#8211; ampla concorr\u00eancia &#8211; 1 vaga<br><strong>M\u00e9dico (a) Ortopedista<\/strong>\u00a0&#8211; ampla concorr\u00eancia &#8211; 1 vaga<br><strong>M\u00e9dico (a) Pediatra\u00a0<\/strong>&#8211; ampla concorr\u00eancia &#8211; 1 vaga<br><strong>M\u00e9dico (a) Psiquiatra<\/strong>\u00a0&#8211; ampla concorr\u00eancia &#8211; 1 vaga<br><strong>Nutricionista<\/strong>\u00a0&#8211; ampla concorr\u00eancia &#8211; 1 vaga<br><strong>Odont\u00f3logo (a)<\/strong>\u00a0&#8211; ampla concorr\u00eancia &#8211; 1 vaga<br><strong>Psicanalista<\/strong>\u00a0&#8211; ampla concorr\u00eancia &#8211; 1 vaga<br><strong>Psic\u00f3logo (a)\u00a0<\/strong>&#8211; ampla concorr\u00eancia &#8211; 1 vaga<br><strong>Veterin\u00e1rio (a)\u00a0<\/strong>&#8211; ampla concorr\u00eancia &#8211; 1 vaga<br><strong>T\u00e9cnico (a) de Seguran\u00e7a do Trabalho<\/strong>\u00a0&#8211; ampla concorr\u00eancia &#8211; 1 vaga<br><strong>T\u00e9cnico (a) em Raio X<\/strong>\u00a0&#8211; ampla concorr\u00eancia &#8211; 1 vaga<br><strong>T\u00e9cnico (a) de Laborat\u00f3rio<\/strong>\u00a0&#8211; ampla concorr\u00eancia &#8211; 1 vaga<br><strong>T\u00e9cnico (a) de Enfermagem\u00a0<\/strong>&#8211; ampla concorr\u00eancia &#8211; 3 vagas \/ Cadastro de reserva &#8211; 1 vaga<br><strong>T\u00e9cnico (a) de Contabilidade\u00a0<\/strong>&#8211; ampla concorr\u00eancia &#8211; 1 vaga<br><strong>T\u00e9cnico (a) em Vigil\u00e2ncia Sanit\u00e1ria<\/strong>\u00a0&#8211; ampla concorr\u00eancia &#8211; 1 vaga<br><strong>Auxiliar Administrativo<\/strong>\u00a0&#8211; ampla concorr\u00eancia &#8211; 4 vagas \/ Cadastro de reserva &#8211; 1 vaga<br><strong>Auxiliar de Farm\u00e1cia<\/strong>\u00a0&#8211; ampla concorr\u00eancia &#8211; 2 vagas \/ Cadastro de reserva &#8211; 1 vaga<br><strong>Auxiliar de Odontologia\u00a0<\/strong>&#8211; ampla concorr\u00eancia &#8211; 1 vaga \/ Cadastro de reserva &#8211; 1 vaga<br><strong>Maqueiro (a)<\/strong>\u00a0&#8211; ampla concorr\u00eancia &#8211; 1 vaga<br><strong>Auxiliar de Servi\u00e7os Gerais \u2013 ASG<\/strong>\u00a0&#8211; ampla concorr\u00eancia &#8211; 4 vagas \/ Cadastro de reserva &#8211; 1 vaga<br><strong>Condutor(a) de Viatura Leve<\/strong>\u00a0&#8211; ampla concorr\u00eancia 1 vaga \/ Cadastro de reserva &#8211; 1 vaga<\/li>\n\n\n\n<li><strong>SECRETARIA DE SA\u00daDE \u2013 ZONA RURAL<br>Enfermeiro (a)\u00a0<\/strong>&#8211; ampla concorr\u00eancia &#8211; 1 vaga \/ Cadastro de reserva &#8211; 1 vaga<br><strong>Odont\u00f3logo (a)<\/strong>\u00a0&#8211; ampla concorr\u00eancia &#8211; 1 vaga<br><strong>T\u00e9cnico de Enfermagem\u00a0<\/strong>&#8211; ampla concorr\u00eancia 1 vaga \/ Cadastro de reserva &#8211; 1 vaga<br><strong>Auxiliar Administrativo<\/strong>\u00a0&#8211; ampla concorr\u00eancia 1 vaga \/ Cadastro de reserva &#8211; 1 vaga<br><strong>Auxiliar de Farm\u00e1cia\u00a0<\/strong>&#8211; ampla concorr\u00eancia 1 vaga \/ Cadastro de reserva &#8211; 1 vaga<br><strong>Auxiliar de Odontologia\u00a0<\/strong>&#8211; ampla concorr\u00eancia 1 vaga<br><strong>Auxiliar de Servi\u00e7os Gerais \u2013 ASG\u00a0<\/strong>&#8211; ampla concorr\u00eancia 1 vaga \/ Cadastro de reserva &#8211; 1 vaga<br><strong>Condutor (a) de Viatura Leve\u00a0<\/strong>&#8211; ampla concorr\u00eancia 1 vaga \/ Cadastro de reserva &#8211; 1 vaga<\/li>\n\n\n\n<li><strong>SECRETARIA DE EDUCA\u00c7\u00c3O \u2013 ZONA URBANA<br>Professor (a) de Artes\u00a0<\/strong>&#8211; ampla concorr\u00eancia 1 vaga<br><strong>Professor (a) de Ci\u00eancias<\/strong>\u00a0&#8211; ampla concorr\u00eancia 1 vaga<br><strong>Professor (a) de Educa\u00e7\u00e3o F\u00edsica<\/strong>\u00a0&#8211; ampla concorr\u00eancia 1 vaga<br><strong>Professor (a) de Hist\u00f3ria<\/strong>\u00a0&#8211; ampla concorr\u00eancia 1 vaga<br><strong>Auxiliar Administrativo<\/strong>\u00a0&#8211; ampla concorr\u00eancia 3 vagas \/ Cadastro de reserva &#8211; 1 vaga<br><strong>Auxiliar de Servi\u00e7os Gerais<\/strong>\u00a0&#8211; ampla concorr\u00eancia 4 vagas \/ Cadastro de reserva &#8211; 2 vagas<br><strong>Merendeira\u00a0<\/strong>&#8211; ampla concorr\u00eancia 4 vagas \/ Cadastro de reserva &#8211; 2 vagas<\/li>\n\n\n\n<li><strong>SECRETARIA DE EDUCA\u00c7\u00c3O \u2013 ZONA RURAL<br>Professor (a) de L\u00edngua Portuguesa, Matem\u00e1tica, Ci\u00eancias, Geografia, Hist\u00f3ria &#8211;<\/strong>\u00a01 vaga de ampla concorr\u00eancia para cada \u00e1rea em Caju\u00ed<strong><br>Professor (a) de L\u00edngua Portuguesa, Matem\u00e1tica, Ci\u00eancias, Geografia, Hist\u00f3ria &#8211;\u00a0<\/strong>1 vaga de ampla concorr\u00eancia para cada \u00e1rea em Mimoso<strong><br>Professor (a) de L\u00edngua Portuguesa, Matem\u00e1tica, Ci\u00eancias, Geografia, Hist\u00f3ria &#8211;\u00a0<\/strong>1 vaga de ampla concorr\u00eancia para cada \u00e1rea em Amami\u00fa<br><strong>Professor (a) de Educa\u00e7\u00e3o F\u00edsica<\/strong>\u00a0&#8211; 1 vaga de ampla concorr\u00eancia para cada \u00e1rea em Am\u00e9rico Alves<br><strong>Professor(a) de Prim\u00e1rio<\/strong>\u00a0&#8211; 1 vaga de ampla concorr\u00eancia para Caju\u00ed, Mimoso e Amami\u00fa<br><strong>Auxiliar Administrativo &#8211;\u00a0<\/strong>1 vaga de ampla concorr\u00eancia<strong><br>Auxiliar de Servi\u00e7os Gerais &#8211;<\/strong>\u00a02 vagas de ampla concorr\u00eancia<strong><br>Merendeira<\/strong>\u00a0&#8211; 2 vagas de ampla concorr\u00eancia para Am\u00e9rico Alves<br><strong>Auxiliar Administrativo &#8211;\u00a0<\/strong>1 vaga de ampla concorr\u00eancia<strong><br>Auxiliar de Servi\u00e7os Gerais\u00a0<\/strong>&#8211; 1 vaga de ampla concorr\u00eancia<strong><br>Merendeira\u00a0<\/strong>&#8211; 2 vagas de ampla concorr\u00eancia em Pir\u00ed<br><strong>Auxiliar Administrativo\u00a0<\/strong>&#8211; 1 vaga de ampla concorr\u00eancia<strong><br>Auxiliar de Servi\u00e7os Gerais &#8211;\u00a0<\/strong>1 vaga de ampla concorr\u00eancia<strong><br>Merendeira<\/strong>\u00a0-1 vaga de ampla concorr\u00eancia em Pi\u00e7arr\u00e3o<br><strong>Auxiliar Administrativo &#8211;\u00a0<\/strong>1 vaga de ampla concorr\u00eancia<strong><br>Auxiliar de Servi\u00e7os Gerais\u00a0<\/strong>&#8211; 2 vagas de ampla concorr\u00eancia<strong><br>Merendeira<\/strong>\u00a0&#8211; 2 vagas de ampla concorr\u00eancia em Caju\u00ed<br><strong>Auxiliar Administrativo\u00a0<\/strong>&#8211; 1 vaga de ampla concorr\u00eancia em Mimoso<br><strong>Auxiliar de Servi\u00e7os Gerais\u00a0<\/strong>&#8211; 1 vaga de ampla concorr\u00eancia<strong><br>Merendeira<\/strong>\u00a0&#8211; 2 vagas de ampla concorr\u00eancia em Amani\u00fa<\/li>\n<\/ul>\n\n\n\n<p><\/p>\n\n\n\n<p>A prova ser\u00e1 objetiva, de car\u00e1ter eliminat\u00f3rio e classificat\u00f3rio, e ser\u00e1 aplicada na cidade de Sento S\u00e9, no dia 12 de maio. A sele\u00e7\u00e3o tamb\u00e9m conta, ainda, com uma prova pr\u00e1tica e discursiva para alguns cargos. O resultado deve ser divulgado no dia 20 de junho.<\/p>\n","protected":false},"excerpt":{"rendered":"<p>Vagas s\u00e3o para Secretarias Municipais de Sa\u00fade, Educa\u00e7\u00e3o e Administra\u00e7\u00e3o. Por g1 BA A prefeitura de Sento S\u00e9, no norte da Bahia, abriu concurso com mais de 150 vagas imediatas e cadastro de reserva. As inscri\u00e7\u00f5es come\u00e7aram nesta quarta-feira (3) e seguem abertas at\u00e9 o dia 15 de abril, atrav\u00e9s do site da empresa organizadora. [&hellip;]<\/p>\n","protected":false},"author":2,"featured_media":80060,"comment_status":"open","ping_status":"open","sticky":false,"template":"","format":"standard","meta":{"_acf_changed":false,"_monsterinsights_skip_tracking":false,"_monsterinsights_sitenote_active":false,"_monsterinsights_sitenote_note":"","_monsterinsights_sitenote_category":0,"_jetpack_memberships_contains_paid_content":false,"footnotes":"","jetpack_publicize_message":"","jetpack_publicize_feature_enabled":true,"jetpack_social_post_already_shared":true,"jetpack_social_options":{"image_generator_settings":{"template":"highway","default_image_id":0,"font":"","enabled":false},"version":2}},"categories":[32],"tags":[],"class_list":["post-80059","post","type-post","status-publish","format-standard","has-post-thumbnail","hentry","category-emprego"],"acf":[],"jetpack_publicize_connections":[],"jetpack_featured_media_url":"https:\/\/i0.wp.com\/blogdoeloiltoncajuhy.com.br\/site\/wp-content\/uploads\/2024\/04\/Sento-Se-no-norte-da-Bahia-%E2%80%94-Foto-Divulgacao-Prefeitura.jpeg?fit=700%2C394&ssl=1","jetpack_sharing_enabled":true,"publishpress_future_workflow_manual_trigger":{"enabledWorkflows":[]},"_links":{"self":[{"href":"https:\/\/blogdoeloiltoncajuhy.com.br\/site\/wp-json\/wp\/v2\/posts\/80059","targetHints":{"allow":["GET"]}}],"collection":[{"href":"https:\/\/blogdoeloiltoncajuhy.com.br\/site\/wp-json\/wp\/v2\/posts"}],"about":[{"href":"https:\/\/blogdoeloiltoncajuhy.com.br\/site\/wp-json\/wp\/v2\/types\/post"}],"author":[{"embeddable":true,"href":"https:\/\/blogdoeloiltoncajuhy.com.br\/site\/wp-json\/wp\/v2\/users\/2"}],"replies":[{"embeddable":true,"href":"https:\/\/blogdoeloiltoncajuhy.com.br\/site\/wp-json\/wp\/v2\/comments?post=80059"}],"version-history":[{"count":1,"href":"https:\/\/blogdoeloiltoncajuhy.com.br\/site\/wp-json\/wp\/v2\/posts\/80059\/revisions"}],"predecessor-version":[{"id":80061,"href":"https:\/\/blogdoeloiltoncajuhy.com.br\/site\/wp-json\/wp\/v2\/posts\/80059\/revisions\/80061"}],"wp:featuredmedia":[{"embeddable":true,"href":"https:\/\/blogdoeloiltoncajuhy.com.br\/site\/wp-json\/wp\/v2\/media\/80060"}],"wp:attachment":[{"href":"https:\/\/blogdoeloiltoncajuhy.com.br\/site\/wp-json\/wp\/v2\/media?parent=80059"}],"wp:term":[{"taxonomy":"category","embeddable":true,"href":"https:\/\/blogdoeloiltoncajuhy.com.br\/site\/wp-json\/wp\/v2\/categories?post=80059"},{"taxonomy":"post_tag","embeddable":true,"href":"https:\/\/blogdoeloiltoncajuhy.com.br\/site\/wp-json\/wp\/v2\/tags?post=80059"}],"curies":[{"name":"wp","href":"https:\/\/api.w.org\/{rel}","templated":true}]}}