{"id":80056,"date":"2024-04-04T08:35:23","date_gmt":"2024-04-04T11:35:23","guid":{"rendered":"https:\/\/blogdoeloiltoncajuhy.com.br\/site\/?p=80056"},"modified":"2024-04-04T08:35:26","modified_gmt":"2024-04-04T11:35:26","slug":"doacao-de-orgaos-sera-facilitada-por-aplicativo","status":"publish","type":"post","link":"https:\/\/blogdoeloiltoncajuhy.com.br\/site\/doacao-de-orgaos-sera-facilitada-por-aplicativo\/","title":{"rendered":"Doa\u00e7\u00e3o de \u00f3rg\u00e3os ser\u00e1 facilitada por aplicativo"},"content":{"rendered":"\n<p class=\"has-medium-font-size\"><strong>Iniciativa apoiada pelo Minist\u00e9rio da Sa\u00fade tem objetivo de simplificar, de forma segura e legal, a doa\u00e7\u00e3o de \u00f3rg\u00e3os e tecidos de forma individual. A\u00e7\u00e3o \u00e9 coordenada pelo Conselho Nacional de Justi\u00e7a.<\/strong><\/p>\n\n\n\n<p><strong>Por Minist\u00e9rio da Sa\u00fade<\/strong><\/p>\n\n\n\n<figure class=\"wp-block-image aligncenter size-full\"><a href=\"https:\/\/i0.wp.com\/blogdoeloiltoncajuhy.com.br\/site\/wp-content\/uploads\/2024\/04\/Transplantes_Foto-Rafael-Nascimento-MS.jpeg?ssl=1\"><img data-recalc-dims=\"1\" fetchpriority=\"high\" decoding=\"async\" width=\"768\" height=\"354\" src=\"https:\/\/i0.wp.com\/blogdoeloiltoncajuhy.com.br\/site\/wp-content\/uploads\/2024\/04\/Transplantes_Foto-Rafael-Nascimento-MS.jpeg?resize=768%2C354&#038;ssl=1\" alt=\"\" class=\"wp-image-80057\" srcset=\"https:\/\/i0.wp.com\/blogdoeloiltoncajuhy.com.br\/site\/wp-content\/uploads\/2024\/04\/Transplantes_Foto-Rafael-Nascimento-MS.jpeg?w=768&amp;ssl=1 768w, https:\/\/i0.wp.com\/blogdoeloiltoncajuhy.com.br\/site\/wp-content\/uploads\/2024\/04\/Transplantes_Foto-Rafael-Nascimento-MS.jpeg?resize=300%2C138&amp;ssl=1 300w\" sizes=\"(max-width: 768px) 100vw, 768px\" \/><\/a><figcaption class=\"wp-element-caption\"><sub>Foto: Rafael Nascimento\/MS<\/sub><\/figcaption><\/figure>\n\n\n\n<p>A autoriza\u00e7\u00e3o por meio de uma plataforma eletr\u00f4nica para doa\u00e7\u00e3o de \u00f3rg\u00e3os e tecidos j\u00e1 \u00e9 realidade no Brasil e o Minist\u00e9rio da Sa\u00fade \u00e9 parceiro nesta nobre iniciativa coordenada pelo Conselho Nacional de Justi\u00e7a (CNJ) e o Cart\u00f3rio Notarial do Brasil. A manifesta\u00e7\u00e3o individual de doa\u00e7\u00e3o, a partir de agora, ficar\u00e1 registrada nos cart\u00f3rios nacionais por meio da implementa\u00e7\u00e3o da Autoriza\u00e7\u00e3o Eletr\u00f4nica de Doa\u00e7\u00e3o de \u00d3rg\u00e3os, Tecidos e Partes do Corpo Humano (AEDO). Quem quiser manifestar esta inten\u00e7\u00e3o, basta registr\u00e1-la no aplicativo ou no site <a href=\"http:\/\/www.aedo.org.br\/\"><strong><mark style=\"background-color:rgba(0, 0, 0, 0)\" class=\"has-inline-color has-vivid-cyan-blue-color\">www.aedo.org.br<\/mark><\/strong><\/a>.<\/p>\n\n\n\n<p>Presente no lan\u00e7amento da campanha \u201c<a href=\"https:\/\/www.cnj.jus.br\/campanhas-publicitarias\/um-so-coracao\/\"><strong><mark style=\"background-color:rgba(0, 0, 0, 0)\" class=\"has-inline-color has-vivid-cyan-blue-color\">Um s\u00f3 Cora\u00e7\u00e3o<\/mark><\/strong><\/a>\u201d, durante a 4\u00aa sess\u00e3o ordin\u00e1ria do CNJ, nesta ter\u00e7a-feira (2), a ministra da Sa\u00fade, N\u00edsia Trindade, celebrou a iniciativa enquanto uma forma respons\u00e1vel de acompanhar as permiss\u00f5es de acesso aos doadores junto a seus familiares. \u201cO SUS tem um dos sistemas de transplantes mais robustos do mundo, mas sabemos que ainda temos obst\u00e1culos para agilizar as doa\u00e7\u00f5es. Sem d\u00favida nenhuma, com a assinatura desse ato importante, poderemos contribuir para que o n\u00famero de doadores aumente, naquele momento t\u00e3o decisivo que \u00e9 a doa\u00e7\u00e3o individual\u201d, comemorou a ministra.<\/p>\n\n\n\n<p class=\"has-black-color has-text-color has-link-color has-medium-font-size wp-elements-3b65061a7dbad8efdedb8ff7ef74b8ef\"><strong>Aumento no n\u00famero de doadores em 2023<\/strong><\/p>\n\n\n\n<p>Por meio da Central Nacional de Doadores de \u00d3rg\u00e3os, ser\u00e1 poss\u00edvel consultar a autoriza\u00e7\u00e3o da pessoa falecida &#8211; com o n\u00famero do CPF &#8211; junto ao <a href=\"https:\/\/www.gov.br\/saude\/pt-br\/composicao\/saes\/snt\"><strong><mark style=\"background-color:rgba(0, 0, 0, 0)\" class=\"has-inline-color has-vivid-cyan-blue-color\">Sistema Nacional de Transplantes<\/mark><\/strong><\/a> (SNT), que \u00e9 ligado ao minist\u00e9rio.<\/p>\n\n\n\n<p>No ano de 2023, o SNT obteve excelentes resultados quanto ao n\u00famero de doadores efetivos de \u00f3rg\u00e3os e transplantes realizados, tanto em n\u00fameros absolutos quanto na taxa por milh\u00e3o de popula\u00e7\u00e3o (PMP). Dados do Minist\u00e9rio da Sa\u00fade mostram que, no ano passado, 14.138 potenciais doadores foram notificados, resultando em 4.129 doadores efetivos de \u00f3rg\u00e3os.<\/p>\n\n\n\n<p>O n\u00famero de potenciais doadores de \u00f3rg\u00e3os (termo aplicado ao indiv\u00edduo ap\u00f3s o primeiro exame cl\u00ednico do protocolo de diagn\u00f3stico de morte encef\u00e1lica) apresentou um crescimento de quase 7% no Brasil em rela\u00e7\u00e3o ao ano de 2022. Para o doador efetivo, cujo n\u00famero absoluto de doa\u00e7\u00f5es foi de 4.129, observou-se um aumento de quase 17% na quantidade quando comparado com o ano de 2022, que foi 3.522.<\/p>\n\n\n\n<p>Sobre a taxa de doa\u00e7\u00e3o por milh\u00e3o de popula\u00e7\u00e3o para o potencial doador de \u00f3rg\u00e3os, o Brasil alcan\u00e7ou o n\u00famero de 69,6 PMP. Para os doadores efetivos \u2013 n\u00famero fundamental para o SNT pois reflete a concretiza\u00e7\u00e3o das doa\u00e7\u00f5es para realiza\u00e7\u00e3o dos transplantes \u2013 a taxa PMP alcan\u00e7ou o n\u00famero de 20,3 doadores.<\/p>\n","protected":false},"excerpt":{"rendered":"<p>Iniciativa apoiada pelo Minist\u00e9rio da Sa\u00fade tem objetivo de simplificar, de forma segura e legal, a doa\u00e7\u00e3o de \u00f3rg\u00e3os e tecidos de forma individual. A\u00e7\u00e3o \u00e9 coordenada pelo Conselho Nacional de Justi\u00e7a. Por Minist\u00e9rio da Sa\u00fade A autoriza\u00e7\u00e3o por meio de uma plataforma eletr\u00f4nica para doa\u00e7\u00e3o de \u00f3rg\u00e3os e tecidos j\u00e1 \u00e9 realidade no Brasil [&hellip;]<\/p>\n","protected":false},"author":2,"featured_media":80057,"comment_status":"open","ping_status":"open","sticky":false,"template":"","format":"standard","meta":{"_acf_changed":false,"_monsterinsights_skip_tracking":false,"_monsterinsights_sitenote_active":false,"_monsterinsights_sitenote_note":"","_monsterinsights_sitenote_category":0,"_jetpack_memberships_contains_paid_content":false,"footnotes":"","jetpack_publicize_message":"","jetpack_publicize_feature_enabled":true,"jetpack_social_post_already_shared":true,"jetpack_social_options":{"image_generator_settings":{"template":"highway","default_image_id":0,"font":"","enabled":false},"version":2}},"categories":[7],"tags":[],"class_list":["post-80056","post","type-post","status-publish","format-standard","has-post-thumbnail","hentry","category-saude"],"acf":[],"jetpack_publicize_connections":[],"jetpack_featured_media_url":"https:\/\/i0.wp.com\/blogdoeloiltoncajuhy.com.br\/site\/wp-content\/uploads\/2024\/04\/Transplantes_Foto-Rafael-Nascimento-MS.jpeg?fit=768%2C354&ssl=1","jetpack_sharing_enabled":true,"publishpress_future_workflow_manual_trigger":{"enabledWorkflows":[]},"_links":{"self":[{"href":"https:\/\/blogdoeloiltoncajuhy.com.br\/site\/wp-json\/wp\/v2\/posts\/80056","targetHints":{"allow":["GET"]}}],"collection":[{"href":"https:\/\/blogdoeloiltoncajuhy.com.br\/site\/wp-json\/wp\/v2\/posts"}],"about":[{"href":"https:\/\/blogdoeloiltoncajuhy.com.br\/site\/wp-json\/wp\/v2\/types\/post"}],"author":[{"embeddable":true,"href":"https:\/\/blogdoeloiltoncajuhy.com.br\/site\/wp-json\/wp\/v2\/users\/2"}],"replies":[{"embeddable":true,"href":"https:\/\/blogdoeloiltoncajuhy.com.br\/site\/wp-json\/wp\/v2\/comments?post=80056"}],"version-history":[{"count":1,"href":"https:\/\/blogdoeloiltoncajuhy.com.br\/site\/wp-json\/wp\/v2\/posts\/80056\/revisions"}],"predecessor-version":[{"id":80058,"href":"https:\/\/blogdoeloiltoncajuhy.com.br\/site\/wp-json\/wp\/v2\/posts\/80056\/revisions\/80058"}],"wp:featuredmedia":[{"embeddable":true,"href":"https:\/\/blogdoeloiltoncajuhy.com.br\/site\/wp-json\/wp\/v2\/media\/80057"}],"wp:attachment":[{"href":"https:\/\/blogdoeloiltoncajuhy.com.br\/site\/wp-json\/wp\/v2\/media?parent=80056"}],"wp:term":[{"taxonomy":"category","embeddable":true,"href":"https:\/\/blogdoeloiltoncajuhy.com.br\/site\/wp-json\/wp\/v2\/categories?post=80056"},{"taxonomy":"post_tag","embeddable":true,"href":"https:\/\/blogdoeloiltoncajuhy.com.br\/site\/wp-json\/wp\/v2\/tags?post=80056"}],"curies":[{"name":"wp","href":"https:\/\/api.w.org\/{rel}","templated":true}]}}