{"id":80054,"date":"2024-04-04T08:13:40","date_gmt":"2024-04-04T11:13:40","guid":{"rendered":"https:\/\/blogdoeloiltoncajuhy.com.br\/site\/?p=80054"},"modified":"2024-04-04T08:13:43","modified_gmt":"2024-04-04T11:13:43","slug":"bahia-recebe-mais-de-r-13-milhoes-para-campanha-de-vacinacao-nas-escolas","status":"publish","type":"post","link":"https:\/\/blogdoeloiltoncajuhy.com.br\/site\/bahia-recebe-mais-de-r-13-milhoes-para-campanha-de-vacinacao-nas-escolas\/","title":{"rendered":"Bahia recebe mais de R$ 13 milh\u00f5es para campanha de vacina\u00e7\u00e3o nas escolas"},"content":{"rendered":"\n<p class=\"has-medium-font-size\"><strong>Iniciativa dos minist\u00e9rios da Sa\u00fade e Educa\u00e7\u00e3o, pactuada com estados e munic\u00edpios, vai atualizar a caderneta das pessoas com at\u00e9 15 anos de idade.<\/strong><\/p>\n\n\n\n<p><strong>Por Minist\u00e9rio da Sa\u00fade<\/strong><\/p>\n\n\n\n<figure class=\"wp-block-image aligncenter size-full is-resized\"><a href=\"https:\/\/i0.wp.com\/blogdoeloiltoncajuhy.com.br\/site\/wp-content\/uploads\/2023\/06\/Vacinacao-FotoFabio-Rodrigues-PozzebomAgencia-Brasil.jpg\"><img data-recalc-dims=\"1\" fetchpriority=\"high\" decoding=\"async\" width=\"500\" height=\"320\" src=\"https:\/\/i0.wp.com\/blogdoeloiltoncajuhy.com.br\/site\/wp-content\/uploads\/2023\/06\/Vacinacao-FotoFabio-Rodrigues-PozzebomAgencia-Brasil.jpg?resize=500%2C320\" alt=\"\" class=\"wp-image-74553\" style=\"width:722px;height:auto\" srcset=\"https:\/\/i0.wp.com\/blogdoeloiltoncajuhy.com.br\/site\/wp-content\/uploads\/2023\/06\/Vacinacao-FotoFabio-Rodrigues-PozzebomAgencia-Brasil.jpg?w=500&amp;ssl=1 500w, https:\/\/i0.wp.com\/blogdoeloiltoncajuhy.com.br\/site\/wp-content\/uploads\/2023\/06\/Vacinacao-FotoFabio-Rodrigues-PozzebomAgencia-Brasil.jpg?resize=300%2C192&amp;ssl=1 300w\" sizes=\"(max-width: 500px) 100vw, 500px\" \/><\/a><figcaption class=\"wp-element-caption\"><sub>Foto: Fabio Rodrigues Pozzebom\/Ag\u00eancia Brasil<\/sub><\/figcaption><\/figure>\n\n\n\n<p>O Minist\u00e9rio da Sa\u00fade destinou R$ 150 milh\u00f5es para estados e munic\u00edpios como incentivo financeiro excepcional e tempor\u00e1rio para custear a\u00e7\u00f5es de vacina\u00e7\u00e3o, incluindo a mobiliza\u00e7\u00e3o nas escolas. A Bahia vai receber R$ 967,4 mil para o desenvolvimento de estrat\u00e9gias, al\u00e9m de R$ 12 milh\u00f5es para 417 munic\u00edpios do estado. O calend\u00e1rio da vacina\u00e7\u00e3o nas escolas, pactuado com a representa\u00e7\u00e3o de todos os estados e munic\u00edpios em reuni\u00e3o da Comiss\u00e3o Intergestores Tripartite (CIT) vai at\u00e9 19 de abril. Os entes federativos podem optar por datas que julgarem mais oportunas para iniciar a mobiliza\u00e7\u00e3o.<\/p>\n\n\n\n<p>A a\u00e7\u00e3o, realizada em conjunto pelos minist\u00e9rios da Sa\u00fade e Educa\u00e7\u00e3o, faz parte do Programa Sa\u00fade na Escola (PSE). A ideia \u00e9 atualizar a caderneta de crian\u00e7as e adolescentes, menores de 15 anos, com todos os imunizantes ofertados na multivacina\u00e7\u00e3o infantil. Vacinas contra poliomielite, febre amarela, meningite ACWY e a tr\u00edplice viral (sarampo, caxumba e rub\u00e9ola) s\u00e3o alguns dos destaques para a faixa et\u00e1ria.<\/p>\n\n\n\n<p><a href=\"https:\/\/www.gov.br\/saude\/pt-br\/assuntos\/noticias-para-os-estados\/bahia\/2024\/abril\/bahia-recebe-mais-de-r-13-milhoes-para-campanha-de-vacinacao-nas-escolas\/recursos-vacinacao-nas-escolas-bahia.xlsx\" data-type=\"link\" data-id=\"https:\/\/www.gov.br\/saude\/pt-br\/assuntos\/noticias-para-os-estados\/bahia\/2024\/abril\/bahia-recebe-mais-de-r-13-milhoes-para-campanha-de-vacinacao-nas-escolas\/recursos-vacinacao-nas-escolas-bahia.xlsx\"><strong><mark style=\"background-color:rgba(0, 0, 0, 0)\" class=\"has-inline-color has-vivid-red-color\">Confira o valor destinado para cada munic\u00edpio da Bahia<\/mark><\/strong><\/a><\/p>\n\n\n\n<p>Com base nos resultados de 2023, ofertar a aplica\u00e7\u00e3o de doses no ambiente escolar \u00e9 uma importante estrat\u00e9gia para retomar as altas coberturas vacinais. No ano passado, quase 4 mil cidades brasileiras adotaram a estrat\u00e9gia e viram resultados positivos, especialmente na vacina contra o HPV que teve aumento de 30% na cobertura em rela\u00e7\u00e3o a 2022.<\/p>\n\n\n\n<p class=\"has-black-color has-text-color has-link-color has-medium-font-size wp-elements-f18f19975cf77c0f46838794ac3df1b4\"><strong>Ades\u00e3o recorde ao Programa Sa\u00fade na Escola<\/strong><\/p>\n\n\n\n<p>Quase 100% das cidades brasileiras manifestaram interesse em participar do PSE neste ano, com ades\u00e3o de 5.506 munic\u00edpios. Isso significa que as a\u00e7\u00f5es chegar\u00e3o a mais de 25 milh\u00f5es de estudantes em cerca de 100 mil escolas de todas as regi\u00f5es do pa\u00eds, sendo 11.008 na Bahia. Estes locais v\u00e3o receber os recursos do ciclo 2023\/2024 do programa, que ultrapassam os R$ 90 milh\u00f5es.<\/p>\n\n\n\n<p>Al\u00e9m da atualiza\u00e7\u00e3o da caderneta de vacina, a estrat\u00e9gia promove outras a\u00e7\u00f5es de sa\u00fade e educa\u00e7\u00e3o integral, visando melhorar a sa\u00fade dos educandos, reduzir a evas\u00e3o escolar e a intermit\u00eancia de frequ\u00eancia por problemas de sa\u00fade, al\u00e9m de refor\u00e7ar os compromissos e pactos estabelecidos por ambos os setores.<\/p>\n\n\n\n<p>Em 2023, o governo federal ampliou pol\u00edticas que n\u00e3o foram abordadas pela gest\u00e3o anterior, retomando tem\u00e1ticas como preven\u00e7\u00e3o de viol\u00eancias e acidentes, promo\u00e7\u00e3o da cultura de paz e direitos humanos, sa\u00fade sexual e reprodutiva, al\u00e9m de preven\u00e7\u00e3o de HIV\/IST nas escolas.<\/p>\n\n\n\n<p><a href=\"https:\/\/www.gov.br\/saude\/pt-br\/campanhas-da-saude\/2023\/vacinacao\/vacinacao-nas-escolas\"><strong><mark style=\"background-color:rgba(0, 0, 0, 0)\" class=\"has-inline-color has-vivid-red-color\">Conhe\u00e7a a a\u00e7\u00e3o de Vacina\u00e7\u00e3o nas Escolas do Movimento Nacional pela Vacina\u00e7\u00e3o<\/mark><\/strong><\/a><\/p>\n\n\n\n<p><a href=\"https:\/\/www.gov.br\/saude\/pt-br\/vacinacao\/publicacoes\/estrategia-vacinacao-na-escola\"><strong><mark style=\"background-color:rgba(0, 0, 0, 0)\" class=\"has-inline-color has-vivid-red-color\">Conhe\u00e7a a estrat\u00e9gia de Vacina\u00e7\u00e3o na Escola<\/mark><\/strong><\/a><\/p>\n","protected":false},"excerpt":{"rendered":"<p>Iniciativa dos minist\u00e9rios da Sa\u00fade e Educa\u00e7\u00e3o, pactuada com estados e munic\u00edpios, vai atualizar a caderneta das pessoas com at\u00e9 15 anos de idade. Por Minist\u00e9rio da Sa\u00fade O Minist\u00e9rio da Sa\u00fade destinou R$ 150 milh\u00f5es para estados e munic\u00edpios como incentivo financeiro excepcional e tempor\u00e1rio para custear a\u00e7\u00f5es de vacina\u00e7\u00e3o, incluindo a mobiliza\u00e7\u00e3o nas [&hellip;]<\/p>\n","protected":false},"author":2,"featured_media":74166,"comment_status":"open","ping_status":"open","sticky":false,"template":"","format":"standard","meta":{"_acf_changed":false,"_monsterinsights_skip_tracking":false,"_monsterinsights_sitenote_active":false,"_monsterinsights_sitenote_note":"","_monsterinsights_sitenote_category":0,"_jetpack_memberships_contains_paid_content":false,"footnotes":"","jetpack_publicize_message":"","jetpack_publicize_feature_enabled":true,"jetpack_social_post_already_shared":true,"jetpack_social_options":{"image_generator_settings":{"template":"highway","default_image_id":0,"font":"","enabled":false},"version":2}},"categories":[7],"tags":[],"class_list":["post-80054","post","type-post","status-publish","format-standard","has-post-thumbnail","hentry","category-saude"],"acf":[],"jetpack_publicize_connections":[],"jetpack_featured_media_url":"https:\/\/i0.wp.com\/blogdoeloiltoncajuhy.com.br\/site\/wp-content\/uploads\/2023\/05\/vacina-gripe-influenza-foto_Jose-Lucena-The-News-2-Estadao-Conteudo.webp?fit=876%2C484&ssl=1","jetpack_sharing_enabled":true,"publishpress_future_workflow_manual_trigger":{"enabledWorkflows":[]},"_links":{"self":[{"href":"https:\/\/blogdoeloiltoncajuhy.com.br\/site\/wp-json\/wp\/v2\/posts\/80054","targetHints":{"allow":["GET"]}}],"collection":[{"href":"https:\/\/blogdoeloiltoncajuhy.com.br\/site\/wp-json\/wp\/v2\/posts"}],"about":[{"href":"https:\/\/blogdoeloiltoncajuhy.com.br\/site\/wp-json\/wp\/v2\/types\/post"}],"author":[{"embeddable":true,"href":"https:\/\/blogdoeloiltoncajuhy.com.br\/site\/wp-json\/wp\/v2\/users\/2"}],"replies":[{"embeddable":true,"href":"https:\/\/blogdoeloiltoncajuhy.com.br\/site\/wp-json\/wp\/v2\/comments?post=80054"}],"version-history":[{"count":1,"href":"https:\/\/blogdoeloiltoncajuhy.com.br\/site\/wp-json\/wp\/v2\/posts\/80054\/revisions"}],"predecessor-version":[{"id":80055,"href":"https:\/\/blogdoeloiltoncajuhy.com.br\/site\/wp-json\/wp\/v2\/posts\/80054\/revisions\/80055"}],"wp:featuredmedia":[{"embeddable":true,"href":"https:\/\/blogdoeloiltoncajuhy.com.br\/site\/wp-json\/wp\/v2\/media\/74166"}],"wp:attachment":[{"href":"https:\/\/blogdoeloiltoncajuhy.com.br\/site\/wp-json\/wp\/v2\/media?parent=80054"}],"wp:term":[{"taxonomy":"category","embeddable":true,"href":"https:\/\/blogdoeloiltoncajuhy.com.br\/site\/wp-json\/wp\/v2\/categories?post=80054"},{"taxonomy":"post_tag","embeddable":true,"href":"https:\/\/blogdoeloiltoncajuhy.com.br\/site\/wp-json\/wp\/v2\/tags?post=80054"}],"curies":[{"name":"wp","href":"https:\/\/api.w.org\/{rel}","templated":true}]}}