{"id":80046,"date":"2024-04-03T16:28:18","date_gmt":"2024-04-03T19:28:18","guid":{"rendered":"https:\/\/blogdoeloiltoncajuhy.com.br\/site\/?p=80046"},"modified":"2024-04-03T16:28:21","modified_gmt":"2024-04-03T19:28:21","slug":"arbitros-ramon-abatti-e-edina-alves-vao-apitar-futebol-nas-olimpiadas","status":"publish","type":"post","link":"https:\/\/blogdoeloiltoncajuhy.com.br\/site\/arbitros-ramon-abatti-e-edina-alves-vao-apitar-futebol-nas-olimpiadas\/","title":{"rendered":"\u00c1rbitros Ramon Abatti e Edina Alves v\u00e3o apitar futebol nas Olimp\u00edadas"},"content":{"rendered":"\n<p class=\"has-medium-font-size\"><strong>Brasileiros s\u00e3o anunciados pela Fifa na arbitragem dos Jogos Ol\u00edmpicos de Paris. Cinco assistentes tamb\u00e9m representar\u00e3o o Brasil.<\/strong><\/p>\n\n\n\n<p><strong>Por Reda\u00e7\u00e3o do ge<\/strong> \u2014 Paris, Fran\u00e7a<\/p>\n\n\n\n<figure class=\"wp-block-gallery aligncenter has-nested-images columns-default is-cropped wp-block-gallery-1 is-layout-flex wp-block-gallery-is-layout-flex\">\n<figure class=\"wp-block-image size-large\"><a href=\"https:\/\/i0.wp.com\/blogdoeloiltoncajuhy.com.br\/site\/wp-content\/uploads\/2024\/04\/Edina-Alves-Batista-atua-na-federacao-paulista-%E2%80%94-Foto-Cesar-Greco-Palmeiras.jpeg?ssl=1\"><img data-recalc-dims=\"1\" fetchpriority=\"high\" decoding=\"async\" width=\"700\" height=\"394\" data-id=\"80047\" src=\"https:\/\/i0.wp.com\/blogdoeloiltoncajuhy.com.br\/site\/wp-content\/uploads\/2024\/04\/Edina-Alves-Batista-atua-na-federacao-paulista-%E2%80%94-Foto-Cesar-Greco-Palmeiras.jpeg?resize=700%2C394&#038;ssl=1\" alt=\"\" class=\"wp-image-80047\" srcset=\"https:\/\/i0.wp.com\/blogdoeloiltoncajuhy.com.br\/site\/wp-content\/uploads\/2024\/04\/Edina-Alves-Batista-atua-na-federacao-paulista-%E2%80%94-Foto-Cesar-Greco-Palmeiras.jpeg?w=700&amp;ssl=1 700w, https:\/\/i0.wp.com\/blogdoeloiltoncajuhy.com.br\/site\/wp-content\/uploads\/2024\/04\/Edina-Alves-Batista-atua-na-federacao-paulista-%E2%80%94-Foto-Cesar-Greco-Palmeiras.jpeg?resize=300%2C169&amp;ssl=1 300w\" sizes=\"(max-width: 700px) 100vw, 700px\" \/><\/a><figcaption class=\"wp-element-caption\"><sub>Paranaense Edina Alves Batista atua na federa\u00e7\u00e3o paulista e j\u00e1 apitou duas Copas do Mundo femininas \u2014 Foto: Cesar Greco\/Palmeiras<\/sub><\/figcaption><\/figure>\n\n\n\n<figure class=\"wp-block-image size-large\"><a href=\"https:\/\/i0.wp.com\/blogdoeloiltoncajuhy.com.br\/site\/wp-content\/uploads\/2024\/04\/Ramon-Abatti-Abel-arbitro-Fifa-de-Santa-Catarina-%E2%80%94-Foto-Gilson-Lobo-AGIF.jpeg?ssl=1\"><img data-recalc-dims=\"1\" decoding=\"async\" width=\"700\" height=\"467\" data-id=\"80048\" src=\"https:\/\/i0.wp.com\/blogdoeloiltoncajuhy.com.br\/site\/wp-content\/uploads\/2024\/04\/Ramon-Abatti-Abel-arbitro-Fifa-de-Santa-Catarina-%E2%80%94-Foto-Gilson-Lobo-AGIF.jpeg?resize=700%2C467&#038;ssl=1\" alt=\"\" class=\"wp-image-80048\" srcset=\"https:\/\/i0.wp.com\/blogdoeloiltoncajuhy.com.br\/site\/wp-content\/uploads\/2024\/04\/Ramon-Abatti-Abel-arbitro-Fifa-de-Santa-Catarina-%E2%80%94-Foto-Gilson-Lobo-AGIF.jpeg?w=700&amp;ssl=1 700w, https:\/\/i0.wp.com\/blogdoeloiltoncajuhy.com.br\/site\/wp-content\/uploads\/2024\/04\/Ramon-Abatti-Abel-arbitro-Fifa-de-Santa-Catarina-%E2%80%94-Foto-Gilson-Lobo-AGIF.jpeg?resize=300%2C200&amp;ssl=1 300w\" sizes=\"(max-width: 700px) 100vw, 700px\" \/><\/a><figcaption class=\"wp-element-caption\"><sub>Ramon Abatti Abel, \u00e1rbitro Fifa de Santa Catarina \u2014 Foto: Gilson Lobo\/AGIF<\/sub><\/figcaption><\/figure>\n<\/figure>\n\n\n\n<p>A Fifa anunciou o quadro de arbitragem para o futebol nos Jogos Ol\u00edmpicos de Paris, em julho deste ano. O Brasil ser\u00e1 representado por dois \u00e1rbitros: o catarinense <strong><mark style=\"background-color:rgba(0, 0, 0, 0)\" class=\"has-inline-color has-black-color\">Ramon Abatti Abel<\/mark><\/strong> e a paranaense <strong><mark style=\"background-color:rgba(0, 0, 0, 0)\" class=\"has-inline-color has-black-color\">Edina Alves<\/mark><\/strong>, que atua na federa\u00e7\u00e3o paulista.<\/p>\n\n\n\n<p>Cinco assistentes brasileiros tamb\u00e9m foram confirmados nas Olimp\u00edadas: <strong><mark style=\"background-color:rgba(0, 0, 0, 0)\" class=\"has-inline-color has-black-color\">Rafael Alves<\/mark><\/strong>, do Rio Grande do Sul, <strong><mark style=\"background-color:rgba(0, 0, 0, 0)\" class=\"has-inline-color has-black-color\">Neuza In\u00eas Back<\/mark><\/strong>, de Santa Catarina, <strong><mark style=\"background-color:rgba(0, 0, 0, 0)\" class=\"has-inline-color has-black-color\">Fabrini Bevilaqua<\/mark><\/strong>, de S\u00e3o Paulo, <strong><mark style=\"background-color:rgba(0, 0, 0, 0)\" class=\"has-inline-color has-black-color\">Guilherme Dias Camilo<\/mark><\/strong>, de Minas Gerais, e a tamb\u00e9m paulista <strong><mark style=\"background-color:rgba(0, 0, 0, 0)\" class=\"has-inline-color has-black-color\">Daiane Muniz<\/mark><\/strong>, que trabalhar\u00e1 no VAR.<\/p>\n\n\n\n<p>Na \u00faltima Copa do Mundo feminina, no ano passado, Edina Alves atuou em sua segunda edi\u00e7\u00e3o do torneio. Ela soma oito jogos em Mundiais, ultrapassando Carlos Eug\u00eanio Simon (com sete), sendo a brasileira com mais partidas apitadas em Copas do Mundo.<\/p>\n\n\n\n<p>Neuza In\u00eas Back igualou o ex-\u00e1rbitro brasileiro, tendo no curr\u00edculo tr\u00eas Mundiais. Ramon Abatti Abel tem se destacado nos \u00faltimos anos no cen\u00e1rio nacional e internacional. Em agosto do ano passado, foi convidado para apitar jogo entre Al-Hilal e Al-Ettifaq no Campeonato Saudita.<\/p>\n\n\n\n<p>Sete cidades francesas recebem os torneios Ol\u00edmpicos masculino e feminino, a partir de dois dias antes da Cerim\u00f4nia de Abertura. O esporte mais popular do planeta ser\u00e1 disputado entre os dias 24 de julho e 10 de agosto nas Olimp\u00edadas. N\u00e3o classificado entre os homens, o Brasil j\u00e1 tem grupo definido no torneio feminino.<\/p>\n","protected":false},"excerpt":{"rendered":"<p>Brasileiros s\u00e3o anunciados pela Fifa na arbitragem dos Jogos Ol\u00edmpicos de Paris. Cinco assistentes tamb\u00e9m representar\u00e3o o Brasil. Por Reda\u00e7\u00e3o do ge \u2014 Paris, Fran\u00e7a A Fifa anunciou o quadro de arbitragem para o futebol nos Jogos Ol\u00edmpicos de Paris, em julho deste ano. O Brasil ser\u00e1 representado por dois \u00e1rbitros: o catarinense Ramon Abatti [&hellip;]<\/p>\n","protected":false},"author":2,"featured_media":80049,"comment_status":"open","ping_status":"open","sticky":false,"template":"","format":"standard","meta":{"_acf_changed":false,"_monsterinsights_skip_tracking":false,"_monsterinsights_sitenote_active":false,"_monsterinsights_sitenote_note":"","_monsterinsights_sitenote_category":0,"_jetpack_memberships_contains_paid_content":false,"footnotes":"","jetpack_publicize_message":"","jetpack_publicize_feature_enabled":true,"jetpack_social_post_already_shared":true,"jetpack_social_options":{"image_generator_settings":{"template":"highway","default_image_id":0,"font":"","enabled":false},"version":2}},"categories":[6],"tags":[],"class_list":["post-80046","post","type-post","status-publish","format-standard","has-post-thumbnail","hentry","category-esportes"],"acf":[],"jetpack_publicize_connections":[],"jetpack_featured_media_url":"https:\/\/i0.wp.com\/blogdoeloiltoncajuhy.com.br\/site\/wp-content\/uploads\/2024\/04\/Olimpiadas_030424-reproducao-Exame.jpeg?fit=700%2C472&ssl=1","jetpack_sharing_enabled":true,"publishpress_future_workflow_manual_trigger":{"enabledWorkflows":[]},"_links":{"self":[{"href":"https:\/\/blogdoeloiltoncajuhy.com.br\/site\/wp-json\/wp\/v2\/posts\/80046","targetHints":{"allow":["GET"]}}],"collection":[{"href":"https:\/\/blogdoeloiltoncajuhy.com.br\/site\/wp-json\/wp\/v2\/posts"}],"about":[{"href":"https:\/\/blogdoeloiltoncajuhy.com.br\/site\/wp-json\/wp\/v2\/types\/post"}],"author":[{"embeddable":true,"href":"https:\/\/blogdoeloiltoncajuhy.com.br\/site\/wp-json\/wp\/v2\/users\/2"}],"replies":[{"embeddable":true,"href":"https:\/\/blogdoeloiltoncajuhy.com.br\/site\/wp-json\/wp\/v2\/comments?post=80046"}],"version-history":[{"count":1,"href":"https:\/\/blogdoeloiltoncajuhy.com.br\/site\/wp-json\/wp\/v2\/posts\/80046\/revisions"}],"predecessor-version":[{"id":80050,"href":"https:\/\/blogdoeloiltoncajuhy.com.br\/site\/wp-json\/wp\/v2\/posts\/80046\/revisions\/80050"}],"wp:featuredmedia":[{"embeddable":true,"href":"https:\/\/blogdoeloiltoncajuhy.com.br\/site\/wp-json\/wp\/v2\/media\/80049"}],"wp:attachment":[{"href":"https:\/\/blogdoeloiltoncajuhy.com.br\/site\/wp-json\/wp\/v2\/media?parent=80046"}],"wp:term":[{"taxonomy":"category","embeddable":true,"href":"https:\/\/blogdoeloiltoncajuhy.com.br\/site\/wp-json\/wp\/v2\/categories?post=80046"},{"taxonomy":"post_tag","embeddable":true,"href":"https:\/\/blogdoeloiltoncajuhy.com.br\/site\/wp-json\/wp\/v2\/tags?post=80046"}],"curies":[{"name":"wp","href":"https:\/\/api.w.org\/{rel}","templated":true}]}}