{"id":80043,"date":"2024-04-03T15:36:58","date_gmt":"2024-04-03T18:36:58","guid":{"rendered":"https:\/\/blogdoeloiltoncajuhy.com.br\/site\/?p=80043"},"modified":"2024-04-03T15:37:00","modified_gmt":"2024-04-03T18:37:00","slug":"bahia-estara-presente-na-maior-feira-de-fruticultura-da-america-latina","status":"publish","type":"post","link":"https:\/\/blogdoeloiltoncajuhy.com.br\/site\/bahia-estara-presente-na-maior-feira-de-fruticultura-da-america-latina\/","title":{"rendered":"Bahia estar\u00e1 presente na maior feira de fruticultura da Am\u00e9rica Latina"},"content":{"rendered":"\n<p class=\"has-medium-font-size\"><strong>Bahia na Fruit Attraction: Diversidade frut\u00edfera e oportunidades de neg\u00f3cio<\/strong><\/p>\n\n\n\n<p><strong>Ascom\/SDR<\/strong><\/p>\n\n\n\n<figure class=\"wp-block-image aligncenter size-full\"><a href=\"https:\/\/i0.wp.com\/blogdoeloiltoncajuhy.com.br\/site\/wp-content\/uploads\/2024\/04\/GOVBA_Foto-Divulgacao-Fruit.jpeg?ssl=1\"><img data-recalc-dims=\"1\" fetchpriority=\"high\" decoding=\"async\" width=\"700\" height=\"466\" src=\"https:\/\/i0.wp.com\/blogdoeloiltoncajuhy.com.br\/site\/wp-content\/uploads\/2024\/04\/GOVBA_Foto-Divulgacao-Fruit.jpeg?resize=700%2C466&#038;ssl=1\" alt=\"\" class=\"wp-image-80044\" srcset=\"https:\/\/i0.wp.com\/blogdoeloiltoncajuhy.com.br\/site\/wp-content\/uploads\/2024\/04\/GOVBA_Foto-Divulgacao-Fruit.jpeg?w=700&amp;ssl=1 700w, https:\/\/i0.wp.com\/blogdoeloiltoncajuhy.com.br\/site\/wp-content\/uploads\/2024\/04\/GOVBA_Foto-Divulgacao-Fruit.jpeg?resize=300%2C200&amp;ssl=1 300w\" sizes=\"(max-width: 700px) 100vw, 700px\" \/><\/a><figcaption class=\"wp-element-caption\"><sub>Foto: Divulga\u00e7\u00e3o\/Fruit<\/sub><\/figcaption><\/figure>\n\n\n\n<p>Com expressiva produ\u00e7\u00e3o e diversidade de produtos provenientes de frutas, a Bahia estar\u00e1 marcando presen\u00e7a na \u2018Fruit Attraction\u2019, a maior feira de fruticultura da Am\u00e9rica Latina, que acontece entre os dias 16 a 18 de abril de 2024, em S\u00e3o Paulo. Em sua primeira edi\u00e7\u00e3o no Brasil, o evento pretende reunir 150 compradores internacionais.<\/p>\n\n\n\n<p>Os exportadores ter\u00e3o a oportunidade de conferir, al\u00e9m das frutas in natura, cervejas de umbu, caj\u00e1 e caju, caf\u00e9s em gr\u00e3os e mo\u00eddos, bombons de chocolates recheados com frutas, palmito, pastas de caju, geleias, mix de frutas desidratadas, doces e outros produtos feitos por fam\u00edlias agricultoras baianas.<\/p>\n\n\n\n<p>A feira promete oferecer \u00e0 capital paulista um ambiente prop\u00edcio para a expans\u00e3o de neg\u00f3cios, proporcionando oportunidades de networking e de troca de conhecimentos, tecnologias e tend\u00eancias que impulsionam a ind\u00fastria de frutas e vegetais a n\u00edvel global. L\u00e1, o Governo do Estado estar\u00e1 representado pelas Secretarias do Desenvolvimento Rural (SDR), da Agricultura, Pecu\u00e1ria, Irriga\u00e7\u00e3o, Pesca e Aquicultura (Seagri) e do Turismo (Setur-BA).<\/p>\n\n\n\n<p class=\"has-black-color has-text-color has-link-color has-medium-font-size wp-elements-aaa3f32d32bd42c7e178dc99da9a2b71\"><strong>Fruticultura na Bahia<\/strong><\/p>\n\n\n\n<p>Com investimento de R$ 4 bilh\u00f5es na agricultura familiar, hoje a Bahia possui uma rede de mais de 400 agroind\u00fastrias, respons\u00e1veis por beneficiar e diversificar frutas. No ramo da fruticultura, o governo, atrav\u00e9s da SDR, por meio da Companhia de Desenvolvimento e A\u00e7\u00e3o Regional (CAR), fez revolu\u00e7\u00e3o, com melhorias que v\u00e3o desde a base produtiva, at\u00e9 constru\u00e7\u00f5es de unidades de beneficiamento, fortalecimento de produ\u00e7\u00e3o, agrega\u00e7\u00e3o de valor e acesso \u00e0 mercados.<\/p>\n\n\n\n<p>No agroneg\u00f3cio, os investimentos possibilitaram uma marca recorde de exporta\u00e7\u00f5es de frutas in natura: em 2023, R$ 1,2 bilh\u00e3o foi movimentado principalmente com exporta\u00e7\u00f5es de uva e manga. Anualmente, o Estado produz cerca de 3,5 milh\u00f5es de toneladas de frutas, com possibilidade de duas ou mais colheitas. As regi\u00f5es produtoras contam com as certifica\u00e7\u00f5es de conformidades adotadas pelos mais exigentes mercados do mundo.<\/p>\n\n\n\n<p class=\"has-black-color has-text-color has-link-color has-medium-font-size wp-elements-2aa0e46dac972d3f20d2e2d4bca3b8dc\"><strong><em>Servi\u00e7o<\/em><\/strong><\/p>\n\n\n\n<p><strong><mark style=\"background-color:rgba(0, 0, 0, 0)\" class=\"has-inline-color has-black-color\">Data:<\/mark><\/strong> 16 a 18 de abril de 2024<br><strong><mark style=\"background-color:rgba(0, 0, 0, 0)\" class=\"has-inline-color has-black-color\">Hor\u00e1rio:<\/mark><\/strong> das 10h \u00e0s 18h<br><strong><mark style=\"background-color:rgba(0, 0, 0, 0)\" class=\"has-inline-color has-black-color\">Local:<\/mark><\/strong> S\u00e3o Paulo Expo Exhibition &amp; Convention Center<br><strong><mark style=\"background-color:rgba(0, 0, 0, 0)\" class=\"has-inline-color has-black-color\">Endere\u00e7o:<\/mark><\/strong> Rodovia dos Imigrantes, 1,5 km \u2013 Vila \u00c1gua Funda, S\u00e3o Paulo \u2013 SP<\/p>\n","protected":false},"excerpt":{"rendered":"<p>Bahia na Fruit Attraction: Diversidade frut\u00edfera e oportunidades de neg\u00f3cio Ascom\/SDR Com expressiva produ\u00e7\u00e3o e diversidade de produtos provenientes de frutas, a Bahia estar\u00e1 marcando presen\u00e7a na \u2018Fruit Attraction\u2019, a maior feira de fruticultura da Am\u00e9rica Latina, que acontece entre os dias 16 a 18 de abril de 2024, em S\u00e3o Paulo. Em sua primeira [&hellip;]<\/p>\n","protected":false},"author":2,"featured_media":80044,"comment_status":"open","ping_status":"open","sticky":false,"template":"","format":"standard","meta":{"_acf_changed":false,"_monsterinsights_skip_tracking":false,"_monsterinsights_sitenote_active":false,"_monsterinsights_sitenote_note":"","_monsterinsights_sitenote_category":0,"_jetpack_memberships_contains_paid_content":false,"footnotes":"","jetpack_publicize_message":"","jetpack_publicize_feature_enabled":true,"jetpack_social_post_already_shared":true,"jetpack_social_options":{"image_generator_settings":{"template":"highway","default_image_id":0,"font":"","enabled":false},"version":2}},"categories":[31],"tags":[],"class_list":["post-80043","post","type-post","status-publish","format-standard","has-post-thumbnail","hentry","category-economia"],"acf":[],"jetpack_publicize_connections":[],"jetpack_featured_media_url":"https:\/\/i0.wp.com\/blogdoeloiltoncajuhy.com.br\/site\/wp-content\/uploads\/2024\/04\/GOVBA_Foto-Divulgacao-Fruit.jpeg?fit=700%2C466&ssl=1","jetpack_sharing_enabled":true,"publishpress_future_workflow_manual_trigger":{"enabledWorkflows":[]},"_links":{"self":[{"href":"https:\/\/blogdoeloiltoncajuhy.com.br\/site\/wp-json\/wp\/v2\/posts\/80043","targetHints":{"allow":["GET"]}}],"collection":[{"href":"https:\/\/blogdoeloiltoncajuhy.com.br\/site\/wp-json\/wp\/v2\/posts"}],"about":[{"href":"https:\/\/blogdoeloiltoncajuhy.com.br\/site\/wp-json\/wp\/v2\/types\/post"}],"author":[{"embeddable":true,"href":"https:\/\/blogdoeloiltoncajuhy.com.br\/site\/wp-json\/wp\/v2\/users\/2"}],"replies":[{"embeddable":true,"href":"https:\/\/blogdoeloiltoncajuhy.com.br\/site\/wp-json\/wp\/v2\/comments?post=80043"}],"version-history":[{"count":1,"href":"https:\/\/blogdoeloiltoncajuhy.com.br\/site\/wp-json\/wp\/v2\/posts\/80043\/revisions"}],"predecessor-version":[{"id":80045,"href":"https:\/\/blogdoeloiltoncajuhy.com.br\/site\/wp-json\/wp\/v2\/posts\/80043\/revisions\/80045"}],"wp:featuredmedia":[{"embeddable":true,"href":"https:\/\/blogdoeloiltoncajuhy.com.br\/site\/wp-json\/wp\/v2\/media\/80044"}],"wp:attachment":[{"href":"https:\/\/blogdoeloiltoncajuhy.com.br\/site\/wp-json\/wp\/v2\/media?parent=80043"}],"wp:term":[{"taxonomy":"category","embeddable":true,"href":"https:\/\/blogdoeloiltoncajuhy.com.br\/site\/wp-json\/wp\/v2\/categories?post=80043"},{"taxonomy":"post_tag","embeddable":true,"href":"https:\/\/blogdoeloiltoncajuhy.com.br\/site\/wp-json\/wp\/v2\/tags?post=80043"}],"curies":[{"name":"wp","href":"https:\/\/api.w.org\/{rel}","templated":true}]}}