{"id":80038,"date":"2024-04-03T08:52:16","date_gmt":"2024-04-03T11:52:16","guid":{"rendered":"https:\/\/blogdoeloiltoncajuhy.com.br\/site\/?p=80038"},"modified":"2024-04-03T08:52:19","modified_gmt":"2024-04-03T11:52:19","slug":"associacao-agricola-de-carrapichel-inicia-preparacao-de-terras-para-o-plantio-2024","status":"publish","type":"post","link":"https:\/\/blogdoeloiltoncajuhy.com.br\/site\/associacao-agricola-de-carrapichel-inicia-preparacao-de-terras-para-o-plantio-2024\/","title":{"rendered":"Associa\u00e7\u00e3o Agr\u00edcola de Carrapichel inicia prepara\u00e7\u00e3o de terras para o plantio 2024"},"content":{"rendered":"\n<p><strong>Blog do Eloilton Cajuhy<\/strong><\/p>\n\n\n\n<figure class=\"wp-block-image aligncenter size-full\"><a href=\"https:\/\/i0.wp.com\/blogdoeloiltoncajuhy.com.br\/site\/wp-content\/uploads\/2024\/04\/Trator_Carrapichel.jpg?ssl=1\"><img data-recalc-dims=\"1\" fetchpriority=\"high\" decoding=\"async\" width=\"700\" height=\"390\" src=\"https:\/\/i0.wp.com\/blogdoeloiltoncajuhy.com.br\/site\/wp-content\/uploads\/2024\/04\/Trator_Carrapichel.jpg?resize=700%2C390&#038;ssl=1\" alt=\"\" class=\"wp-image-80039\" srcset=\"https:\/\/i0.wp.com\/blogdoeloiltoncajuhy.com.br\/site\/wp-content\/uploads\/2024\/04\/Trator_Carrapichel.jpg?w=700&amp;ssl=1 700w, https:\/\/i0.wp.com\/blogdoeloiltoncajuhy.com.br\/site\/wp-content\/uploads\/2024\/04\/Trator_Carrapichel.jpg?resize=300%2C167&amp;ssl=1 300w\" sizes=\"(max-width: 700px) 100vw, 700px\" \/><\/a><figcaption class=\"wp-element-caption\"><sub>Reprodu\u00e7\u00e3o<\/sub><\/figcaption><\/figure>\n\n\n\n<p>A Associa\u00e7\u00e3o Agr\u00edcola, Esportiva, Cultural e Radiodifus\u00e3o dos Pequenos Agricultores Familiares de Carrapichel e Adjac\u00eancias, iniciou os trabalhos de prepara\u00e7\u00e3o de terras para o plantio 2024.<\/p>\n\n\n\n<p>Em mar\u00e7o, a referida associa\u00e7\u00e3o recebeu da Companhia de Desenvolvimento e A\u00e7\u00e3o Regional &#8211; CAR, um trator agr\u00edcola e todos os seus implementos, fruto das emendas parlamentares do Deputado Federal Josias Gomes, atendendo solicita\u00e7\u00e3o do vereador Herm\u00f3genes Almeida.<\/p>\n\n\n\n<p>&#8220;Fico feliz e entusiasmado com essa conquista, e continuarei na luta por direitos, especialmente para aqueles e aquelas que mais precisam&#8221;, disse o vereador.<\/p>\n","protected":false},"excerpt":{"rendered":"<p>Blog do Eloilton Cajuhy A Associa\u00e7\u00e3o Agr\u00edcola, Esportiva, Cultural e Radiodifus\u00e3o dos Pequenos Agricultores Familiares de Carrapichel e Adjac\u00eancias, iniciou os trabalhos de prepara\u00e7\u00e3o de terras para o plantio 2024. Em mar\u00e7o, a referida associa\u00e7\u00e3o recebeu da Companhia de Desenvolvimento e A\u00e7\u00e3o Regional &#8211; CAR, um trator agr\u00edcola e todos os seus implementos, fruto das [&hellip;]<\/p>\n","protected":false},"author":2,"featured_media":80039,"comment_status":"open","ping_status":"open","sticky":false,"template":"","format":"standard","meta":{"_acf_changed":false,"_monsterinsights_skip_tracking":false,"_monsterinsights_sitenote_active":false,"_monsterinsights_sitenote_note":"","_monsterinsights_sitenote_category":0,"_jetpack_memberships_contains_paid_content":false,"footnotes":"","jetpack_publicize_message":"","jetpack_publicize_feature_enabled":true,"jetpack_social_post_already_shared":true,"jetpack_social_options":{"image_generator_settings":{"template":"highway","default_image_id":0,"font":"","enabled":false},"version":2}},"categories":[4],"tags":[],"class_list":["post-80038","post","type-post","status-publish","format-standard","has-post-thumbnail","hentry","category-local"],"acf":[],"jetpack_publicize_connections":[],"jetpack_featured_media_url":"https:\/\/i0.wp.com\/blogdoeloiltoncajuhy.com.br\/site\/wp-content\/uploads\/2024\/04\/Trator_Carrapichel.jpg?fit=700%2C390&ssl=1","jetpack_sharing_enabled":true,"publishpress_future_workflow_manual_trigger":{"enabledWorkflows":[]},"_links":{"self":[{"href":"https:\/\/blogdoeloiltoncajuhy.com.br\/site\/wp-json\/wp\/v2\/posts\/80038","targetHints":{"allow":["GET"]}}],"collection":[{"href":"https:\/\/blogdoeloiltoncajuhy.com.br\/site\/wp-json\/wp\/v2\/posts"}],"about":[{"href":"https:\/\/blogdoeloiltoncajuhy.com.br\/site\/wp-json\/wp\/v2\/types\/post"}],"author":[{"embeddable":true,"href":"https:\/\/blogdoeloiltoncajuhy.com.br\/site\/wp-json\/wp\/v2\/users\/2"}],"replies":[{"embeddable":true,"href":"https:\/\/blogdoeloiltoncajuhy.com.br\/site\/wp-json\/wp\/v2\/comments?post=80038"}],"version-history":[{"count":1,"href":"https:\/\/blogdoeloiltoncajuhy.com.br\/site\/wp-json\/wp\/v2\/posts\/80038\/revisions"}],"predecessor-version":[{"id":80040,"href":"https:\/\/blogdoeloiltoncajuhy.com.br\/site\/wp-json\/wp\/v2\/posts\/80038\/revisions\/80040"}],"wp:featuredmedia":[{"embeddable":true,"href":"https:\/\/blogdoeloiltoncajuhy.com.br\/site\/wp-json\/wp\/v2\/media\/80039"}],"wp:attachment":[{"href":"https:\/\/blogdoeloiltoncajuhy.com.br\/site\/wp-json\/wp\/v2\/media?parent=80038"}],"wp:term":[{"taxonomy":"category","embeddable":true,"href":"https:\/\/blogdoeloiltoncajuhy.com.br\/site\/wp-json\/wp\/v2\/categories?post=80038"},{"taxonomy":"post_tag","embeddable":true,"href":"https:\/\/blogdoeloiltoncajuhy.com.br\/site\/wp-json\/wp\/v2\/tags?post=80038"}],"curies":[{"name":"wp","href":"https:\/\/api.w.org\/{rel}","templated":true}]}}