{"id":80031,"date":"2024-04-02T15:42:07","date_gmt":"2024-04-02T18:42:07","guid":{"rendered":"https:\/\/blogdoeloiltoncajuhy.com.br\/site\/?p=80031"},"modified":"2024-04-02T15:42:09","modified_gmt":"2024-04-02T18:42:09","slug":"justica-nega-pedido-de-indenizacao-de-bolsonaro-contra-lula-por-fala-sobre-moveis-do-alvorada","status":"publish","type":"post","link":"https:\/\/blogdoeloiltoncajuhy.com.br\/site\/justica-nega-pedido-de-indenizacao-de-bolsonaro-contra-lula-por-fala-sobre-moveis-do-alvorada\/","title":{"rendered":"Justi\u00e7a nega pedido de indeniza\u00e7\u00e3o de Bolsonaro contra Lula por fala sobre m\u00f3veis do Alvorada"},"content":{"rendered":"\n<p class=\"has-medium-font-size\"><strong>Ex-presidente e Michelle tamb\u00e9m queriam retrata\u00e7\u00e3o; itens dados como sumidos foram encontrados.<\/strong><\/p>\n\n\n\n<p><strong>Por Daniel Gullino\/O Globo<\/strong> \u2014 Bras\u00edlia<\/p>\n\n\n\n<figure class=\"wp-block-image aligncenter size-full is-resized\"><a href=\"https:\/\/i0.wp.com\/blogdoeloiltoncajuhy.com.br\/site\/wp-content\/uploads\/2024\/04\/Presidente-Lula-e-ex-presidente-Jair-Bolsonaro-%E2%80%94-Foto-Ricardo-Stuckert-Instituto-Lula-e-Alan-Santos-PR.jpeg?ssl=1\"><img data-recalc-dims=\"1\" fetchpriority=\"high\" decoding=\"async\" width=\"700\" height=\"419\" src=\"https:\/\/i0.wp.com\/blogdoeloiltoncajuhy.com.br\/site\/wp-content\/uploads\/2024\/04\/Presidente-Lula-e-ex-presidente-Jair-Bolsonaro-%E2%80%94-Foto-Ricardo-Stuckert-Instituto-Lula-e-Alan-Santos-PR.jpeg?resize=700%2C419&#038;ssl=1\" alt=\"\" class=\"wp-image-80032\" style=\"width:820px;height:auto\" srcset=\"https:\/\/i0.wp.com\/blogdoeloiltoncajuhy.com.br\/site\/wp-content\/uploads\/2024\/04\/Presidente-Lula-e-ex-presidente-Jair-Bolsonaro-%E2%80%94-Foto-Ricardo-Stuckert-Instituto-Lula-e-Alan-Santos-PR.jpeg?w=700&amp;ssl=1 700w, https:\/\/i0.wp.com\/blogdoeloiltoncajuhy.com.br\/site\/wp-content\/uploads\/2024\/04\/Presidente-Lula-e-ex-presidente-Jair-Bolsonaro-%E2%80%94-Foto-Ricardo-Stuckert-Instituto-Lula-e-Alan-Santos-PR.jpeg?resize=300%2C180&amp;ssl=1 300w\" sizes=\"(max-width: 700px) 100vw, 700px\" \/><\/a><figcaption class=\"wp-element-caption\"><sub>O presidente Lula e o ex-presidente Jair Bolsonaro \u2014 Foto: Ricardo Stuckert\/Instituto Lula e Alan Santos\/PR<\/sub><\/figcaption><\/figure>\n\n\n\n<p>A Justi\u00e7a do Distrito Federal negou uma a\u00e7\u00e3o apresentada pelo ex-presidente Jair Bolsonaro e pela ex-primeira-dama Michelle Bolsonaro contra o presidente Luiz In\u00e1cio Lula da Silva. Os dois queriam uma retrata\u00e7\u00e3o e uma indeniza\u00e7\u00e3o por Lula ter sugerido que eles foram respons\u00e1veis por levar m\u00f3veis desaparecidos do Pal\u00e1cio da Alvorada, que foram posteriormente encontrados.<\/p>\n\n\n\n<p>A ju\u00edza Gl\u00e1ucia Silva extinguiu o processo sem analisar o m\u00e9rito, ou seja, sem determinar se o pedido tem ou n\u00e3o fundamento. De acordo com a magistrada, a a\u00e7\u00e3o deveria ter sido apresentada contra a Uni\u00e3o, e n\u00e3o diretamente contra Lula. &#8220;Eventual pretens\u00e3o de indeniza\u00e7\u00e3o e retrata\u00e7\u00e3o dever\u00e1 ser exercida em desfavor do Estado (Uni\u00e3o Federal)&#8221;, escreveu.<\/p>\n\n\n\n<p>Em janeiro de 2023, Lula sugeriu, durante caf\u00e9 da manh\u00e3 com jornalistas, que as pe\u00e7as que haviam sumido teriam sido levadas por Bolsonaro. A Presid\u00eancia, no entanto, informou no m\u00eas passado que encontrou os 261 itens que haviam sido dados como perdidos.<\/p>\n\n\n\n<p>Bolsonaro e Michelle haviam solicitado uma indeniza\u00e7\u00e3o de R$ 20 mil, que seria direcionada ao Instituto Carinho, que acolhe crian\u00e7as em situa\u00e7\u00e3o vulner\u00e1vel na capital federal. Os advogados tamb\u00e9m queriam uma retrata\u00e7\u00e3o &#8220;na mesma propor\u00e7\u00e3o do dano&#8221; que teria sido realizado.<\/p>\n","protected":false},"excerpt":{"rendered":"<p>Ex-presidente e Michelle tamb\u00e9m queriam retrata\u00e7\u00e3o; itens dados como sumidos foram encontrados. Por Daniel Gullino\/O Globo \u2014 Bras\u00edlia A Justi\u00e7a do Distrito Federal negou uma a\u00e7\u00e3o apresentada pelo ex-presidente Jair Bolsonaro e pela ex-primeira-dama Michelle Bolsonaro contra o presidente Luiz In\u00e1cio Lula da Silva. Os dois queriam uma retrata\u00e7\u00e3o e uma indeniza\u00e7\u00e3o por Lula ter [&hellip;]<\/p>\n","protected":false},"author":2,"featured_media":80032,"comment_status":"open","ping_status":"open","sticky":false,"template":"","format":"standard","meta":{"_acf_changed":false,"_monsterinsights_skip_tracking":false,"_monsterinsights_sitenote_active":false,"_monsterinsights_sitenote_note":"","_monsterinsights_sitenote_category":0,"_jetpack_memberships_contains_paid_content":false,"footnotes":"","jetpack_publicize_message":"","jetpack_publicize_feature_enabled":true,"jetpack_social_post_already_shared":true,"jetpack_social_options":{"image_generator_settings":{"template":"highway","default_image_id":0,"font":"","enabled":false},"version":2}},"categories":[3],"tags":[],"class_list":["post-80031","post","type-post","status-publish","format-standard","has-post-thumbnail","hentry","category-politica"],"acf":[],"jetpack_publicize_connections":[],"jetpack_featured_media_url":"https:\/\/i0.wp.com\/blogdoeloiltoncajuhy.com.br\/site\/wp-content\/uploads\/2024\/04\/Presidente-Lula-e-ex-presidente-Jair-Bolsonaro-%E2%80%94-Foto-Ricardo-Stuckert-Instituto-Lula-e-Alan-Santos-PR.jpeg?fit=700%2C419&ssl=1","jetpack_sharing_enabled":true,"publishpress_future_workflow_manual_trigger":{"enabledWorkflows":[]},"_links":{"self":[{"href":"https:\/\/blogdoeloiltoncajuhy.com.br\/site\/wp-json\/wp\/v2\/posts\/80031","targetHints":{"allow":["GET"]}}],"collection":[{"href":"https:\/\/blogdoeloiltoncajuhy.com.br\/site\/wp-json\/wp\/v2\/posts"}],"about":[{"href":"https:\/\/blogdoeloiltoncajuhy.com.br\/site\/wp-json\/wp\/v2\/types\/post"}],"author":[{"embeddable":true,"href":"https:\/\/blogdoeloiltoncajuhy.com.br\/site\/wp-json\/wp\/v2\/users\/2"}],"replies":[{"embeddable":true,"href":"https:\/\/blogdoeloiltoncajuhy.com.br\/site\/wp-json\/wp\/v2\/comments?post=80031"}],"version-history":[{"count":1,"href":"https:\/\/blogdoeloiltoncajuhy.com.br\/site\/wp-json\/wp\/v2\/posts\/80031\/revisions"}],"predecessor-version":[{"id":80033,"href":"https:\/\/blogdoeloiltoncajuhy.com.br\/site\/wp-json\/wp\/v2\/posts\/80031\/revisions\/80033"}],"wp:featuredmedia":[{"embeddable":true,"href":"https:\/\/blogdoeloiltoncajuhy.com.br\/site\/wp-json\/wp\/v2\/media\/80032"}],"wp:attachment":[{"href":"https:\/\/blogdoeloiltoncajuhy.com.br\/site\/wp-json\/wp\/v2\/media?parent=80031"}],"wp:term":[{"taxonomy":"category","embeddable":true,"href":"https:\/\/blogdoeloiltoncajuhy.com.br\/site\/wp-json\/wp\/v2\/categories?post=80031"},{"taxonomy":"post_tag","embeddable":true,"href":"https:\/\/blogdoeloiltoncajuhy.com.br\/site\/wp-json\/wp\/v2\/tags?post=80031"}],"curies":[{"name":"wp","href":"https:\/\/api.w.org\/{rel}","templated":true}]}}