{"id":80028,"date":"2024-04-02T15:27:33","date_gmt":"2024-04-02T18:27:33","guid":{"rendered":"https:\/\/blogdoeloiltoncajuhy.com.br\/site\/?p=80028"},"modified":"2024-04-02T15:27:35","modified_gmt":"2024-04-02T18:27:35","slug":"se-a-gente-nao-investir-em-educacao-vamos-dar-dinheiro-para-o-crime-organizado-diz-lula","status":"publish","type":"post","link":"https:\/\/blogdoeloiltoncajuhy.com.br\/site\/se-a-gente-nao-investir-em-educacao-vamos-dar-dinheiro-para-o-crime-organizado-diz-lula\/","title":{"rendered":"\u2018Se a gente n\u00e3o investir em educa\u00e7\u00e3o, vamos dar dinheiro para o crime organizado\u2019, diz Lula"},"content":{"rendered":"\n<p class=\"has-medium-font-size\"><strong>Presidente participou de cerim\u00f4nia de entrega do IMPA Tech, universidade de matem\u00e1tica, no Rio.<\/strong><\/p>\n\n\n\n<p><strong>Por Lu\u00edsa Marzullo e Thayn\u00e1 Rodrigues\/O Globo<\/strong> \u2014 Rio de Janeiro<\/p>\n\n\n\n<figure class=\"wp-block-image aligncenter size-full\"><a href=\"https:\/\/i0.wp.com\/blogdoeloiltoncajuhy.com.br\/site\/wp-content\/uploads\/2024\/04\/Presidente-Lula-%E2%80%94-Foto-Hermes-de-Paula-Agencia-O-Globo.jpeg?ssl=1\"><img data-recalc-dims=\"1\" fetchpriority=\"high\" decoding=\"async\" width=\"700\" height=\"467\" src=\"https:\/\/i0.wp.com\/blogdoeloiltoncajuhy.com.br\/site\/wp-content\/uploads\/2024\/04\/Presidente-Lula-%E2%80%94-Foto-Hermes-de-Paula-Agencia-O-Globo.jpeg?resize=700%2C467&#038;ssl=1\" alt=\"\" class=\"wp-image-80029\" srcset=\"https:\/\/i0.wp.com\/blogdoeloiltoncajuhy.com.br\/site\/wp-content\/uploads\/2024\/04\/Presidente-Lula-%E2%80%94-Foto-Hermes-de-Paula-Agencia-O-Globo.jpeg?w=700&amp;ssl=1 700w, https:\/\/i0.wp.com\/blogdoeloiltoncajuhy.com.br\/site\/wp-content\/uploads\/2024\/04\/Presidente-Lula-%E2%80%94-Foto-Hermes-de-Paula-Agencia-O-Globo.jpeg?resize=300%2C200&amp;ssl=1 300w\" sizes=\"(max-width: 700px) 100vw, 700px\" \/><\/a><figcaption class=\"wp-element-caption\"><sub>O presidente Lula e o prefeito do Rio, Eduardo Paes, em evento no Impa \u2014 Foto: Hermes de Paula \/ Ag\u00eancia O Globo<\/sub><\/figcaption><\/figure>\n\n\n\n<p>O presidente da Rep\u00fablica Luiz In\u00e1cio Lula da Silva (PT) afirmou nesta ter\u00e7a-feira (02) que se o pa\u00eds n\u00e3o investir em educa\u00e7\u00e3o, vai entregar os jovens para o crime organizado. A declara\u00e7\u00e3o foi dada durante a inaugura\u00e7\u00e3o do Impa Tech, do Instituto de Matem\u00e1tica Pura e Aplicada, localizado no Rio de Janeiro.<\/p>\n\n\n\n<p>\u2014 Educa\u00e7\u00e3o n\u00e3o \u00e9 gasto. E n\u00e3o \u00e9 s\u00f3 para rico. Queremos criar as condi\u00e7\u00f5es para voc\u00eas (dirigiu-se aos estudantes). Quem vai ganhar n\u00e3o s\u00e3o s\u00f3 voc\u00eas. \u00c9 o orgulho dos seus pais, \u00e9 o pa\u00eds, que vai se desenvolver. N\u00e3o \u00e9 admiss\u00edvel que o presidente veja a mat\u00e9ria de que 480 mil crian\u00e7as desistiram de estudar para ajudar no or\u00e7amento de casa. Mas qual \u00e9 o controle que o pai e a m\u00e3e v\u00e3o ter da crian\u00e7a? Ela pode ser v\u00edtima de viol\u00eancia, do crime organizado\u2026 A escola \u00e9 a garantia de que os filhos desses pais v\u00e3o se tornar pessoas do bem. Se a gente n\u00e3o investir em educa\u00e7\u00e3o, vamos dar esses jovens de gra\u00e7a para o crime organizado \u2014 disse.<\/p>\n\n\n\n<p>Lula tamb\u00e9m afirmou que o Brasil vive um momento de fake news e negacionismo, o que, em sua avalia\u00e7\u00e3o, justifica um maior investimento em educa\u00e7\u00e3o.<\/p>\n\n\n\n<p>\u2014 O momento que estamos vivendo \u00e9 um momento delicado na hist\u00f3ria do Brasil. Eu tenho 78 anos e nunca vi um momento de negaciniosmo, de \u00f3dio, de fake news, nesse pa\u00eds. Se a gente n\u00e3o investir em educa\u00e7\u00e3o, vamos dar dinheiro para o negacionismo, para o crime organizado e fake news \u2014 acrescentou.<\/p>\n\n\n\n<p>O presidente tamb\u00e9m afirmou ser \u201cfan\u00e1tico\u201d pela educa\u00e7\u00e3o, e citou ter sido o \u00fanico presidente eleito sem diploma. \u2014 Eu sempre fico emocionado para justificar porque sou fan\u00e1tico por educa\u00e7\u00e3o. Eu sou o \u00fanico presidente da rep\u00fablica que n\u00e3o tem diploma , mas sou o que mais fiz universidades nesse pa\u00eds. Por esta raz\u00e3o, eu acho que todo filho da pessoa da classe mais baixo tem o direito de chegar \u00e0 universidade.<\/p>\n","protected":false},"excerpt":{"rendered":"<p>Presidente participou de cerim\u00f4nia de entrega do IMPA Tech, universidade de matem\u00e1tica, no Rio. Por Lu\u00edsa Marzullo e Thayn\u00e1 Rodrigues\/O Globo \u2014 Rio de Janeiro O presidente da Rep\u00fablica Luiz In\u00e1cio Lula da Silva (PT) afirmou nesta ter\u00e7a-feira (02) que se o pa\u00eds n\u00e3o investir em educa\u00e7\u00e3o, vai entregar os jovens para o crime organizado. [&hellip;]<\/p>\n","protected":false},"author":2,"featured_media":80029,"comment_status":"open","ping_status":"open","sticky":false,"template":"","format":"standard","meta":{"_acf_changed":false,"_monsterinsights_skip_tracking":false,"_monsterinsights_sitenote_active":false,"_monsterinsights_sitenote_note":"","_monsterinsights_sitenote_category":0,"_jetpack_memberships_contains_paid_content":false,"footnotes":"","jetpack_publicize_message":"","jetpack_publicize_feature_enabled":true,"jetpack_social_post_already_shared":true,"jetpack_social_options":{"image_generator_settings":{"template":"highway","default_image_id":0,"font":"","enabled":false},"version":2}},"categories":[3],"tags":[],"class_list":["post-80028","post","type-post","status-publish","format-standard","has-post-thumbnail","hentry","category-politica"],"acf":[],"jetpack_publicize_connections":[],"jetpack_featured_media_url":"https:\/\/i0.wp.com\/blogdoeloiltoncajuhy.com.br\/site\/wp-content\/uploads\/2024\/04\/Presidente-Lula-%E2%80%94-Foto-Hermes-de-Paula-Agencia-O-Globo.jpeg?fit=700%2C467&ssl=1","jetpack_sharing_enabled":true,"publishpress_future_workflow_manual_trigger":{"enabledWorkflows":[]},"_links":{"self":[{"href":"https:\/\/blogdoeloiltoncajuhy.com.br\/site\/wp-json\/wp\/v2\/posts\/80028","targetHints":{"allow":["GET"]}}],"collection":[{"href":"https:\/\/blogdoeloiltoncajuhy.com.br\/site\/wp-json\/wp\/v2\/posts"}],"about":[{"href":"https:\/\/blogdoeloiltoncajuhy.com.br\/site\/wp-json\/wp\/v2\/types\/post"}],"author":[{"embeddable":true,"href":"https:\/\/blogdoeloiltoncajuhy.com.br\/site\/wp-json\/wp\/v2\/users\/2"}],"replies":[{"embeddable":true,"href":"https:\/\/blogdoeloiltoncajuhy.com.br\/site\/wp-json\/wp\/v2\/comments?post=80028"}],"version-history":[{"count":1,"href":"https:\/\/blogdoeloiltoncajuhy.com.br\/site\/wp-json\/wp\/v2\/posts\/80028\/revisions"}],"predecessor-version":[{"id":80030,"href":"https:\/\/blogdoeloiltoncajuhy.com.br\/site\/wp-json\/wp\/v2\/posts\/80028\/revisions\/80030"}],"wp:featuredmedia":[{"embeddable":true,"href":"https:\/\/blogdoeloiltoncajuhy.com.br\/site\/wp-json\/wp\/v2\/media\/80029"}],"wp:attachment":[{"href":"https:\/\/blogdoeloiltoncajuhy.com.br\/site\/wp-json\/wp\/v2\/media?parent=80028"}],"wp:term":[{"taxonomy":"category","embeddable":true,"href":"https:\/\/blogdoeloiltoncajuhy.com.br\/site\/wp-json\/wp\/v2\/categories?post=80028"},{"taxonomy":"post_tag","embeddable":true,"href":"https:\/\/blogdoeloiltoncajuhy.com.br\/site\/wp-json\/wp\/v2\/tags?post=80028"}],"curies":[{"name":"wp","href":"https:\/\/api.w.org\/{rel}","templated":true}]}}