{"id":80019,"date":"2024-04-02T08:45:26","date_gmt":"2024-04-02T11:45:26","guid":{"rendered":"https:\/\/blogdoeloiltoncajuhy.com.br\/site\/?p=80019"},"modified":"2024-04-02T08:45:28","modified_gmt":"2024-04-02T11:45:28","slug":"projeto-na-camara-dos-deputados-isenta-mulheres-vitimas-de-violencia-domestica-de-taxa-em-concurso-publico","status":"publish","type":"post","link":"https:\/\/blogdoeloiltoncajuhy.com.br\/site\/projeto-na-camara-dos-deputados-isenta-mulheres-vitimas-de-violencia-domestica-de-taxa-em-concurso-publico\/","title":{"rendered":"Projeto na C\u00e2mara dos Deputados isenta mulheres v\u00edtimas de viol\u00eancia dom\u00e9stica de taxa em concurso p\u00fablico"},"content":{"rendered":"\n<p class=\"has-medium-font-size\"><strong>Para isso, elas dever\u00e3o comprovar que h\u00e1 um processo contra o agressor.<\/strong><\/p>\n\n\n\n<p><strong>Ag\u00eancia C\u00e2mara de Not\u00edcias<\/strong><\/p>\n\n\n\n<figure class=\"wp-block-image aligncenter size-full\"><a href=\"https:\/\/i0.wp.com\/blogdoeloiltoncajuhy.com.br\/site\/wp-content\/uploads\/2023\/11\/plenario-da-camara-dos-deputados-071123.webp\"><img data-recalc-dims=\"1\" fetchpriority=\"high\" decoding=\"async\" width=\"600\" height=\"400\" src=\"https:\/\/i0.wp.com\/blogdoeloiltoncajuhy.com.br\/site\/wp-content\/uploads\/2023\/11\/plenario-da-camara-dos-deputados-071123.webp?resize=600%2C400\" alt=\"\" class=\"wp-image-77441\" srcset=\"https:\/\/i0.wp.com\/blogdoeloiltoncajuhy.com.br\/site\/wp-content\/uploads\/2023\/11\/plenario-da-camara-dos-deputados-071123.webp?w=600&amp;ssl=1 600w, https:\/\/i0.wp.com\/blogdoeloiltoncajuhy.com.br\/site\/wp-content\/uploads\/2023\/11\/plenario-da-camara-dos-deputados-071123.webp?resize=300%2C200&amp;ssl=1 300w\" sizes=\"(max-width: 600px) 100vw, 600px\" \/><\/a><figcaption class=\"wp-element-caption\"><sub>Plen\u00e1rio da C\u00e2mara dos Deputados &#8211; Divulga\u00e7\u00e3o<\/sub><\/figcaption><\/figure>\n\n\n\n<p>O Projeto de Lei 697\/24 isenta mulheres v\u00edtimas de viol\u00eancia dom\u00e9stica e familiar do pagamento de taxa de inscri\u00e7\u00e3o em concursos e processos seletivos da administra\u00e7\u00e3o p\u00fablica federal. A proposta, do deputado Reimont (PT-RJ), est\u00e1 em an\u00e1lise na C\u00e2mara dos Deputados.<\/p>\n\n\n\n<p>Na avalia\u00e7\u00e3o de Reimont, o poder p\u00fablico, al\u00e9m de proteger a integridade f\u00edsica e moral das mulheres, deve favorecer sua emancipa\u00e7\u00e3o econ\u00f4mica para que elas rompam com o ciclo de viol\u00eancia.<\/p>\n\n\n\n<p>\u201cA isen\u00e7\u00e3o de taxas de inscri\u00e7\u00e3o em concursos p\u00fablicos busca promover o acesso \u00e0 justi\u00e7a e \u00e0 igualdade de oportunidades, removendo barreiras financeiras que impedem essas mulheres de ingressar no mercado de trabalho, especialmente na carreira p\u00fablica\u201d, afirma o autor da proposta.<\/p>\n\n\n\n<p><strong><mark style=\"background-color:rgba(0, 0, 0, 0)\" class=\"has-inline-color has-black-color\">Documentos<\/mark><\/strong> &#8211; O projeto condiciona a concess\u00e3o da isen\u00e7\u00e3o \u00e0 apresenta\u00e7\u00e3o de documento que comprove a exist\u00eancia de a\u00e7\u00e3o penal ou a instaura\u00e7\u00e3o de inqu\u00e9rito policial contra o agressor.<\/p>\n\n\n\n<p>Em caso de declara\u00e7\u00e3o falsa, a candidata ser\u00e1 eliminada do concurso. Se ela tiver sido nomeada, ficar\u00e1 sujeita \u00e0 anula\u00e7\u00e3o da sua admiss\u00e3o ao emprego, ap\u00f3s procedimento administrativo em que lhe seja assegurada a ampla defesa.<\/p>\n\n\n\n<p><strong><mark style=\"background-color:rgba(0, 0, 0, 0)\" class=\"has-inline-color has-black-color\">Pr\u00f3ximos passos<\/mark><\/strong> &#8211; O projeto tramita em car\u00e1ter conclusivo e ser\u00e1 analisado pelas comiss\u00f5es de Defesa dos Direitos da Mulher; de Administra\u00e7\u00e3o e Servi\u00e7o P\u00fablico; de Finan\u00e7as e Tributa\u00e7\u00e3o; e de Constitui\u00e7\u00e3o e Justi\u00e7a e de Cidadania.<\/p>\n","protected":false},"excerpt":{"rendered":"<p>Para isso, elas dever\u00e3o comprovar que h\u00e1 um processo contra o agressor. Ag\u00eancia C\u00e2mara de Not\u00edcias O Projeto de Lei 697\/24 isenta mulheres v\u00edtimas de viol\u00eancia dom\u00e9stica e familiar do pagamento de taxa de inscri\u00e7\u00e3o em concursos e processos seletivos da administra\u00e7\u00e3o p\u00fablica federal. A proposta, do deputado Reimont (PT-RJ), est\u00e1 em an\u00e1lise na C\u00e2mara [&hellip;]<\/p>\n","protected":false},"author":2,"featured_media":61675,"comment_status":"open","ping_status":"open","sticky":false,"template":"","format":"standard","meta":{"_acf_changed":false,"_monsterinsights_skip_tracking":false,"_monsterinsights_sitenote_active":false,"_monsterinsights_sitenote_note":"","_monsterinsights_sitenote_category":0,"_jetpack_memberships_contains_paid_content":false,"footnotes":"","jetpack_publicize_message":"","jetpack_publicize_feature_enabled":true,"jetpack_social_post_already_shared":true,"jetpack_social_options":{"image_generator_settings":{"template":"highway","default_image_id":0,"font":"","enabled":false},"version":2}},"categories":[3],"tags":[],"class_list":["post-80019","post","type-post","status-publish","format-standard","has-post-thumbnail","hentry","category-politica"],"acf":[],"jetpack_publicize_connections":[],"jetpack_featured_media_url":"https:\/\/i0.wp.com\/blogdoeloiltoncajuhy.com.br\/site\/wp-content\/uploads\/2021\/12\/Camara-dos-Deputados-18122021.jpg?fit=900%2C450&ssl=1","jetpack_sharing_enabled":true,"publishpress_future_workflow_manual_trigger":{"enabledWorkflows":[]},"_links":{"self":[{"href":"https:\/\/blogdoeloiltoncajuhy.com.br\/site\/wp-json\/wp\/v2\/posts\/80019","targetHints":{"allow":["GET"]}}],"collection":[{"href":"https:\/\/blogdoeloiltoncajuhy.com.br\/site\/wp-json\/wp\/v2\/posts"}],"about":[{"href":"https:\/\/blogdoeloiltoncajuhy.com.br\/site\/wp-json\/wp\/v2\/types\/post"}],"author":[{"embeddable":true,"href":"https:\/\/blogdoeloiltoncajuhy.com.br\/site\/wp-json\/wp\/v2\/users\/2"}],"replies":[{"embeddable":true,"href":"https:\/\/blogdoeloiltoncajuhy.com.br\/site\/wp-json\/wp\/v2\/comments?post=80019"}],"version-history":[{"count":1,"href":"https:\/\/blogdoeloiltoncajuhy.com.br\/site\/wp-json\/wp\/v2\/posts\/80019\/revisions"}],"predecessor-version":[{"id":80020,"href":"https:\/\/blogdoeloiltoncajuhy.com.br\/site\/wp-json\/wp\/v2\/posts\/80019\/revisions\/80020"}],"wp:featuredmedia":[{"embeddable":true,"href":"https:\/\/blogdoeloiltoncajuhy.com.br\/site\/wp-json\/wp\/v2\/media\/61675"}],"wp:attachment":[{"href":"https:\/\/blogdoeloiltoncajuhy.com.br\/site\/wp-json\/wp\/v2\/media?parent=80019"}],"wp:term":[{"taxonomy":"category","embeddable":true,"href":"https:\/\/blogdoeloiltoncajuhy.com.br\/site\/wp-json\/wp\/v2\/categories?post=80019"},{"taxonomy":"post_tag","embeddable":true,"href":"https:\/\/blogdoeloiltoncajuhy.com.br\/site\/wp-json\/wp\/v2\/tags?post=80019"}],"curies":[{"name":"wp","href":"https:\/\/api.w.org\/{rel}","templated":true}]}}