{"id":80016,"date":"2024-04-01T18:11:49","date_gmt":"2024-04-01T21:11:49","guid":{"rendered":"https:\/\/blogdoeloiltoncajuhy.com.br\/site\/?p=80016"},"modified":"2024-04-01T18:11:51","modified_gmt":"2024-04-01T21:11:51","slug":"inscricoes-para-processo-seletivo-da-prefeitura-de-petrolina-terminam-nesta-quarta-feira-3","status":"publish","type":"post","link":"https:\/\/blogdoeloiltoncajuhy.com.br\/site\/inscricoes-para-processo-seletivo-da-prefeitura-de-petrolina-terminam-nesta-quarta-feira-3\/","title":{"rendered":"Inscri\u00e7\u00f5es para processo seletivo da Prefeitura de Petrolina terminam nesta quarta-feira (3)"},"content":{"rendered":"\n<p class=\"has-medium-font-size\"><strong>As vagas s\u00e3o para assumir fun\u00e7\u00f5es na Secretaria de Desenvolvimento Social e Direitos Humanos.<\/strong><\/p>\n\n\n\n<p><strong>Por g1 Petrolina<\/strong><\/p>\n\n\n\n<figure class=\"wp-block-image aligncenter size-full\"><a href=\"https:\/\/i0.wp.com\/blogdoeloiltoncajuhy.com.br\/site\/wp-content\/uploads\/2024\/04\/Petrolina-abre-selecao-simplificada-para-vagas-de-niveis-medio-e-superior-%E2%80%94-Foto-Ascom-PMP.jpeg?ssl=1\"><img data-recalc-dims=\"1\" fetchpriority=\"high\" decoding=\"async\" width=\"453\" height=\"680\" src=\"https:\/\/i0.wp.com\/blogdoeloiltoncajuhy.com.br\/site\/wp-content\/uploads\/2024\/04\/Petrolina-abre-selecao-simplificada-para-vagas-de-niveis-medio-e-superior-%E2%80%94-Foto-Ascom-PMP.jpeg?resize=453%2C680&#038;ssl=1\" alt=\"\" class=\"wp-image-80017\" srcset=\"https:\/\/i0.wp.com\/blogdoeloiltoncajuhy.com.br\/site\/wp-content\/uploads\/2024\/04\/Petrolina-abre-selecao-simplificada-para-vagas-de-niveis-medio-e-superior-%E2%80%94-Foto-Ascom-PMP.jpeg?w=453&amp;ssl=1 453w, https:\/\/i0.wp.com\/blogdoeloiltoncajuhy.com.br\/site\/wp-content\/uploads\/2024\/04\/Petrolina-abre-selecao-simplificada-para-vagas-de-niveis-medio-e-superior-%E2%80%94-Foto-Ascom-PMP.jpeg?resize=200%2C300&amp;ssl=1 200w\" sizes=\"(max-width: 453px) 100vw, 453px\" \/><\/a><figcaption class=\"wp-element-caption\"><sub>Petrolina abre sele\u00e7\u00e3o simplificada para vagas de n\u00edveis m\u00e9dio e superior \u2014 Foto: Ascom \/ PMP<\/sub><\/figcaption><\/figure>\n\n\n\n<p>Seguem abertas at\u00e9 esta quarta-feira (3) as inscri\u00e7\u00f5es para o Processo Seletivo Simplificado da Secretaria de Desenvolvimento Social e Direitos Humanos de Petrolina, Sert\u00e3o de Pernambuco. O edital N\u00b0 001\/2024 foi divulgado durante o m\u00eas de mar\u00e7o e prev\u00ea 64 vagas mais Cadastro Reserva para diferentes cargos nos n\u00edveis m\u00e9dio e superior.<\/p>\n\n\n\n<p>As inscri\u00e7\u00f5es podem ser realizadas pelo <a href=\"https:\/\/petrolina.1doc.com.br\/b.php?pg=wp\/wp&amp;s=petrolina&amp;itd=15&amp;g_id_assunto=979513\" data-type=\"link\" data-id=\"https:\/\/petrolina.1doc.com.br\/b.php?pg=wp\/wp&amp;s=petrolina&amp;itd=15&amp;g_id_assunto=979513\"><strong><mark style=\"background-color:rgba(0, 0, 0, 0)\" class=\"has-inline-color has-vivid-cyan-blue-color\">site da Prefeitura de Petrolina<\/mark><\/strong><\/a>. A sele\u00e7\u00e3o ser\u00e1 feita por meio de avalia\u00e7\u00e3o curricular de t\u00edtulos e experi\u00eancia profissional. Os aprovados ser\u00e3o convocados para regime de contra\u00e7\u00e3o tempor\u00e1ria de 12 meses, com possibilidade de prorroga\u00e7\u00e3o por mais 12.<\/p>\n\n\n\n<p>Entre as vagas est\u00e3o: Advogado (a); Ajudante de Pedreiro (a); Assistente Social; Auxiliar Administrativo; Auxiliar de Cozinha; Auxiliar de Limpeza; Coordenador (a); Cozinheiro (a); Digitador (a)\/Entrevistador (a) Social; Educador (a) F\u00edsico (a); Educador (a)\/Cuidador (a); Educador (a)\/Visitador (a); Eletricista; Fisioterapeuta; Interprete de Libras; Motorista; Musicoterapeuta; Nutricionista; Oficineiro (a); Orientador (a) Social; Pedagogo (a); Psic\u00f3logo (a); Supervisor (a) Social; e T\u00e9cnico(a) de Inform\u00e1tica.<\/p>\n","protected":false},"excerpt":{"rendered":"<p>As vagas s\u00e3o para assumir fun\u00e7\u00f5es na Secretaria de Desenvolvimento Social e Direitos Humanos. Por g1 Petrolina Seguem abertas at\u00e9 esta quarta-feira (3) as inscri\u00e7\u00f5es para o Processo Seletivo Simplificado da Secretaria de Desenvolvimento Social e Direitos Humanos de Petrolina, Sert\u00e3o de Pernambuco. O edital N\u00b0 001\/2024 foi divulgado durante o m\u00eas de mar\u00e7o e [&hellip;]<\/p>\n","protected":false},"author":2,"featured_media":80017,"comment_status":"open","ping_status":"open","sticky":false,"template":"","format":"standard","meta":{"_acf_changed":false,"_monsterinsights_skip_tracking":false,"_monsterinsights_sitenote_active":false,"_monsterinsights_sitenote_note":"","_monsterinsights_sitenote_category":0,"_jetpack_memberships_contains_paid_content":false,"footnotes":"","jetpack_publicize_message":"","jetpack_publicize_feature_enabled":true,"jetpack_social_post_already_shared":true,"jetpack_social_options":{"image_generator_settings":{"template":"highway","default_image_id":0,"font":"","enabled":false},"version":2}},"categories":[32],"tags":[],"class_list":["post-80016","post","type-post","status-publish","format-standard","has-post-thumbnail","hentry","category-emprego"],"acf":[],"jetpack_publicize_connections":[],"jetpack_featured_media_url":"https:\/\/i0.wp.com\/blogdoeloiltoncajuhy.com.br\/site\/wp-content\/uploads\/2024\/04\/Petrolina-abre-selecao-simplificada-para-vagas-de-niveis-medio-e-superior-%E2%80%94-Foto-Ascom-PMP.jpeg?fit=453%2C680&ssl=1","jetpack_sharing_enabled":true,"publishpress_future_workflow_manual_trigger":{"enabledWorkflows":[]},"_links":{"self":[{"href":"https:\/\/blogdoeloiltoncajuhy.com.br\/site\/wp-json\/wp\/v2\/posts\/80016","targetHints":{"allow":["GET"]}}],"collection":[{"href":"https:\/\/blogdoeloiltoncajuhy.com.br\/site\/wp-json\/wp\/v2\/posts"}],"about":[{"href":"https:\/\/blogdoeloiltoncajuhy.com.br\/site\/wp-json\/wp\/v2\/types\/post"}],"author":[{"embeddable":true,"href":"https:\/\/blogdoeloiltoncajuhy.com.br\/site\/wp-json\/wp\/v2\/users\/2"}],"replies":[{"embeddable":true,"href":"https:\/\/blogdoeloiltoncajuhy.com.br\/site\/wp-json\/wp\/v2\/comments?post=80016"}],"version-history":[{"count":1,"href":"https:\/\/blogdoeloiltoncajuhy.com.br\/site\/wp-json\/wp\/v2\/posts\/80016\/revisions"}],"predecessor-version":[{"id":80018,"href":"https:\/\/blogdoeloiltoncajuhy.com.br\/site\/wp-json\/wp\/v2\/posts\/80016\/revisions\/80018"}],"wp:featuredmedia":[{"embeddable":true,"href":"https:\/\/blogdoeloiltoncajuhy.com.br\/site\/wp-json\/wp\/v2\/media\/80017"}],"wp:attachment":[{"href":"https:\/\/blogdoeloiltoncajuhy.com.br\/site\/wp-json\/wp\/v2\/media?parent=80016"}],"wp:term":[{"taxonomy":"category","embeddable":true,"href":"https:\/\/blogdoeloiltoncajuhy.com.br\/site\/wp-json\/wp\/v2\/categories?post=80016"},{"taxonomy":"post_tag","embeddable":true,"href":"https:\/\/blogdoeloiltoncajuhy.com.br\/site\/wp-json\/wp\/v2\/tags?post=80016"}],"curies":[{"name":"wp","href":"https:\/\/api.w.org\/{rel}","templated":true}]}}