{"id":79993,"date":"2024-04-01T08:43:16","date_gmt":"2024-04-01T11:43:16","guid":{"rendered":"https:\/\/blogdoeloiltoncajuhy.com.br\/site\/?p=79993"},"modified":"2024-04-01T08:43:18","modified_gmt":"2024-04-01T11:43:18","slug":"ceu-em-tons-de-rosa-e-laranja-chama-atencao-em-regiao-litoranea-da-bahia-confira-imagens","status":"publish","type":"post","link":"https:\/\/blogdoeloiltoncajuhy.com.br\/site\/ceu-em-tons-de-rosa-e-laranja-chama-atencao-em-regiao-litoranea-da-bahia-confira-imagens\/","title":{"rendered":"C\u00e9u em tons de rosa e laranja chama aten\u00e7\u00e3o em regi\u00e3o litor\u00e2nea da Bahia; confira imagens"},"content":{"rendered":"\n<p class=\"has-medium-font-size\"><strong>Meteorologista explicou raz\u00f5es para essa beleza natural.<\/strong><\/p>\n\n\n\n<p><strong>Por g1 BA<\/strong><\/p>\n\n\n\n<figure class=\"wp-block-image aligncenter size-full\"><a href=\"https:\/\/i0.wp.com\/blogdoeloiltoncajuhy.com.br\/site\/wp-content\/uploads\/2024\/04\/Ceu-com-mistura-de-rosa-e-laranja-em-Camacari-%E2%80%94-Foto-Carolina-Lima.jpg?ssl=1\"><img data-recalc-dims=\"1\" fetchpriority=\"high\" decoding=\"async\" width=\"700\" height=\"398\" src=\"https:\/\/i0.wp.com\/blogdoeloiltoncajuhy.com.br\/site\/wp-content\/uploads\/2024\/04\/Ceu-com-mistura-de-rosa-e-laranja-em-Camacari-%E2%80%94-Foto-Carolina-Lima.jpg?resize=700%2C398&#038;ssl=1\" alt=\"\" class=\"wp-image-79994\" srcset=\"https:\/\/i0.wp.com\/blogdoeloiltoncajuhy.com.br\/site\/wp-content\/uploads\/2024\/04\/Ceu-com-mistura-de-rosa-e-laranja-em-Camacari-%E2%80%94-Foto-Carolina-Lima.jpg?w=700&amp;ssl=1 700w, https:\/\/i0.wp.com\/blogdoeloiltoncajuhy.com.br\/site\/wp-content\/uploads\/2024\/04\/Ceu-com-mistura-de-rosa-e-laranja-em-Camacari-%E2%80%94-Foto-Carolina-Lima.jpg?resize=300%2C171&amp;ssl=1 300w\" sizes=\"(max-width: 700px) 100vw, 700px\" \/><\/a><figcaption class=\"wp-element-caption\"><sub>C\u00e9u com mistura de rosa e laranja em Cama\u00e7ari \u2014 Foto: Carolina Lima<\/sub><\/figcaption><\/figure>\n\n\n\n<p>Quem tirou uns minutinhos para apreciar o c\u00e9u, no final da tarde deste s\u00e1bado (30), foi presenteado com a colora\u00e7\u00e3o rosa e laranja que tornou a paisagem ainda mais bonita em cidades da faixa litor\u00e2nea da Bahia, como Salvador e Cama\u00e7ari. O resultado disso foram postagens nas redes sociais e declara\u00e7\u00f5es de amor \u00e0 natureza.<\/p>\n\n\n\n<figure class=\"wp-block-image aligncenter size-full\"><a href=\"https:\/\/i0.wp.com\/blogdoeloiltoncajuhy.com.br\/site\/wp-content\/uploads\/2024\/04\/Lore-Improta-posta-ceu-em-tom-de-rosa-em-area-litoranea-da-Bahia-%E2%80%94-Foto-Redes-sociais.jpg?ssl=1\"><img data-recalc-dims=\"1\" decoding=\"async\" width=\"700\" height=\"399\" src=\"https:\/\/i0.wp.com\/blogdoeloiltoncajuhy.com.br\/site\/wp-content\/uploads\/2024\/04\/Lore-Improta-posta-ceu-em-tom-de-rosa-em-area-litoranea-da-Bahia-%E2%80%94-Foto-Redes-sociais.jpg?resize=700%2C399&#038;ssl=1\" alt=\"\" class=\"wp-image-79995\" srcset=\"https:\/\/i0.wp.com\/blogdoeloiltoncajuhy.com.br\/site\/wp-content\/uploads\/2024\/04\/Lore-Improta-posta-ceu-em-tom-de-rosa-em-area-litoranea-da-Bahia-%E2%80%94-Foto-Redes-sociais.jpg?w=700&amp;ssl=1 700w, https:\/\/i0.wp.com\/blogdoeloiltoncajuhy.com.br\/site\/wp-content\/uploads\/2024\/04\/Lore-Improta-posta-ceu-em-tom-de-rosa-em-area-litoranea-da-Bahia-%E2%80%94-Foto-Redes-sociais.jpg?resize=300%2C171&amp;ssl=1 300w\" sizes=\"(max-width: 700px) 100vw, 700px\" \/><\/a><figcaption class=\"wp-element-caption\"><sub>Lore Improta posta c\u00e9u em tom de rosa em \u00e1rea litor\u00e2nea da Bahia \u2014 Foto: Redes sociais<\/sub><\/figcaption><\/figure>\n\n\n\n<p>De acordo com o meteorologista Giuliano Carlos, essa colora\u00e7\u00e3o significa que a luz solar ultrapassou uma camada atmosf\u00e9rica mais densa, o que provoca uma dispers\u00e3o da luz em diferentes dire\u00e7\u00f5es.<\/p>\n\n\n\n<p>&#8220;Isso ilustra o p\u00f4r do sol, que chega no topo da nuvem e gera esse reflexo&#8221;, comentou.<\/p>\n\n\n\n<p>A dan\u00e7arina Lore Improta \u00e9 um exemplo de quem aproveitou para registrar o momento em suas redes sociais. Ela utilizou como trilha sonora na postagem a m\u00fasica &#8220;Voc\u00ea j\u00e1 foi \u00e0 Bahia?&#8221;, na voz de Caetano Veloso.<\/p>\n\n\n\n<figure class=\"wp-block-image aligncenter size-full\"><a href=\"https:\/\/i0.wp.com\/blogdoeloiltoncajuhy.com.br\/site\/wp-content\/uploads\/2024\/04\/Ceu-em-tons-rosa-e-laranja-no-litoral-da-Bahia-2-%E2%80%94-Foto-Carolina-Lima.png?ssl=1\"><img data-recalc-dims=\"1\" decoding=\"async\" width=\"416\" height=\"732\" src=\"https:\/\/i0.wp.com\/blogdoeloiltoncajuhy.com.br\/site\/wp-content\/uploads\/2024\/04\/Ceu-em-tons-rosa-e-laranja-no-litoral-da-Bahia-2-%E2%80%94-Foto-Carolina-Lima.png?resize=416%2C732&#038;ssl=1\" alt=\"\" class=\"wp-image-79996\" srcset=\"https:\/\/i0.wp.com\/blogdoeloiltoncajuhy.com.br\/site\/wp-content\/uploads\/2024\/04\/Ceu-em-tons-rosa-e-laranja-no-litoral-da-Bahia-2-%E2%80%94-Foto-Carolina-Lima.png?w=416&amp;ssl=1 416w, https:\/\/i0.wp.com\/blogdoeloiltoncajuhy.com.br\/site\/wp-content\/uploads\/2024\/04\/Ceu-em-tons-rosa-e-laranja-no-litoral-da-Bahia-2-%E2%80%94-Foto-Carolina-Lima.png?resize=170%2C300&amp;ssl=1 170w\" sizes=\"(max-width: 416px) 100vw, 416px\" \/><\/a><figcaption class=\"wp-element-caption\"><sub>C\u00e9u em tons rosa e laranja no litoral da Bahia \u2014 Foto: Carolina Lima<\/sub><\/figcaption><\/figure>\n","protected":false},"excerpt":{"rendered":"<p>Meteorologista explicou raz\u00f5es para essa beleza natural. Por g1 BA Quem tirou uns minutinhos para apreciar o c\u00e9u, no final da tarde deste s\u00e1bado (30), foi presenteado com a colora\u00e7\u00e3o rosa e laranja que tornou a paisagem ainda mais bonita em cidades da faixa litor\u00e2nea da Bahia, como Salvador e Cama\u00e7ari. O resultado disso foram [&hellip;]<\/p>\n","protected":false},"author":2,"featured_media":79994,"comment_status":"open","ping_status":"open","sticky":false,"template":"","format":"standard","meta":{"_acf_changed":false,"_monsterinsights_skip_tracking":false,"_monsterinsights_sitenote_active":false,"_monsterinsights_sitenote_note":"","_monsterinsights_sitenote_category":0,"_jetpack_memberships_contains_paid_content":false,"footnotes":"","jetpack_publicize_message":"","jetpack_publicize_feature_enabled":true,"jetpack_social_post_already_shared":true,"jetpack_social_options":{"image_generator_settings":{"template":"highway","default_image_id":0,"font":"","enabled":false},"version":2}},"categories":[5],"tags":[],"class_list":["post-79993","post","type-post","status-publish","format-standard","has-post-thumbnail","hentry","category-cotidiano"],"acf":[],"jetpack_publicize_connections":[],"jetpack_featured_media_url":"https:\/\/i0.wp.com\/blogdoeloiltoncajuhy.com.br\/site\/wp-content\/uploads\/2024\/04\/Ceu-com-mistura-de-rosa-e-laranja-em-Camacari-%E2%80%94-Foto-Carolina-Lima.jpg?fit=700%2C398&ssl=1","jetpack_sharing_enabled":true,"publishpress_future_workflow_manual_trigger":{"enabledWorkflows":[]},"_links":{"self":[{"href":"https:\/\/blogdoeloiltoncajuhy.com.br\/site\/wp-json\/wp\/v2\/posts\/79993","targetHints":{"allow":["GET"]}}],"collection":[{"href":"https:\/\/blogdoeloiltoncajuhy.com.br\/site\/wp-json\/wp\/v2\/posts"}],"about":[{"href":"https:\/\/blogdoeloiltoncajuhy.com.br\/site\/wp-json\/wp\/v2\/types\/post"}],"author":[{"embeddable":true,"href":"https:\/\/blogdoeloiltoncajuhy.com.br\/site\/wp-json\/wp\/v2\/users\/2"}],"replies":[{"embeddable":true,"href":"https:\/\/blogdoeloiltoncajuhy.com.br\/site\/wp-json\/wp\/v2\/comments?post=79993"}],"version-history":[{"count":1,"href":"https:\/\/blogdoeloiltoncajuhy.com.br\/site\/wp-json\/wp\/v2\/posts\/79993\/revisions"}],"predecessor-version":[{"id":79997,"href":"https:\/\/blogdoeloiltoncajuhy.com.br\/site\/wp-json\/wp\/v2\/posts\/79993\/revisions\/79997"}],"wp:featuredmedia":[{"embeddable":true,"href":"https:\/\/blogdoeloiltoncajuhy.com.br\/site\/wp-json\/wp\/v2\/media\/79994"}],"wp:attachment":[{"href":"https:\/\/blogdoeloiltoncajuhy.com.br\/site\/wp-json\/wp\/v2\/media?parent=79993"}],"wp:term":[{"taxonomy":"category","embeddable":true,"href":"https:\/\/blogdoeloiltoncajuhy.com.br\/site\/wp-json\/wp\/v2\/categories?post=79993"},{"taxonomy":"post_tag","embeddable":true,"href":"https:\/\/blogdoeloiltoncajuhy.com.br\/site\/wp-json\/wp\/v2\/tags?post=79993"}],"curies":[{"name":"wp","href":"https:\/\/api.w.org\/{rel}","templated":true}]}}