{"id":79960,"date":"2024-03-28T08:49:39","date_gmt":"2024-03-28T11:49:39","guid":{"rendered":"https:\/\/blogdoeloiltoncajuhy.com.br\/site\/?p=79960"},"modified":"2024-03-28T08:49:42","modified_gmt":"2024-03-28T11:49:42","slug":"mec-oferta-curso-ead-de-inovacao-e-transversalidade-para-professores","status":"publish","type":"post","link":"https:\/\/blogdoeloiltoncajuhy.com.br\/site\/mec-oferta-curso-ead-de-inovacao-e-transversalidade-para-professores\/","title":{"rendered":"MEC oferta curso EAD de Inova\u00e7\u00e3o e Transversalidade para professores"},"content":{"rendered":"\n<p><strong>Horabrasil<\/strong><\/p>\n\n\n\n<figure class=\"wp-block-image aligncenter size-full\"><a href=\"https:\/\/i0.wp.com\/blogdoeloiltoncajuhy.com.br\/site\/wp-content\/uploads\/2024\/03\/MEC-oferta-curso-EAD-para-professores-Foto-Horabrasil.jpg?ssl=1\"><img data-recalc-dims=\"1\" fetchpriority=\"high\" decoding=\"async\" width=\"768\" height=\"512\" src=\"https:\/\/i0.wp.com\/blogdoeloiltoncajuhy.com.br\/site\/wp-content\/uploads\/2024\/03\/MEC-oferta-curso-EAD-para-professores-Foto-Horabrasil.jpg?resize=768%2C512&#038;ssl=1\" alt=\"\" class=\"wp-image-79961\" srcset=\"https:\/\/i0.wp.com\/blogdoeloiltoncajuhy.com.br\/site\/wp-content\/uploads\/2024\/03\/MEC-oferta-curso-EAD-para-professores-Foto-Horabrasil.jpg?w=768&amp;ssl=1 768w, https:\/\/i0.wp.com\/blogdoeloiltoncajuhy.com.br\/site\/wp-content\/uploads\/2024\/03\/MEC-oferta-curso-EAD-para-professores-Foto-Horabrasil.jpg?resize=300%2C200&amp;ssl=1 300w\" sizes=\"(max-width: 768px) 100vw, 768px\" \/><\/a><figcaption class=\"wp-element-caption\"><sub>MEC oferta curso EAD de Inova\u00e7\u00e3o e Transversalidade para professores &#8211; Foto: Horabrasil<\/sub><\/figcaption><\/figure>\n\n\n\n<p>O Minist\u00e9rio da Educa\u00e7\u00e3o (MEC), por meio da plataforma AVAMEC, est\u00e1 recebendo inscri\u00e7\u00f5es dos interessados em participar do curso a dist\u00e2ncia de Inova\u00e7\u00e3o e Transversalidade no Ensino M\u00e9dio: integrando a Educa\u00e7\u00e3o para o Tr\u00e2nsito aos Saberes Escolares por meio do Programa Conex\u00e3o DNIT.<\/p>\n\n\n\n<p>P\u00fablico-alvo do curso: educadores do Ensino M\u00e9dio e gestores escolares. Com carga hor\u00e1ria de 80 horas, o <strong><mark style=\"background-color:rgba(0, 0, 0, 0)\" class=\"has-inline-color has-black-color\">conte\u00fado do curso est\u00e1 dividido em quatro m\u00f3dulos:<\/mark><\/strong><\/p>\n\n\n\n<ul class=\"wp-block-list\">\n<li>M\u00f3dulo I \u2013 Educa\u00e7\u00e3o Problematizadora no Ensino M\u00e9dio e o tr\u00e2nsito como tema transversal<\/li>\n\n\n\n<li>M\u00f3dulo II \u2013 As Juventudes no Ensino M\u00e9dio e as experi\u00eancias juvenis no tr\u00e2nsito<\/li>\n\n\n\n<li>M\u00f3dulo III \u2013 O Planejamento no Ensino M\u00e9dio: Mapeando Experi\u00eancias de Educa\u00e7\u00e3o para o Tr\u00e2nsito<\/li>\n\n\n\n<li>M\u00f3dulo IV \u2013 Pr\u00e1ticas Pedag\u00f3gicas Inovadoras no Ensino M\u00e9dio para a Pr\u00e1xis no Tr\u00e2nsito<\/li>\n<\/ul>\n\n\n\n<p><\/p>\n\n\n\n<p>Um dos objetivos do curso \u00e9 formar educadores do Ensino M\u00e9dio para que possam usar estrat\u00e9gias did\u00e1ticas que busquem aperfei\u00e7oar as pr\u00e1ticas docentes, integrando os temas contempor\u00e2neos transversais aos saberes escolares e aos problemas de jovens estudantes do Ensino M\u00e9dio, focando na Educa\u00e7\u00e3o para o Tr\u00e2nsito mediada pelo Programa Conex\u00e3o DNIT e consolidando o protagonismo juvenil e a forma\u00e7\u00e3o cidad\u00e3.<\/p>\n\n\n\n<h2 class=\"wp-block-heading\"><strong><mark style=\"background-color:rgba(0, 0, 0, 0)\" class=\"has-inline-color has-black-color\">Como se inscrever<\/mark><\/strong><\/h2>\n\n\n\n<p>As inscri\u00e7\u00f5es podem ser realizadas at\u00e9 o dia 1\u00ba de abril. No momento da publica\u00e7\u00e3o deste conte\u00fado, havia 127 vagas dispon\u00edveis no no endere\u00e7o eletr\u00f4nico <a href=\"https:\/\/avamec.mec.gov.br\/#\/instituicao\/dnit\/curso\/15314\/informacoes\" data-type=\"link\" data-id=\"https:\/\/avamec.mec.gov.br\/#\/instituicao\/dnit\/curso\/15314\/informacoes\"><strong><mark style=\"background-color:rgba(0, 0, 0, 0)\" class=\"has-inline-color has-vivid-cyan-blue-color\">https:\/\/avamec.mec.gov.br\/#\/instituicao\/dnit\/curso\/15314\/informacoes<\/mark><\/strong><\/a>.<\/p>\n\n\n\n<p>Ap\u00f3s realizar a inscri\u00e7\u00e3o, o participante deve concluir o curso at\u00e9 dia 29 de abril.<\/p>\n\n\n\n<h2 class=\"wp-block-heading\"><strong><mark style=\"background-color:rgba(0, 0, 0, 0)\" class=\"has-inline-color has-black-color\">Certificado<\/mark><\/strong><\/h2>\n\n\n\n<p>O certificado para os aprovados estar\u00e1 dispon\u00edvel, online, por meio do ambiente AVAMEC. Para fazer o download ou imprimir o certificado, basta acessar o ambiente AVAMEC, utilizando login e senha. Caso tenha alguma d\u00favida ou dificuldade em acessar o ambiente, entre em contato com a equipe de suporte t\u00e9cnico.<\/p>\n\n\n\n<p>Mais informa\u00e7\u00f5es WhatsApp: (48) 99810-1717.<\/p>\n","protected":false},"excerpt":{"rendered":"<p>Horabrasil O Minist\u00e9rio da Educa\u00e7\u00e3o (MEC), por meio da plataforma AVAMEC, est\u00e1 recebendo inscri\u00e7\u00f5es dos interessados em participar do curso a dist\u00e2ncia de Inova\u00e7\u00e3o e Transversalidade no Ensino M\u00e9dio: integrando a Educa\u00e7\u00e3o para o Tr\u00e2nsito aos Saberes Escolares por meio do Programa Conex\u00e3o DNIT. P\u00fablico-alvo do curso: educadores do Ensino M\u00e9dio e gestores escolares. Com [&hellip;]<\/p>\n","protected":false},"author":2,"featured_media":79961,"comment_status":"open","ping_status":"open","sticky":false,"template":"","format":"standard","meta":{"_acf_changed":false,"_monsterinsights_skip_tracking":false,"_monsterinsights_sitenote_active":false,"_monsterinsights_sitenote_note":"","_monsterinsights_sitenote_category":0,"_jetpack_memberships_contains_paid_content":false,"footnotes":"","jetpack_publicize_message":"","jetpack_publicize_feature_enabled":true,"jetpack_social_post_already_shared":true,"jetpack_social_options":{"image_generator_settings":{"template":"highway","default_image_id":0,"font":"","enabled":false},"version":2}},"categories":[32],"tags":[],"class_list":["post-79960","post","type-post","status-publish","format-standard","has-post-thumbnail","hentry","category-emprego"],"acf":[],"jetpack_publicize_connections":[],"jetpack_featured_media_url":"https:\/\/i0.wp.com\/blogdoeloiltoncajuhy.com.br\/site\/wp-content\/uploads\/2024\/03\/MEC-oferta-curso-EAD-para-professores-Foto-Horabrasil.jpg?fit=768%2C512&ssl=1","jetpack_sharing_enabled":true,"publishpress_future_workflow_manual_trigger":{"enabledWorkflows":[]},"_links":{"self":[{"href":"https:\/\/blogdoeloiltoncajuhy.com.br\/site\/wp-json\/wp\/v2\/posts\/79960","targetHints":{"allow":["GET"]}}],"collection":[{"href":"https:\/\/blogdoeloiltoncajuhy.com.br\/site\/wp-json\/wp\/v2\/posts"}],"about":[{"href":"https:\/\/blogdoeloiltoncajuhy.com.br\/site\/wp-json\/wp\/v2\/types\/post"}],"author":[{"embeddable":true,"href":"https:\/\/blogdoeloiltoncajuhy.com.br\/site\/wp-json\/wp\/v2\/users\/2"}],"replies":[{"embeddable":true,"href":"https:\/\/blogdoeloiltoncajuhy.com.br\/site\/wp-json\/wp\/v2\/comments?post=79960"}],"version-history":[{"count":1,"href":"https:\/\/blogdoeloiltoncajuhy.com.br\/site\/wp-json\/wp\/v2\/posts\/79960\/revisions"}],"predecessor-version":[{"id":79962,"href":"https:\/\/blogdoeloiltoncajuhy.com.br\/site\/wp-json\/wp\/v2\/posts\/79960\/revisions\/79962"}],"wp:featuredmedia":[{"embeddable":true,"href":"https:\/\/blogdoeloiltoncajuhy.com.br\/site\/wp-json\/wp\/v2\/media\/79961"}],"wp:attachment":[{"href":"https:\/\/blogdoeloiltoncajuhy.com.br\/site\/wp-json\/wp\/v2\/media?parent=79960"}],"wp:term":[{"taxonomy":"category","embeddable":true,"href":"https:\/\/blogdoeloiltoncajuhy.com.br\/site\/wp-json\/wp\/v2\/categories?post=79960"},{"taxonomy":"post_tag","embeddable":true,"href":"https:\/\/blogdoeloiltoncajuhy.com.br\/site\/wp-json\/wp\/v2\/tags?post=79960"}],"curies":[{"name":"wp","href":"https:\/\/api.w.org\/{rel}","templated":true}]}}