{"id":79957,"date":"2024-03-28T06:00:00","date_gmt":"2024-03-28T09:00:00","guid":{"rendered":"https:\/\/blogdoeloiltoncajuhy.com.br\/site\/?p=79957"},"modified":"2024-03-27T20:51:09","modified_gmt":"2024-03-27T23:51:09","slug":"apos-6-anos-stf-voltara-a-discutir-alcance-do-foro-privilegiado-de-parlamentares-e-ministros","status":"publish","type":"post","link":"https:\/\/blogdoeloiltoncajuhy.com.br\/site\/apos-6-anos-stf-voltara-a-discutir-alcance-do-foro-privilegiado-de-parlamentares-e-ministros\/","title":{"rendered":"Ap\u00f3s 6 anos, STF voltar\u00e1 a discutir alcance do &#8216;foro privilegiado&#8217; de parlamentares e ministros"},"content":{"rendered":"\n<p class=\"has-medium-font-size\"><strong>Ministro Gilmar Mendes levou para an\u00e1lise do plen\u00e1rio da Corte caso de senador que \u00e9 r\u00e9u na primeira inst\u00e2ncia por suposta rachadinha quando era deputado. Em 2018, STF decidiu que encerramento do mandato implica envio de processo ao primeiro grau.<\/strong><\/p>\n\n\n\n<p><strong>Por M\u00e1rcio Falc\u00e3o, TV Globo<\/strong> \u2014 Bras\u00edlia<\/p>\n\n\n\n<figure class=\"wp-block-image aligncenter size-full\"><a href=\"https:\/\/i0.wp.com\/blogdoeloiltoncajuhy.com.br\/site\/wp-content\/uploads\/2024\/03\/Senador-Zequinha-Marinho-PL-PA-%E2%80%94-Foto-Jane-Araujo-Ag.-Senado.jpeg?ssl=1\"><img data-recalc-dims=\"1\" fetchpriority=\"high\" decoding=\"async\" width=\"700\" height=\"466\" src=\"https:\/\/i0.wp.com\/blogdoeloiltoncajuhy.com.br\/site\/wp-content\/uploads\/2024\/03\/Senador-Zequinha-Marinho-PL-PA-%E2%80%94-Foto-Jane-Araujo-Ag.-Senado.jpeg?resize=700%2C466&#038;ssl=1\" alt=\"\" class=\"wp-image-79958\" srcset=\"https:\/\/i0.wp.com\/blogdoeloiltoncajuhy.com.br\/site\/wp-content\/uploads\/2024\/03\/Senador-Zequinha-Marinho-PL-PA-%E2%80%94-Foto-Jane-Araujo-Ag.-Senado.jpeg?w=700&amp;ssl=1 700w, https:\/\/i0.wp.com\/blogdoeloiltoncajuhy.com.br\/site\/wp-content\/uploads\/2024\/03\/Senador-Zequinha-Marinho-PL-PA-%E2%80%94-Foto-Jane-Araujo-Ag.-Senado.jpeg?resize=300%2C200&amp;ssl=1 300w\" sizes=\"(max-width: 700px) 100vw, 700px\" \/><\/a><figcaption class=\"wp-element-caption\"><sub>Senador Zequinha Marinho (PL-PA) \u00e9 r\u00e9u na Justi\u00e7a Federal acusado de ter exigido que funcion\u00e1rios do gabinete depositassem parte de sal\u00e1rio na conta do partido \u2014 Foto: Jane Ara\u00fajo\/Ag. Senado<\/sub><\/figcaption><\/figure>\n\n\n\n<p>O ministro Gilmar Mendes, do Supremo Tribunal Federal (STF), decidiu nesta quinta-feira (27) levar para julgamento no plen\u00e1rio da Corte um caso que pode, ap\u00f3s seis anos, rediscutir a restri\u00e7\u00e3o do foro privilegiado de deputados, senadores e ministros.<\/p>\n\n\n\n<p>O STF entende, desde 2018, que as investiga\u00e7\u00f5es ficam na Corte quando envolve crimes cometidos no mandato ou em fun\u00e7\u00e3o do cargo.<\/p>\n\n\n\n<p>Ficou definido naquele ano que, de forma geral, o encerramento do mandato parlamentar por ren\u00fancia, cassa\u00e7\u00e3o, n\u00e3o reelei\u00e7\u00e3o, por exemplo, implica o envio da apura\u00e7\u00e3o para a primeira inst\u00e2ncia (<a class=\"\" href=\"https:\/\/g1.globo.com\/politica\/noticia\/2024\/03\/27\/apos-6-anos-stf-voltara-a-discutir-alcance-do-foro-privilegiado-de-parlamentares-e-ministros.ghtml#1\"><em><strong><mark style=\"background-color:rgba(0, 0, 0, 0)\" class=\"has-inline-color has-vivid-cyan-blue-color\">relembre aqui<\/mark><\/strong><\/em><\/a>).<\/p>\n\n\n\n<p>Gilmar Mendes afirmou que o julgamento que levou ao plen\u00e1rio pode \u201crecalibrar os contornos do foro por prerrogativa de fun\u00e7\u00e3o\u201d. O caso envolve um habeas corpus do senador Zequinha Marinho (PL-PA), que pediu para ter sua situa\u00e7\u00e3o analisada no Supremo.<\/p>\n\n\n\n<p>Ele \u00e9 r\u00e9u na Justi\u00e7a Federal do DF sob acusa\u00e7\u00e3o de que, entre 2007 e 2015, no exerc\u00edcio do cargo de deputado federal, teria exigido que servidores de seu gabinete depositassem mensalmente 5% de seus sal\u00e1rios nas contas do partido, sob pena de exonera\u00e7\u00e3o.<\/p>\n\n\n\n<p>A defesa alega que o STF \u00e9 o tribunal competente para julgar o caso porque ele ocupou sem interrup\u00e7\u00e3o fun\u00e7\u00f5es com foro, exercendo mandatos de deputado federal (2007-2011 e 2011-2015), vice-governador do Par\u00e1 (2015-2018), e senador da Rep\u00fablica, a partir de 2019.<\/p>\n\n\n\n<p>Segundo Mendes, \u201cno caso dos autos, a tese trazida a debate n\u00e3o apenas \u00e9 relevante, como tamb\u00e9m pode reconfigurar o alcance de um instituto que \u00e9 essencial para assegurar o livre exerc\u00edcio de cargos p\u00fablicos e mandatos eletivos, garantindo autonomia aos seus titulares&#8221;.<\/p>\n\n\n\n<p>&#8220;\u00c9 caso, portanto, de julgamento pelo plen\u00e1rio, at\u00e9 mesmo para estabilizar a interpreta\u00e7\u00e3o da Constitui\u00e7\u00e3o sobre a mat\u00e9ria\u201d, afirmou o ministro no despacho.<\/p>\n","protected":false},"excerpt":{"rendered":"<p>Ministro Gilmar Mendes levou para an\u00e1lise do plen\u00e1rio da Corte caso de senador que \u00e9 r\u00e9u na primeira inst\u00e2ncia por suposta rachadinha quando era deputado. Em 2018, STF decidiu que encerramento do mandato implica envio de processo ao primeiro grau. Por M\u00e1rcio Falc\u00e3o, TV Globo \u2014 Bras\u00edlia O ministro Gilmar Mendes, do Supremo Tribunal Federal [&hellip;]<\/p>\n","protected":false},"author":2,"featured_media":1295,"comment_status":"open","ping_status":"open","sticky":false,"template":"","format":"standard","meta":{"_acf_changed":false,"_monsterinsights_skip_tracking":false,"_monsterinsights_sitenote_active":false,"_monsterinsights_sitenote_note":"","_monsterinsights_sitenote_category":0,"_jetpack_memberships_contains_paid_content":false,"footnotes":"","jetpack_publicize_message":"","jetpack_publicize_feature_enabled":true,"jetpack_social_post_already_shared":true,"jetpack_social_options":{"image_generator_settings":{"template":"highway","default_image_id":0,"font":"","enabled":false},"version":2}},"categories":[3],"tags":[],"class_list":["post-79957","post","type-post","status-publish","format-standard","has-post-thumbnail","hentry","category-politica"],"acf":[],"jetpack_publicize_connections":[],"jetpack_featured_media_url":"https:\/\/i0.wp.com\/blogdoeloiltoncajuhy.com.br\/site\/wp-content\/uploads\/2015\/06\/STF.jpg?fit=380%2C280&ssl=1","jetpack_sharing_enabled":true,"publishpress_future_workflow_manual_trigger":{"enabledWorkflows":[]},"_links":{"self":[{"href":"https:\/\/blogdoeloiltoncajuhy.com.br\/site\/wp-json\/wp\/v2\/posts\/79957","targetHints":{"allow":["GET"]}}],"collection":[{"href":"https:\/\/blogdoeloiltoncajuhy.com.br\/site\/wp-json\/wp\/v2\/posts"}],"about":[{"href":"https:\/\/blogdoeloiltoncajuhy.com.br\/site\/wp-json\/wp\/v2\/types\/post"}],"author":[{"embeddable":true,"href":"https:\/\/blogdoeloiltoncajuhy.com.br\/site\/wp-json\/wp\/v2\/users\/2"}],"replies":[{"embeddable":true,"href":"https:\/\/blogdoeloiltoncajuhy.com.br\/site\/wp-json\/wp\/v2\/comments?post=79957"}],"version-history":[{"count":1,"href":"https:\/\/blogdoeloiltoncajuhy.com.br\/site\/wp-json\/wp\/v2\/posts\/79957\/revisions"}],"predecessor-version":[{"id":79959,"href":"https:\/\/blogdoeloiltoncajuhy.com.br\/site\/wp-json\/wp\/v2\/posts\/79957\/revisions\/79959"}],"wp:featuredmedia":[{"embeddable":true,"href":"https:\/\/blogdoeloiltoncajuhy.com.br\/site\/wp-json\/wp\/v2\/media\/1295"}],"wp:attachment":[{"href":"https:\/\/blogdoeloiltoncajuhy.com.br\/site\/wp-json\/wp\/v2\/media?parent=79957"}],"wp:term":[{"taxonomy":"category","embeddable":true,"href":"https:\/\/blogdoeloiltoncajuhy.com.br\/site\/wp-json\/wp\/v2\/categories?post=79957"},{"taxonomy":"post_tag","embeddable":true,"href":"https:\/\/blogdoeloiltoncajuhy.com.br\/site\/wp-json\/wp\/v2\/tags?post=79957"}],"curies":[{"name":"wp","href":"https:\/\/api.w.org\/{rel}","templated":true}]}}