{"id":79954,"date":"2024-03-28T06:00:00","date_gmt":"2024-03-28T09:00:00","guid":{"rendered":"https:\/\/blogdoeloiltoncajuhy.com.br\/site\/?p=79954"},"modified":"2024-03-27T20:27:29","modified_gmt":"2024-03-27T23:27:29","slug":"conta-de-luz-consumo-de-energia-cresce-no-pais-idec-aponta-medidas-para-reduzir-custos","status":"publish","type":"post","link":"https:\/\/blogdoeloiltoncajuhy.com.br\/site\/conta-de-luz-consumo-de-energia-cresce-no-pais-idec-aponta-medidas-para-reduzir-custos\/","title":{"rendered":"Conta de luz: Consumo de energia cresce no pa\u00eds; Idec aponta medidas para reduzir custos"},"content":{"rendered":"\n<p class=\"has-medium-font-size\"><strong>Eletrodom\u00e9sticos mais eficientes e modernos ajudam a diminuir as despesas dentro de casa, mas pequenas mudan\u00e7as de h\u00e1bito tamb\u00e9m ajudam a economizar. Saiba como calcular o gasto de cada aparelho na conta de luz.<\/strong><\/p>\n\n\n\n<p><strong>Por Brasil 61<\/strong><\/p>\n\n\n\n<figure class=\"wp-block-image aligncenter size-full is-resized\"><a href=\"https:\/\/i0.wp.com\/blogdoeloiltoncajuhy.com.br\/site\/wp-content\/uploads\/2024\/03\/Conta-de-luz-energia-Foto-Reproducao-Freepik.jpg?ssl=1\"><img data-recalc-dims=\"1\" fetchpriority=\"high\" decoding=\"async\" width=\"500\" height=\"320\" src=\"https:\/\/i0.wp.com\/blogdoeloiltoncajuhy.com.br\/site\/wp-content\/uploads\/2024\/03\/Conta-de-luz-energia-Foto-Reproducao-Freepik.jpg?resize=500%2C320&#038;ssl=1\" alt=\"\" class=\"wp-image-79955\" style=\"width:725px;height:auto\" srcset=\"https:\/\/i0.wp.com\/blogdoeloiltoncajuhy.com.br\/site\/wp-content\/uploads\/2024\/03\/Conta-de-luz-energia-Foto-Reproducao-Freepik.jpg?w=500&amp;ssl=1 500w, https:\/\/i0.wp.com\/blogdoeloiltoncajuhy.com.br\/site\/wp-content\/uploads\/2024\/03\/Conta-de-luz-energia-Foto-Reproducao-Freepik.jpg?resize=300%2C192&amp;ssl=1 300w\" sizes=\"(max-width: 500px) 100vw, 500px\" \/><\/a><figcaption class=\"wp-element-caption\"><sub>Foto: Reprodu\u00e7\u00e3o Freepik<\/sub><\/figcaption><\/figure>\n\n\n\n<p>Numa casa onde se tomam 10 banhos por dia, \u00e9 dif\u00edcil economizar na conta de energia. E essa fatura \u00e9 uma das que pesam no fim do m\u00eas na casa da cabeleireira Vanessa Gon\u00e7alves, de Bras\u00edlia. Ela mora com o marido e tr\u00eas filhos e gasta, em m\u00e9dia, R$ 600 por m\u00eas de luz. Apesar de tanto chuveiro ligado, ela encontrou mais uma \u201cvil\u00e3\u201d a culpar.<\/p>\n\n\n\n<p>\u201cA culpa \u00e9 da m\u00e1quina de lavar \u2013 lava e seca \u2013, que fica 24 horas ligada. Somos cinco pessoas e temos muita roupa para lavar todos os dias\u201d.&nbsp;<\/p>\n\n\n\n<p>O custo da energia, de fato, impacta na vida do consumidor brasileiro. Um dos fatores, segundo a C\u00e2mara de Comercializa\u00e7\u00e3o de Energia El\u00e9trica (CCEE), \u00e9 a temperatura acima da m\u00e9dia \u2014 que impulsionou o crescimento do consumo de energia no pa\u00eds no m\u00eas de janeiro de 2024. Com mais aparelhos de ar-condicionado e ventiladores ligados, o consumo de energia no pa\u00eds cresceu 6,6% em compara\u00e7\u00e3o com o mesmo per\u00edodo do ano passado.<\/p>\n\n\n\n<p>Diante desse cen\u00e1rio, o Instituto Brasileiro de Defesa do Consumidor (Idec) recomenda aos brasileiros ficar atentos \u00e0 efici\u00eancia energ\u00e9tica dos eletrodom\u00e9sticos, como ventiladores, lavadoras de roupa, geladeiras, freezers e televisores. Os aparelhos eficientes s\u00e3o aqueles, segundo o Instituto, que usam \u201cmenos energia para realizar a mesma tarefa ou produzir o mesmo resultado\u201d.<\/p>\n\n\n\n<p>A coordenadora do Programa de Energia do Idec, Renata Albuquerque, ressalta que a escolha dos equipamentos \u00e9 fundamental para reduzir o consumo e minimizar o impacto do alto custo da conta de energia no or\u00e7amento.<\/p>\n\n\n\n<p>\u201cA economia come\u00e7a por a\u00ed. Sempre que poss\u00edvel, \u00e9 importante que a pessoa opte pelos modelos com melhores \u00edndices de efici\u00eancia energ\u00e9tica. Esses modelos s\u00e3o indicados com a nota A do programa de etiquetagem do Inmetro. \u00c9 uma etiqueta bem familiar aos olhos dos brasileiros. Justamente por usar menos energia, o pre\u00e7o desses produtos acaba sendo compensado em pouco tempo\u201d.<\/p>\n\n\n\n<p>A Etiqueta Nacional de Conserva\u00e7\u00e3o de Energia (ENCE) ajuda o consumidor a comparar os aparelhos que consomem menos eletricidade para funcionar. Essa etiqueta apresenta informa\u00e7\u00f5es importantes como a escala de efici\u00eancia energ\u00e9tica e o consumo de energia mensal.<\/p>\n\n\n\n<p class=\"has-black-color has-text-color has-link-color has-medium-font-size wp-elements-73ca5089c5db795faf8e7ac03e6758dd\"><strong>Geladeira, a campe\u00e3 de consumo<\/strong><\/p>\n\n\n\n<p>Eletrodom\u00e9sticos que produzem frio ou calor costumam ser os que mais consomem energia el\u00e9trica dentro de casa. Aparelhos de ar-condicionado, geladeira, ferro de passar roupa, chuveiro el\u00e9trico e sanduicheiras. Segundo o Idec, dependendo do perfil de consumo de cada resid\u00eancia, as geladeiras podem ser respons\u00e1veis por cerca de 30% do consumo dom\u00e9stico.<\/p>\n\n\n\n<p>\u201cO consumo da geladeira varia de acordo com o tamanho e a efici\u00eancia do equipamento, mas a forma como o eletrodom\u00e9stico \u00e9 usado no dia a dia tamb\u00e9m influencia no gasto no fim do m\u00eas. Pequenas mudan\u00e7as e h\u00e1bitos fazem a diferen\u00e7a no fim das contas\u201d, explica a coordenadora do Idec, Renata Albuquerque.<\/p>\n\n\n\n<p>O Idec lista medidas que podem ajudar a economizar energia dentro de casa. &nbsp;Com as geladeiras, a orienta\u00e7\u00e3o \u00e9 ficar atento na hora da instala\u00e7\u00e3o e consultar o manual do aparelho, respeitando as dist\u00e2ncias indicadas das paredes ou m\u00f3veis. N\u00e3o \u00e9 recomend\u00e1vel colocar o eletrodom\u00e9stico ao lado do fog\u00e3o ou de outras fontes de calor, como fornos el\u00e9tricos. O termostato (sistema que regula a temperatura da geladeira) deve ser ajustado para n\u00e3o deixar a temperatura interna a mais baixa poss\u00edvel, garantindo a refrigera\u00e7\u00e3o adequada dos alimentos com seguran\u00e7a e menor gasto de energia. Caso o aparelho n\u00e3o tenha a tecnologia frost free, \u00e9 preciso limpar com frequ\u00eancia para evitar a forma\u00e7\u00e3o de gelo.<\/p>\n\n\n\n<p>\u201cNo caso da cozinha, prestar aten\u00e7\u00e3o na sua geladeira: evite abrir as portas desnecessariamente. Nunca guarde alimentos quentes. Ajuste a temperatura para garantir que os alimentos v\u00e3o ter a refrigera\u00e7\u00e3o adequada\u201d, ressalta Renata Albuquerque.&nbsp;<\/p>\n\n\n\n<p>Para os aparelhos de ar-condicionado, \u00e9 preciso avaliar a pot\u00eancia adequada ao tamanho do ambiente onde ser\u00e1 instalado. O instituto aconselha ainda os aparelhos com a tecnologia inverter \u2013 que consome menos energia e mant\u00e9m a temperatura est\u00e1vel \u2013 e com a nota A do Inmetro. No dia a dia, o Idec recomenda manter portas e janelas fechadas durante o uso, com temperaturas entre 23 e 24 \u00baC, e a limpeza do filtro do aparelho com regularidade.<\/p>\n\n\n\n<p>J\u00e1 no uso de l\u00e2mpadas, o recomend\u00e1vel \u00e9 optar pelas LED \u2013 elas t\u00eam a tecnologia mais econ\u00f4mica para ilumina\u00e7\u00e3o dispon\u00edvel. Sempre apagar as luzes ao sair de um c\u00f4modo. Outra medida \u00e9 pintar os ambientes com cores claras, para que possam ser iluminados com l\u00e2mpadas de baixa pot\u00eancia.<\/p>\n\n\n\n<p>Para quem n\u00e3o tem nos planos trocar os eletrodom\u00e9sticos que j\u00e1 possui, \u00e9 preciso estar atento \u00e0 manuten\u00e7\u00e3o.&nbsp;<\/p>\n\n\n\n<p class=\"has-black-color has-text-color has-link-color has-medium-font-size wp-elements-b7185886e428d7c1e1bbba228cf9694f\"><strong>Como mensurar o gasto<\/strong><\/p>\n\n\n\n<p>\u00c9 poss\u00edvel fazer o c\u00e1lculo de quanto cada aparelho consome na sua conta de luz. A coordenadora do Idec Renata Albuquerque explica como.\u00a0<\/p>\n\n\n\n<p>\u201cPara isso, \u00e9 preciso multiplicar a pot\u00eancia do seu aparelho pelo tempo que ficou ligado consumindo energia e, depois, multiplicar pelo pre\u00e7o cobrado por kilowatts\/hora e voc\u00ea ter\u00e1 o valor que foi gasto para cada equipamento\u201d.&nbsp;<\/p>\n\n\n\n<p>Se fizer essa conta cada vez que usar o equipamento, ser\u00e1 poss\u00edvel compreender o quanto esse eletrodom\u00e9stico est\u00e1 pesando na sua conta de luz.&nbsp;<\/p>\n\n\n\n<p class=\"has-black-color has-text-color has-link-color has-medium-font-size wp-elements-5469b7cca4c12947f88b75b821415779\"><strong>Consumo de energia<\/strong><\/p>\n\n\n\n<p>Em 2023, o Brasil consumiu 69.363 megawatts m\u00e9dios de energia el\u00e9trica. A quantidade representa um aumento de 3,7% em rela\u00e7\u00e3o a 2022. Os dados constam em estudo da CCEE. O resultado foi influenciado, entre outros fatores, pelas ondas de calor registradas no pa\u00eds no segundo semestre do ano passado, e pelo \u201cbom desempenho de alguns setores da economia.<\/p>\n\n\n\n<p>E o aumento no consumo de energia repercute na economia brasileira. O presidente da Frente Nacional dos Consumidores de Energia, Luiz Eduardo Barata, explica que o impacto n\u00e3o vem apenas quando o consumidor paga a conta de luz. O custo da energia acaba sendo repassado no pre\u00e7o dos produtos e servi\u00e7os contratados.&nbsp;<\/p>\n\n\n\n<p>\u201cNo p\u00e3o, na carne, a participa\u00e7\u00e3o do custo da energia \u00e9 superior a 30%. Quando aumenta a conta de luz, aumenta o custo da energia, todos os bens que compramos e todos os servi\u00e7os que contratamos, impactando nos \u00edndices de infla\u00e7\u00e3o no pa\u00eds\u201d, afirma Luiz Eduardo Barata.<\/p>\n\n\n\n<p>O presidente da Frente Nacional dos Consumidores de Energia alerta ainda para o fato de que, ainda que o consumidor economize, a conta de luz dos brasileiros \u00e9 uma das mais caras do mundo.<\/p>\n\n\n\n<p>\u201cIsso se deve, principalmente, aos encargos adicionados ao custo da energia, da transmiss\u00e3o e da distribui\u00e7\u00e3o, fazendo com que a vida do consumidor tenha uma participa\u00e7\u00e3o para energia el\u00e9trica superior a 20%. Isso faz com que muitas fam\u00edlias tenham que deixar de consumir para poder pagar a conta de luz. Faz com que uma parcela grande da sociedade atrase o pagamento\u201d, destaca.&nbsp;<\/p>\n\n\n\n<p>De acordo com a Frente, 40% do custo da energia el\u00e9trica no pa\u00eds s\u00e3o tributos, encargos e perdas. A entidade apresentou um pacote com 10 prioridades ao Minist\u00e9rio de Minas e Energia com objetivo de reduzir a conta do consumidor. Iniciar uma reforma do setor el\u00e9trico e reavaliar os subs\u00eddios existentes na tarifa cobrados do consumidor est\u00e3o entre as medidas.<\/p>\n","protected":false},"excerpt":{"rendered":"<p>Eletrodom\u00e9sticos mais eficientes e modernos ajudam a diminuir as despesas dentro de casa, mas pequenas mudan\u00e7as de h\u00e1bito tamb\u00e9m ajudam a economizar. Saiba como calcular o gasto de cada aparelho na conta de luz. Por Brasil 61 Numa casa onde se tomam 10 banhos por dia, \u00e9 dif\u00edcil economizar na conta de energia. E essa [&hellip;]<\/p>\n","protected":false},"author":2,"featured_media":79955,"comment_status":"open","ping_status":"open","sticky":false,"template":"","format":"standard","meta":{"_acf_changed":false,"_monsterinsights_skip_tracking":false,"_monsterinsights_sitenote_active":false,"_monsterinsights_sitenote_note":"","_monsterinsights_sitenote_category":0,"_jetpack_memberships_contains_paid_content":false,"footnotes":"","jetpack_publicize_message":"","jetpack_publicize_feature_enabled":true,"jetpack_social_post_already_shared":true,"jetpack_social_options":{"image_generator_settings":{"template":"highway","default_image_id":0,"font":"","enabled":false},"version":2}},"categories":[31],"tags":[],"class_list":["post-79954","post","type-post","status-publish","format-standard","has-post-thumbnail","hentry","category-economia"],"acf":[],"jetpack_publicize_connections":[],"jetpack_featured_media_url":"https:\/\/i0.wp.com\/blogdoeloiltoncajuhy.com.br\/site\/wp-content\/uploads\/2024\/03\/Conta-de-luz-energia-Foto-Reproducao-Freepik.jpg?fit=500%2C320&ssl=1","jetpack_sharing_enabled":true,"publishpress_future_workflow_manual_trigger":{"enabledWorkflows":[]},"_links":{"self":[{"href":"https:\/\/blogdoeloiltoncajuhy.com.br\/site\/wp-json\/wp\/v2\/posts\/79954","targetHints":{"allow":["GET"]}}],"collection":[{"href":"https:\/\/blogdoeloiltoncajuhy.com.br\/site\/wp-json\/wp\/v2\/posts"}],"about":[{"href":"https:\/\/blogdoeloiltoncajuhy.com.br\/site\/wp-json\/wp\/v2\/types\/post"}],"author":[{"embeddable":true,"href":"https:\/\/blogdoeloiltoncajuhy.com.br\/site\/wp-json\/wp\/v2\/users\/2"}],"replies":[{"embeddable":true,"href":"https:\/\/blogdoeloiltoncajuhy.com.br\/site\/wp-json\/wp\/v2\/comments?post=79954"}],"version-history":[{"count":1,"href":"https:\/\/blogdoeloiltoncajuhy.com.br\/site\/wp-json\/wp\/v2\/posts\/79954\/revisions"}],"predecessor-version":[{"id":79956,"href":"https:\/\/blogdoeloiltoncajuhy.com.br\/site\/wp-json\/wp\/v2\/posts\/79954\/revisions\/79956"}],"wp:featuredmedia":[{"embeddable":true,"href":"https:\/\/blogdoeloiltoncajuhy.com.br\/site\/wp-json\/wp\/v2\/media\/79955"}],"wp:attachment":[{"href":"https:\/\/blogdoeloiltoncajuhy.com.br\/site\/wp-json\/wp\/v2\/media?parent=79954"}],"wp:term":[{"taxonomy":"category","embeddable":true,"href":"https:\/\/blogdoeloiltoncajuhy.com.br\/site\/wp-json\/wp\/v2\/categories?post=79954"},{"taxonomy":"post_tag","embeddable":true,"href":"https:\/\/blogdoeloiltoncajuhy.com.br\/site\/wp-json\/wp\/v2\/tags?post=79954"}],"curies":[{"name":"wp","href":"https:\/\/api.w.org\/{rel}","templated":true}]}}