{"id":79950,"date":"2024-03-28T06:00:00","date_gmt":"2024-03-28T09:00:00","guid":{"rendered":"https:\/\/blogdoeloiltoncajuhy.com.br\/site\/?p=79950"},"modified":"2024-03-27T19:55:04","modified_gmt":"2024-03-27T22:55:04","slug":"mortes-de-idosos-por-queda-na-bahia-superam-media-nacional-veja-numeros","status":"publish","type":"post","link":"https:\/\/blogdoeloiltoncajuhy.com.br\/site\/mortes-de-idosos-por-queda-na-bahia-superam-media-nacional-veja-numeros\/","title":{"rendered":"Mortes de idosos por queda na Bahia superam m\u00e9dia nacional; veja n\u00fameros"},"content":{"rendered":"\n<p><strong>Por Helder Azevedo\/Biz Comunica\u00e7\u00e3o Integrada<\/strong><\/p>\n\n\n\n<figure class=\"wp-block-image aligncenter size-full\"><a href=\"https:\/\/i0.wp.com\/blogdoeloiltoncajuhy.com.br\/site\/wp-content\/uploads\/2024\/03\/Idoso_queda_Foto-Shutterstock-1.png?ssl=1\"><img data-recalc-dims=\"1\" fetchpriority=\"high\" decoding=\"async\" width=\"700\" height=\"449\" src=\"https:\/\/i0.wp.com\/blogdoeloiltoncajuhy.com.br\/site\/wp-content\/uploads\/2024\/03\/Idoso_queda_Foto-Shutterstock-1.png?resize=700%2C449&#038;ssl=1\" alt=\"\" class=\"wp-image-79951\" srcset=\"https:\/\/i0.wp.com\/blogdoeloiltoncajuhy.com.br\/site\/wp-content\/uploads\/2024\/03\/Idoso_queda_Foto-Shutterstock-1.png?w=700&amp;ssl=1 700w, https:\/\/i0.wp.com\/blogdoeloiltoncajuhy.com.br\/site\/wp-content\/uploads\/2024\/03\/Idoso_queda_Foto-Shutterstock-1.png?resize=300%2C192&amp;ssl=1 300w\" sizes=\"(max-width: 700px) 100vw, 700px\" \/><\/a><figcaption class=\"wp-element-caption\"><sub>Foto: Shutterstock<\/sub><\/figcaption><\/figure>\n\n\n\n<p>Um levantamento de 2022 revelou um aumento alarmante no n\u00famero de mortes de idosos devido a quedas no Brasil. De acordo com informa\u00e7\u00f5es do Minist\u00e9rio da Sa\u00fade, passou de 4.816, em 2013, para 9.592, em 2022. As estat\u00edsticas s\u00e3o referentes \u00e0s quedas da pr\u00f3pria altura, quando a v\u00edtima est\u00e1 com os p\u00e9s no n\u00edvel do solo e acaba caindo.<\/p>\n\n\n\n<p>Na Bahia, houve um registro de um aumento significativo tamb\u00e9m, no entanto, em propor\u00e7\u00e3o um pouco maior do que a m\u00e9dia nacional. Dados da Secretaria da Sa\u00fade do Estado da Bahia (Sesab) indicam um total de 311 \u00f3bitos por queda do mesmo n\u00edvel, em 2013, e 680, em 2022, um acr\u00e9scimo de 118% em uma d\u00e9cada.<\/p>\n\n\n\n<p>Em 2022, aproximadamente 17% dessas mortes foram decorrentes de escorreg\u00f5es, trope\u00e7\u00f5es ou passos falsos. J\u00e1 em 2013, o n\u00famero de mortes pelas mesmas causas chegou a 10,9%. Esse tipo de acidente \u00e9 a terceira causa de mortalidade entre pessoas acima de 65 anos. Em todo pa\u00eds, foram 70.516 \u00f3bitos em uma d\u00e9cada (2013 a 2022), 5.052 delas ocorreram na Bahia.<\/p>\n\n\n\n<figure class=\"wp-block-image aligncenter size-full\"><a href=\"https:\/\/i0.wp.com\/blogdoeloiltoncajuhy.com.br\/site\/wp-content\/uploads\/2024\/03\/Idoso_queda-2Foto-Stock-Photos.png?ssl=1\"><img data-recalc-dims=\"1\" decoding=\"async\" width=\"700\" height=\"466\" src=\"https:\/\/i0.wp.com\/blogdoeloiltoncajuhy.com.br\/site\/wp-content\/uploads\/2024\/03\/Idoso_queda-2Foto-Stock-Photos.png?resize=700%2C466&#038;ssl=1\" alt=\"\" class=\"wp-image-79952\" srcset=\"https:\/\/i0.wp.com\/blogdoeloiltoncajuhy.com.br\/site\/wp-content\/uploads\/2024\/03\/Idoso_queda-2Foto-Stock-Photos.png?w=700&amp;ssl=1 700w, https:\/\/i0.wp.com\/blogdoeloiltoncajuhy.com.br\/site\/wp-content\/uploads\/2024\/03\/Idoso_queda-2Foto-Stock-Photos.png?resize=300%2C200&amp;ssl=1 300w\" sizes=\"(max-width: 700px) 100vw, 700px\" \/><\/a><figcaption class=\"wp-element-caption\"><sub>Foto: Stock Photos<\/sub><\/figcaption><\/figure>\n\n\n\n<p>Durante o per\u00edodo entre janeiro e novembro de 2023, a Sesab divulgou um total de 5.231 casos de idosos que foram hospitalizados devido a quedas, trope\u00e7\u00f5es ou passos em falso. A an\u00e1lise dos dados revela uma tend\u00eancia decrescente desses incidentes a partir do ano de 2016, mantendo-se um cen\u00e1rio relativamente est\u00e1vel at\u00e9 o ano de 2020. No entanto, houve um retorno a um aumento significativo dessas ocorr\u00eancias a partir desse mesmo ano. J\u00e1 em 2022, na Bahia, o n\u00famero de idosos internados devido a esse tipo de acidente alcan\u00e7ou a marca de 5.727 casos.<\/p>\n\n\n\n<p>Esse crescimento levanta preocupa\u00e7\u00f5es sobre a seguran\u00e7a e o cuidado com a popula\u00e7\u00e3o idosa, especialmente em um pa\u00eds onde o envelhecimento da popula\u00e7\u00e3o \u00e9 uma realidade crescente. Angelina Oliveira, enfermeira da Ammo Enfermagem, empresa especializada em servi\u00e7os de cuidadores e de enfermagem, alerta para o fato de que esse aumento pode ser atribu\u00eddo a uma s\u00e9rie de fatores, incluindo a falta de adapta\u00e7\u00e3o dos ambientes dom\u00e9sticos para a mobilidade dos idosos, a aus\u00eancia de medidas preventivas adequadas e a falta de conscientiza\u00e7\u00e3o sobre os riscos de quedas nessa faixa et\u00e1ria.<\/p>\n\n\n\n<p>Segundo Angelina de Oliveira, outro ponto importante que deve ser considerado \u00e9 a fragilidade f\u00edsica, com a perda de massa muscular, a diminui\u00e7\u00e3o da capacidade sensorial que contribuem para torn\u00e1-los mais suscet\u00edveis a acidentes desse tipo.<\/p>\n\n\n\n<p>Especialistas intensificam esfor\u00e7os para implementar medidas preventivas e educativas. Campanhas de conscientiza\u00e7\u00e3o sobre a preven\u00e7\u00e3o de quedas, com foco na adapta\u00e7\u00e3o dos ambientes dom\u00e9sticos, pr\u00e1tica regular de exerc\u00edcios f\u00edsicos para fortalecimento muscular e equil\u00edbrio, al\u00e9m da assist\u00eancia de um cuidador s\u00e3o essenciais para a preven\u00e7\u00e3o desses acidentes.<\/p>\n","protected":false},"excerpt":{"rendered":"<p>Por Helder Azevedo\/Biz Comunica\u00e7\u00e3o Integrada Um levantamento de 2022 revelou um aumento alarmante no n\u00famero de mortes de idosos devido a quedas no Brasil. De acordo com informa\u00e7\u00f5es do Minist\u00e9rio da Sa\u00fade, passou de 4.816, em 2013, para 9.592, em 2022. As estat\u00edsticas s\u00e3o referentes \u00e0s quedas da pr\u00f3pria altura, quando a v\u00edtima est\u00e1 com [&hellip;]<\/p>\n","protected":false},"author":2,"featured_media":79951,"comment_status":"open","ping_status":"open","sticky":false,"template":"","format":"standard","meta":{"_acf_changed":false,"_monsterinsights_skip_tracking":false,"_monsterinsights_sitenote_active":false,"_monsterinsights_sitenote_note":"","_monsterinsights_sitenote_category":0,"_jetpack_memberships_contains_paid_content":false,"footnotes":"","jetpack_publicize_message":"","jetpack_publicize_feature_enabled":true,"jetpack_social_post_already_shared":true,"jetpack_social_options":{"image_generator_settings":{"template":"highway","default_image_id":0,"font":"","enabled":false},"version":2}},"categories":[7],"tags":[],"class_list":["post-79950","post","type-post","status-publish","format-standard","has-post-thumbnail","hentry","category-saude"],"acf":[],"jetpack_publicize_connections":[],"jetpack_featured_media_url":"https:\/\/i0.wp.com\/blogdoeloiltoncajuhy.com.br\/site\/wp-content\/uploads\/2024\/03\/Idoso_queda_Foto-Shutterstock-1.png?fit=700%2C449&ssl=1","jetpack_sharing_enabled":true,"publishpress_future_workflow_manual_trigger":{"enabledWorkflows":[]},"_links":{"self":[{"href":"https:\/\/blogdoeloiltoncajuhy.com.br\/site\/wp-json\/wp\/v2\/posts\/79950","targetHints":{"allow":["GET"]}}],"collection":[{"href":"https:\/\/blogdoeloiltoncajuhy.com.br\/site\/wp-json\/wp\/v2\/posts"}],"about":[{"href":"https:\/\/blogdoeloiltoncajuhy.com.br\/site\/wp-json\/wp\/v2\/types\/post"}],"author":[{"embeddable":true,"href":"https:\/\/blogdoeloiltoncajuhy.com.br\/site\/wp-json\/wp\/v2\/users\/2"}],"replies":[{"embeddable":true,"href":"https:\/\/blogdoeloiltoncajuhy.com.br\/site\/wp-json\/wp\/v2\/comments?post=79950"}],"version-history":[{"count":1,"href":"https:\/\/blogdoeloiltoncajuhy.com.br\/site\/wp-json\/wp\/v2\/posts\/79950\/revisions"}],"predecessor-version":[{"id":79953,"href":"https:\/\/blogdoeloiltoncajuhy.com.br\/site\/wp-json\/wp\/v2\/posts\/79950\/revisions\/79953"}],"wp:featuredmedia":[{"embeddable":true,"href":"https:\/\/blogdoeloiltoncajuhy.com.br\/site\/wp-json\/wp\/v2\/media\/79951"}],"wp:attachment":[{"href":"https:\/\/blogdoeloiltoncajuhy.com.br\/site\/wp-json\/wp\/v2\/media?parent=79950"}],"wp:term":[{"taxonomy":"category","embeddable":true,"href":"https:\/\/blogdoeloiltoncajuhy.com.br\/site\/wp-json\/wp\/v2\/categories?post=79950"},{"taxonomy":"post_tag","embeddable":true,"href":"https:\/\/blogdoeloiltoncajuhy.com.br\/site\/wp-json\/wp\/v2\/tags?post=79950"}],"curies":[{"name":"wp","href":"https:\/\/api.w.org\/{rel}","templated":true}]}}