{"id":79943,"date":"2024-03-27T08:25:31","date_gmt":"2024-03-27T11:25:31","guid":{"rendered":"https:\/\/blogdoeloiltoncajuhy.com.br\/site\/?p=79943"},"modified":"2024-03-27T08:25:33","modified_gmt":"2024-03-27T11:25:33","slug":"eleicoes-2024-justica-eleitoral-recebe-mais-de-109-mil-pedidos-de-titulo-de-jovens-entre-15-e-18-anos-em-semana-de-mobilizacao","status":"publish","type":"post","link":"https:\/\/blogdoeloiltoncajuhy.com.br\/site\/eleicoes-2024-justica-eleitoral-recebe-mais-de-109-mil-pedidos-de-titulo-de-jovens-entre-15-e-18-anos-em-semana-de-mobilizacao\/","title":{"rendered":"Elei\u00e7\u00f5es 2024: Justi\u00e7a Eleitoral recebe mais de 109 mil pedidos de t\u00edtulo de jovens entre 15 e 18 anos em semana de mobiliza\u00e7\u00e3o"},"content":{"rendered":"\n<p class=\"has-medium-font-size\"><strong>Evento ocorreu entre os dias 18 e 22 de mar\u00e7o. Quem pretende tirar a primeira via do t\u00edtulo de eleitor tem at\u00e9 8 de maio para fazer a solicita\u00e7\u00e3o.<\/strong><\/p>\n\n\n\n<p><strong>Por Fernanda Vivas, g1 e TV Globo<\/strong> \u2014 Bras\u00edlia<\/p>\n\n\n\n<figure class=\"wp-block-image aligncenter size-full is-resized\"><a href=\"https:\/\/i0.wp.com\/blogdoeloiltoncajuhy.com.br\/site\/wp-content\/uploads\/2015\/04\/Titulo-Eleit..jpg\"><img data-recalc-dims=\"1\" fetchpriority=\"high\" decoding=\"async\" width=\"380\" height=\"280\" src=\"https:\/\/i0.wp.com\/blogdoeloiltoncajuhy.com.br\/site\/wp-content\/uploads\/2015\/04\/Titulo-Eleit..jpg?resize=380%2C280\" alt=\"\" class=\"wp-image-97\" style=\"width:597px;height:auto\" srcset=\"https:\/\/i0.wp.com\/blogdoeloiltoncajuhy.com.br\/site\/wp-content\/uploads\/2015\/04\/Titulo-Eleit..jpg?w=380&amp;ssl=1 380w, https:\/\/i0.wp.com\/blogdoeloiltoncajuhy.com.br\/site\/wp-content\/uploads\/2015\/04\/Titulo-Eleit..jpg?resize=300%2C221&amp;ssl=1 300w, https:\/\/i0.wp.com\/blogdoeloiltoncajuhy.com.br\/site\/wp-content\/uploads\/2015\/04\/Titulo-Eleit..jpg?resize=250%2C184&amp;ssl=1 250w\" sizes=\"(max-width: 380px) 100vw, 380px\" \/><\/a><figcaption class=\"wp-element-caption\"><sub>Reprodu\u00e7\u00e3o<\/sub><\/figcaption><\/figure>\n\n\n\n<p>Na Semana do Jovem Eleitor, a Justi\u00e7a Eleitoral recebeu, em todo o pa\u00eds, cerca de 109,3 mil pedidos de primeira via do t\u00edtulo de eleitor feitos por jovens entre 15 e 18 anos.<\/p>\n\n\n\n<p>A Semana \u00e9 um momento de mobiliza\u00e7\u00e3o nas redes sociais para incentivar a participa\u00e7\u00e3o de brasileiros nessa faixa et\u00e1ria nas decis\u00f5es pol\u00edticas.<\/p>\n\n\n\n<p>A campanha deste ano teve o nome de &#8220;Festival do Primeiro Voto &#8211; Sua voz vai fazer hist\u00f3ria&#8221; e ocorreu entre os dias 18 e 22 de mar\u00e7o.<\/p>\n\n\n\n<p>Os dados foram reunidos pelo Tribunal Superior Eleitoral (TSE) e consideram a idade que os solicitantes tinham no \u00faltimo dia de evento.<\/p>\n\n\n\n<p>Ao longo da semana, as redes sociais do Tribunal Superior Eleitoral divulgaram conte\u00fados para conscientizar os jovens sobre a import\u00e2ncia do primeiro voto, al\u00e9m de orienta\u00e7\u00f5es sobre como fazer o alistamento eleitoral.<\/p>\n\n\n\n<p>Os tribunais regionais eleitorais tamb\u00e9m realizaram a\u00e7\u00f5es locais para que o p\u00fablico dessa idade fizesse o pedido do primeiro t\u00edtulo e colhesse a biometria.<\/p>\n\n\n\n<p>O TSE contabilizou os requerimentos de alistamento eleitoral. Essas solicita\u00e7\u00f5es ser\u00e3o analisadas e, posteriormente, a Justi\u00e7a Eleitoral concede o documento, se n\u00e3o houver pend\u00eancias de documenta\u00e7\u00e3o.<\/p>\n\n\n\n<h2 class=\"wp-block-heading\"><strong><mark style=\"background-color:rgba(0, 0, 0, 0)\" class=\"has-inline-color has-black-color\">Prazos<\/mark><\/strong><\/h2>\n\n\n\n<p>A Semana do Jovem Eleitor terminou, mas ainda d\u00e1 tempo de tirar o documento. At\u00e9 o dia 8 de abril, os eleitores que v\u00e3o tirar a primeira via podem iniciar o pedido pela internet, no sistema de Autoatendimento Eleitoral do TSE.<\/p>\n\n\n\n<p>Depois de apresentar informa\u00e7\u00f5es e documentos, para finalizar a opera\u00e7\u00e3o, ser\u00e1 necess\u00e1rio comparecer a um cart\u00f3rio eleitoral em 30 dias para a coleta da biometria e assinatura digital.<\/p>\n\n\n\n<p>Para quem prefere resolver tudo no cart\u00f3rio eleitoral, presencialmente, o prazo final \u00e9 o dia 8 de maio.<\/p>\n\n\n\n<p>O voto \u00e9 facultativo para quem tem mais de 16 e menos de 18 anos. A partir de 18 anos, torna-se obrigat\u00f3rio.<\/p>\n\n\n\n<p>\u00c9 poss\u00edvel tirar o t\u00edtulo a partir dos 15 anos de idade. O voto, no entanto, s\u00f3 pode ser exercido se a pessoa tiver 16 anos completos.<\/p>\n\n\n\n<h2 class=\"wp-block-heading\"><strong><mark style=\"background-color:rgba(0, 0, 0, 0)\" class=\"has-inline-color has-black-color\">Pedidos de t\u00edtulo no TSE em 2024<\/mark><\/strong><\/h2>\n\n\n\n<p>Em janeiro e fevereiro deste ano, 417.146 jovens eleitores entre 15 e 17 anos pediram o primeiro t\u00edtulo \u00e0 Justi\u00e7a Eleitoral.<\/p>\n\n\n\n<p>Em janeiro, 203.742 jovens desse grupo fizeram o alistamento. Foram feitas solicita\u00e7\u00f5es de emiss\u00e3o de t\u00edtulos para:<\/p>\n\n\n\n<ul class=\"wp-block-list\">\n<li>22.069 jovens de 15 anos<\/li>\n\n\n\n<li>87.389 jovens de 16 anos<\/li>\n\n\n\n<li>94.284 jovens de 17 anos<\/li>\n<\/ul>\n\n\n\n<p><\/p>\n\n\n\n<p>Em fevereiro, 213.404 brasileiros na mesma faixa et\u00e1ria pediram o documento. Foram pedidos t\u00edtulos para:<\/p>\n\n\n\n<ul class=\"wp-block-list\">\n<li>27.901 jovens de 15 anos<\/li>\n\n\n\n<li>90.781 jovens de 16 anos<\/li>\n\n\n\n<li>94.722 jovens de 17 anos<\/li>\n<\/ul>\n\n\n\n<p><\/p>\n\n\n\n<p>Os dados fazem parte das estat\u00edsticas do Tribunal Superior Eleitoral.<\/p>\n\n\n\n<h2 class=\"wp-block-heading\"><strong><mark style=\"background-color:rgba(0, 0, 0, 0)\" class=\"has-inline-color has-black-color\">Cadastro eleitoral est\u00e1 aberto<\/mark><\/strong><\/h2>\n\n\n\n<p>Al\u00e9m dos jovens, podem ir \u00e0 Justi\u00e7a Eleitoral at\u00e9 o dia 8 de maio os eleitores que precisam alterar seus dados, fazer a transfer\u00eancia de domic\u00edlio eleitoral ou resolver pend\u00eancias.<\/p>\n\n\n\n<p>No dia 9, o cadastro vai fechar para que os tribunais organizem os dados e o procedimento das elei\u00e7\u00f5es municipais. Com isso, n\u00e3o ser\u00e1 mais poss\u00edvel realizar qualquer altera\u00e7\u00e3o at\u00e9 outubro.<\/p>\n\n\n\n<p>Elei\u00e7\u00f5es municipais<br>Em outubro, os brasileiros v\u00e3o \u00e0s urnas nos munic\u00edpios do pa\u00eds para eleger os novos prefeitos e vereadores. O primeiro turno est\u00e1 marcado para o dia 6.<\/p>\n\n\n\n<p>O segundo turno vai acontecer no dia 27, caso seja necess\u00e1rio, em cidades com mais de 200 mil eleitores.<\/p>\n","protected":false},"excerpt":{"rendered":"<p>Evento ocorreu entre os dias 18 e 22 de mar\u00e7o. Quem pretende tirar a primeira via do t\u00edtulo de eleitor tem at\u00e9 8 de maio para fazer a solicita\u00e7\u00e3o. Por Fernanda Vivas, g1 e TV Globo \u2014 Bras\u00edlia Na Semana do Jovem Eleitor, a Justi\u00e7a Eleitoral recebeu, em todo o pa\u00eds, cerca de 109,3 mil [&hellip;]<\/p>\n","protected":false},"author":2,"featured_media":12568,"comment_status":"open","ping_status":"open","sticky":false,"template":"","format":"standard","meta":{"_acf_changed":false,"_monsterinsights_skip_tracking":false,"_monsterinsights_sitenote_active":false,"_monsterinsights_sitenote_note":"","_monsterinsights_sitenote_category":0,"_jetpack_memberships_contains_paid_content":false,"footnotes":"","jetpack_publicize_message":"","jetpack_publicize_feature_enabled":true,"jetpack_social_post_already_shared":true,"jetpack_social_options":{"image_generator_settings":{"template":"highway","default_image_id":0,"font":"","enabled":false},"version":2}},"categories":[3],"tags":[],"class_list":["post-79943","post","type-post","status-publish","format-standard","has-post-thumbnail","hentry","category-politica"],"acf":[],"jetpack_publicize_connections":[],"jetpack_featured_media_url":"https:\/\/i0.wp.com\/blogdoeloiltoncajuhy.com.br\/site\/wp-content\/uploads\/2016\/10\/titulo-de-eleitor33.jpg?fit=620%2C465&ssl=1","jetpack_sharing_enabled":true,"publishpress_future_workflow_manual_trigger":{"enabledWorkflows":[]},"_links":{"self":[{"href":"https:\/\/blogdoeloiltoncajuhy.com.br\/site\/wp-json\/wp\/v2\/posts\/79943","targetHints":{"allow":["GET"]}}],"collection":[{"href":"https:\/\/blogdoeloiltoncajuhy.com.br\/site\/wp-json\/wp\/v2\/posts"}],"about":[{"href":"https:\/\/blogdoeloiltoncajuhy.com.br\/site\/wp-json\/wp\/v2\/types\/post"}],"author":[{"embeddable":true,"href":"https:\/\/blogdoeloiltoncajuhy.com.br\/site\/wp-json\/wp\/v2\/users\/2"}],"replies":[{"embeddable":true,"href":"https:\/\/blogdoeloiltoncajuhy.com.br\/site\/wp-json\/wp\/v2\/comments?post=79943"}],"version-history":[{"count":1,"href":"https:\/\/blogdoeloiltoncajuhy.com.br\/site\/wp-json\/wp\/v2\/posts\/79943\/revisions"}],"predecessor-version":[{"id":79944,"href":"https:\/\/blogdoeloiltoncajuhy.com.br\/site\/wp-json\/wp\/v2\/posts\/79943\/revisions\/79944"}],"wp:featuredmedia":[{"embeddable":true,"href":"https:\/\/blogdoeloiltoncajuhy.com.br\/site\/wp-json\/wp\/v2\/media\/12568"}],"wp:attachment":[{"href":"https:\/\/blogdoeloiltoncajuhy.com.br\/site\/wp-json\/wp\/v2\/media?parent=79943"}],"wp:term":[{"taxonomy":"category","embeddable":true,"href":"https:\/\/blogdoeloiltoncajuhy.com.br\/site\/wp-json\/wp\/v2\/categories?post=79943"},{"taxonomy":"post_tag","embeddable":true,"href":"https:\/\/blogdoeloiltoncajuhy.com.br\/site\/wp-json\/wp\/v2\/tags?post=79943"}],"curies":[{"name":"wp","href":"https:\/\/api.w.org\/{rel}","templated":true}]}}