{"id":79939,"date":"2024-03-27T08:17:34","date_gmt":"2024-03-27T11:17:34","guid":{"rendered":"https:\/\/blogdoeloiltoncajuhy.com.br\/site\/?p=79939"},"modified":"2024-03-27T08:17:37","modified_gmt":"2024-03-27T11:17:37","slug":"febre-aftosa-ultima-campanha-de-vacinacao-da-bahia-e-antecipada","status":"publish","type":"post","link":"https:\/\/blogdoeloiltoncajuhy.com.br\/site\/febre-aftosa-ultima-campanha-de-vacinacao-da-bahia-e-antecipada\/","title":{"rendered":"Febre aftosa: \u00faltima campanha de vacina\u00e7\u00e3o da Bahia \u00e9 antecipada"},"content":{"rendered":"\n<p class=\"has-medium-font-size\"><strong>Imuniza\u00e7\u00e3o dos rebanhos bovino e bubalino ser\u00e1 de 1\u00ba a 30 de abril, com a finaliza\u00e7\u00e3o de 146 ciclos.<\/strong><\/p>\n\n\n\n<p><strong>Por g1 BA<\/strong><\/p>\n\n\n\n<figure class=\"wp-block-image aligncenter size-full\"><a href=\"https:\/\/i0.wp.com\/blogdoeloiltoncajuhy.com.br\/site\/wp-content\/uploads\/2024\/03\/GOVBA_Vacinacao-contra-febre-aftosa-%E2%80%94-Foto-Carol-Garcia-GOVBA.jpg?ssl=1\"><img data-recalc-dims=\"1\" fetchpriority=\"high\" decoding=\"async\" width=\"700\" height=\"469\" src=\"https:\/\/i0.wp.com\/blogdoeloiltoncajuhy.com.br\/site\/wp-content\/uploads\/2024\/03\/GOVBA_Vacinacao-contra-febre-aftosa-%E2%80%94-Foto-Carol-Garcia-GOVBA.jpg?resize=700%2C469&#038;ssl=1\" alt=\"\" class=\"wp-image-79941\" srcset=\"https:\/\/i0.wp.com\/blogdoeloiltoncajuhy.com.br\/site\/wp-content\/uploads\/2024\/03\/GOVBA_Vacinacao-contra-febre-aftosa-%E2%80%94-Foto-Carol-Garcia-GOVBA.jpg?w=700&amp;ssl=1 700w, https:\/\/i0.wp.com\/blogdoeloiltoncajuhy.com.br\/site\/wp-content\/uploads\/2024\/03\/GOVBA_Vacinacao-contra-febre-aftosa-%E2%80%94-Foto-Carol-Garcia-GOVBA.jpg?resize=300%2C201&amp;ssl=1 300w\" sizes=\"(max-width: 700px) 100vw, 700px\" \/><\/a><figcaption class=\"wp-element-caption\"><sub>Vacina\u00e7\u00e3o contra febre aftosa acontece em abril na Bahia \u2014 Foto: Carol Garcia\/GOVBA<\/sub><\/figcaption><\/figure>\n\n\n\n<p>A \u00faltima campanha de vacina\u00e7\u00e3o contra a febre aftosa na Bahia foi antecipada: a imuniza\u00e7\u00e3o do gado come\u00e7ar\u00e1 na pr\u00f3xima segunda-feira (1\u00ba) e vai at\u00e9 30 de abril. O per\u00edodo \u00e9 considerado um marco hist\u00f3rico na defesa agropecu\u00e1ria do estado, al\u00e9m de finalizar 146 ciclos de imuniza\u00e7\u00e3o dos rebanhos bovino e bubalino, estimados em aproximadamente 13 milh\u00f5es de cabe\u00e7as em todo o territ\u00f3rio baiano.<\/p>\n\n\n\n<p>Desde 1968, os produtores locais vacinam seus rebanhos e, nos \u00faltimos 20 anos, a Bahia registrou \u00edndices vacinais acima dos 90% exigidos pelo Minist\u00e9rio da Agricultura e Pecu\u00e1ria (Mapa). O estado \u00e9 o s\u00e9timo no ranking nacional.<\/p>\n\n\n\n<p>Nesta \u00faltima etapa, a Ag\u00eancia de Defesa Agropecu\u00e1ria da Bahia (Adab) espera vacinar 100% dos rebanhos. Com isso, os produtores ter\u00e3o at\u00e9 17 de maio para declarar a vacina\u00e7\u00e3o e informar a geolocaliza\u00e7\u00e3o das propriedades pelo site ou em um dos 376 escrit\u00f3rios da Adab nos 27 Territ\u00f3rios de Identidade do estado.<\/p>\n\n\n\n<p>A ag\u00eancia destaca que o esfor\u00e7o conjunto com o setor produtivo foi o que possibilitou a chancela do Mapa para a suspens\u00e3o da vacina\u00e7\u00e3o a partir de maio deste ano.<\/p>\n\n\n\n<p>\u201cCom isso, haver\u00e1 uma economia direta de, aproximadamente, 100 milh\u00f5es de reais\/ano com custos para aquisi\u00e7\u00e3o de vacinas, manejo do rebanho, al\u00e9m de outros benef\u00edcios com a amplia\u00e7\u00e3o do parque agroindustrial e agrega\u00e7\u00e3o de valor \u00e0s exporta\u00e7\u00f5es com abertura de novos mercados\u201d, destaca o diretor geral da Adab, Paulo S\u00e9rgio Luz, salientando que o apoio do setor produtivo nesta \u00faltima campanha ser\u00e1 de extrema import\u00e2ncia para atingir a meta.<\/p>\n\n\n\n<h2 class=\"wp-block-heading\"><strong><mark style=\"background-color:rgba(0, 0, 0, 0)\" class=\"has-inline-color has-black-color\">Zona livre sem vacina\u00e7\u00e3o<\/mark><\/strong><\/h2>\n\n\n\n<p>Antes do in\u00edcio da campanha, equipes da Adab j\u00e1 est\u00e3o executando a vigil\u00e2ncia sorol\u00f3gica, a fim de demonstrar a aus\u00eancia do v\u00edrus na Bahia. A a\u00e7\u00e3o faz parte do Programa Nacional de Vigil\u00e2ncia para a Febre Aftosa (PNEFA) no ano de 2024.<\/p>\n\n\n\n<p>O objetivo \u00e9 comprovar que a Bahia tem condi\u00e7\u00f5es de pleitear a \u201cCertifica\u00e7\u00e3o Internacional de Zona Livre de Febre Aftosa Sem Vacina\u00e7\u00e3o\u201d.<\/p>\n\n\n\n<p>De acordo com a Adab, esse plano est\u00e1 alinhado com o C\u00f3digo Sanit\u00e1rio para os Animais Terrestres da Organiza\u00e7\u00e3o Mundial de Sa\u00fade Animal (OMSA) e com as diretrizes do Programa Hemisf\u00e9rico de Erradica\u00e7\u00e3o da Febre Aftosa (PHEFA), cuja meta \u00e9 erradicar a doen\u00e7a na Am\u00e9rica do Sul e suspender a vacina\u00e7\u00e3o gradualmente.<\/p>\n","protected":false},"excerpt":{"rendered":"<p>Imuniza\u00e7\u00e3o dos rebanhos bovino e bubalino ser\u00e1 de 1\u00ba a 30 de abril, com a finaliza\u00e7\u00e3o de 146 ciclos. Por g1 BA A \u00faltima campanha de vacina\u00e7\u00e3o contra a febre aftosa na Bahia foi antecipada: a imuniza\u00e7\u00e3o do gado come\u00e7ar\u00e1 na pr\u00f3xima segunda-feira (1\u00ba) e vai at\u00e9 30 de abril. O per\u00edodo \u00e9 considerado um [&hellip;]<\/p>\n","protected":false},"author":2,"featured_media":79941,"comment_status":"open","ping_status":"open","sticky":false,"template":"","format":"standard","meta":{"_acf_changed":false,"_monsterinsights_skip_tracking":false,"_monsterinsights_sitenote_active":false,"_monsterinsights_sitenote_note":"","_monsterinsights_sitenote_category":0,"_jetpack_memberships_contains_paid_content":false,"footnotes":"","jetpack_publicize_message":"","jetpack_publicize_feature_enabled":true,"jetpack_social_post_already_shared":true,"jetpack_social_options":{"image_generator_settings":{"template":"highway","default_image_id":0,"font":"","enabled":false},"version":2}},"categories":[5],"tags":[],"class_list":["post-79939","post","type-post","status-publish","format-standard","has-post-thumbnail","hentry","category-cotidiano"],"acf":[],"jetpack_publicize_connections":[],"jetpack_featured_media_url":"https:\/\/i0.wp.com\/blogdoeloiltoncajuhy.com.br\/site\/wp-content\/uploads\/2024\/03\/GOVBA_Vacinacao-contra-febre-aftosa-%E2%80%94-Foto-Carol-Garcia-GOVBA.jpg?fit=700%2C469&ssl=1","jetpack_sharing_enabled":true,"publishpress_future_workflow_manual_trigger":{"enabledWorkflows":[]},"_links":{"self":[{"href":"https:\/\/blogdoeloiltoncajuhy.com.br\/site\/wp-json\/wp\/v2\/posts\/79939","targetHints":{"allow":["GET"]}}],"collection":[{"href":"https:\/\/blogdoeloiltoncajuhy.com.br\/site\/wp-json\/wp\/v2\/posts"}],"about":[{"href":"https:\/\/blogdoeloiltoncajuhy.com.br\/site\/wp-json\/wp\/v2\/types\/post"}],"author":[{"embeddable":true,"href":"https:\/\/blogdoeloiltoncajuhy.com.br\/site\/wp-json\/wp\/v2\/users\/2"}],"replies":[{"embeddable":true,"href":"https:\/\/blogdoeloiltoncajuhy.com.br\/site\/wp-json\/wp\/v2\/comments?post=79939"}],"version-history":[{"count":1,"href":"https:\/\/blogdoeloiltoncajuhy.com.br\/site\/wp-json\/wp\/v2\/posts\/79939\/revisions"}],"predecessor-version":[{"id":79942,"href":"https:\/\/blogdoeloiltoncajuhy.com.br\/site\/wp-json\/wp\/v2\/posts\/79939\/revisions\/79942"}],"wp:featuredmedia":[{"embeddable":true,"href":"https:\/\/blogdoeloiltoncajuhy.com.br\/site\/wp-json\/wp\/v2\/media\/79941"}],"wp:attachment":[{"href":"https:\/\/blogdoeloiltoncajuhy.com.br\/site\/wp-json\/wp\/v2\/media?parent=79939"}],"wp:term":[{"taxonomy":"category","embeddable":true,"href":"https:\/\/blogdoeloiltoncajuhy.com.br\/site\/wp-json\/wp\/v2\/categories?post=79939"},{"taxonomy":"post_tag","embeddable":true,"href":"https:\/\/blogdoeloiltoncajuhy.com.br\/site\/wp-json\/wp\/v2\/tags?post=79939"}],"curies":[{"name":"wp","href":"https:\/\/api.w.org\/{rel}","templated":true}]}}