{"id":79920,"date":"2024-03-26T06:00:00","date_gmt":"2024-03-26T09:00:00","guid":{"rendered":"https:\/\/blogdoeloiltoncajuhy.com.br\/site\/?p=79920"},"modified":"2024-03-25T19:28:57","modified_gmt":"2024-03-25T22:28:57","slug":"projeto-quilombo-legal-avanca-na-busca-por-direitos-territoriais","status":"publish","type":"post","link":"https:\/\/blogdoeloiltoncajuhy.com.br\/site\/projeto-quilombo-legal-avanca-na-busca-por-direitos-territoriais\/","title":{"rendered":"Projeto Quilombo Legal avan\u00e7a na busca por direitos territoriais"},"content":{"rendered":"\n<p><strong>Ascom CAR<\/strong><\/p>\n\n\n\n<figure class=\"wp-block-image aligncenter size-full\"><a href=\"https:\/\/i0.wp.com\/blogdoeloiltoncajuhy.com.br\/site\/wp-content\/uploads\/2024\/03\/GOVBA_Quilombo-Legal-1-Foto-Andre-Frutuoso-Car.jpeg?ssl=1\"><img data-recalc-dims=\"1\" fetchpriority=\"high\" decoding=\"async\" width=\"700\" height=\"525\" src=\"https:\/\/i0.wp.com\/blogdoeloiltoncajuhy.com.br\/site\/wp-content\/uploads\/2024\/03\/GOVBA_Quilombo-Legal-1-Foto-Andre-Frutuoso-Car.jpeg?resize=700%2C525&#038;ssl=1\" alt=\"\" class=\"wp-image-79921\" srcset=\"https:\/\/i0.wp.com\/blogdoeloiltoncajuhy.com.br\/site\/wp-content\/uploads\/2024\/03\/GOVBA_Quilombo-Legal-1-Foto-Andre-Frutuoso-Car.jpeg?w=700&amp;ssl=1 700w, https:\/\/i0.wp.com\/blogdoeloiltoncajuhy.com.br\/site\/wp-content\/uploads\/2024\/03\/GOVBA_Quilombo-Legal-1-Foto-Andre-Frutuoso-Car.jpeg?resize=300%2C225&amp;ssl=1 300w\" sizes=\"(max-width: 700px) 100vw, 700px\" \/><\/a><figcaption class=\"wp-element-caption\"><sub>Foto: Andr\u00e9 Frutu\u00f4so\/ASCOM CAR<\/sub><\/figcaption><\/figure>\n\n\n\n<p>Nesta segunda-feira (25), o Projeto Quilombo Legal avan\u00e7ou para a execu\u00e7\u00e3o da sua segunda etapa de a\u00e7\u00f5es durante uma reuni\u00e3o de trabalho realizada pela equipe do projeto. Esta iniciativa, promovida pelo Governo do Estado da Bahia, por meio da Companhia de Desenvolvimento e A\u00e7\u00e3o Regional (CAR), empresa p\u00fablica vinculada \u00e0 Secretaria de Desenvolvimento Rural (SDR), em parceria com a Superintend\u00eancia de Desenvolvimento Agr\u00e1rio (SDA\/SDR), o Instituto do Meio Ambiente e Recursos H\u00eddricos (Inema), o Instituto Nacional de Coloniza\u00e7\u00e3o e Reforma Agr\u00e1ria (Incra) e a Funda\u00e7\u00e3o Lu\u00eds Eduardo Magalh\u00e3es (Flem).<\/p>\n\n\n\n<p>O objetivo principal do projeto \u00e9 realizar a regulariza\u00e7\u00e3o fundi\u00e1ria e ambiental das comunidades quilombolas do estado, visando garantir seus direitos territoriais e promover melhorias significativas em suas condi\u00e7\u00f5es de vida.<\/p>\n\n\n\n<p>O diretor-presidente CAR, Jeandro Ribeiro, ressaltou a relev\u00e2ncia do Quilombo Legal como uma pol\u00edtica p\u00fablica que abre portas para diversas a\u00e7\u00f5es em benef\u00edcio das comunidades tradicionais. Ele enfatizou o impacto positivo da do projeto para os quilombolas. &#8220;Fazer processo de regulariza\u00e7\u00e3o fundi\u00e1ria e ambiental d\u00e1 a esse agricultor familiar de um quilombo a possibilidade de transformar a vida dele com as diversas pol\u00edticas p\u00fablicas. \u00c9 esse trabalho que estamos fazendo com o Quilombo Legal, de entrela\u00e7ar as diversas pol\u00edticas p\u00fablicas com as comunidades quilombolas. \u00c9 a nossa miss\u00e3o na CAR&#8221;.<\/p>\n\n\n\n<figure class=\"wp-block-image aligncenter size-full\"><a href=\"https:\/\/i0.wp.com\/blogdoeloiltoncajuhy.com.br\/site\/wp-content\/uploads\/2024\/03\/GOVBA_Quilombo-Legal-2-Foto-Andre-Frutuoso-Car.jpeg?ssl=1\"><img data-recalc-dims=\"1\" decoding=\"async\" width=\"700\" height=\"466\" src=\"https:\/\/i0.wp.com\/blogdoeloiltoncajuhy.com.br\/site\/wp-content\/uploads\/2024\/03\/GOVBA_Quilombo-Legal-2-Foto-Andre-Frutuoso-Car.jpeg?resize=700%2C466&#038;ssl=1\" alt=\"\" class=\"wp-image-79922\" srcset=\"https:\/\/i0.wp.com\/blogdoeloiltoncajuhy.com.br\/site\/wp-content\/uploads\/2024\/03\/GOVBA_Quilombo-Legal-2-Foto-Andre-Frutuoso-Car.jpeg?w=700&amp;ssl=1 700w, https:\/\/i0.wp.com\/blogdoeloiltoncajuhy.com.br\/site\/wp-content\/uploads\/2024\/03\/GOVBA_Quilombo-Legal-2-Foto-Andre-Frutuoso-Car.jpeg?resize=300%2C200&amp;ssl=1 300w\" sizes=\"(max-width: 700px) 100vw, 700px\" \/><\/a><figcaption class=\"wp-element-caption\"><sub>Foto: Andr\u00e9 Frutu\u00f4so\/ASCOM CAR<\/sub><\/figcaption><\/figure>\n\n\n\n<p>O diretor-geral da CAR e gestor do projeto Quilombo Legal, Alexandre Sim\u00f5es, explicou os detalhes da segunda etapa. &#8220;Estamos ajustando as metodologias, revisitando todos os processos que marcaram a primeira etapa do projeto e analisando as possibilidades de expans\u00e3o agora nessa segunda etapa, com o refor\u00e7o institucional do Minist\u00e9rio do Desenvolvimento Agr\u00e1rio e Agricultura Familiar (MDA), que participa mais de perto, aportando uma s\u00e9rie de contribui\u00e7\u00f5es t\u00e9cnicas. Nesta reuni\u00e3o, a equipe tem contato com a proposta metodol\u00f3gica da segunda etapa, evolu\u00edda em rela\u00e7\u00e3o \u00e0 primeira, aquecendo as baterias para a gente voltar a campo e realizar esse trabalho nos territ\u00f3rios de identidade aqui na Bahia\u201d.<\/p>\n\n\n\n<p>Sobre o balan\u00e7o da primeira etapa, Alexandre informou que foi extremamente positivo, com 80 processos do Cadastro Estadual Florestal de Im\u00f3veis Rurais (Cefir) sendo entregues e 65 processos com pe\u00e7as t\u00e9cnicas para regulariza\u00e7\u00e3o fundi\u00e1ria j\u00e1 tramitadas \u00e0 SDA. Ele destacou que, no total, ser\u00e3o feitas 170 \u00e1reas, combinando as duas etapas do projeto.<\/p>\n\n\n\n<figure class=\"wp-block-image aligncenter size-full\"><a href=\"https:\/\/i0.wp.com\/blogdoeloiltoncajuhy.com.br\/site\/wp-content\/uploads\/2024\/03\/GOVBA_Quilombo-Legal-3-Foto-Andre-Frutuoso-Car.jpeg?ssl=1\"><img data-recalc-dims=\"1\" decoding=\"async\" width=\"700\" height=\"466\" src=\"https:\/\/i0.wp.com\/blogdoeloiltoncajuhy.com.br\/site\/wp-content\/uploads\/2024\/03\/GOVBA_Quilombo-Legal-3-Foto-Andre-Frutuoso-Car.jpeg?resize=700%2C466&#038;ssl=1\" alt=\"\" class=\"wp-image-79923\" srcset=\"https:\/\/i0.wp.com\/blogdoeloiltoncajuhy.com.br\/site\/wp-content\/uploads\/2024\/03\/GOVBA_Quilombo-Legal-3-Foto-Andre-Frutuoso-Car.jpeg?w=700&amp;ssl=1 700w, https:\/\/i0.wp.com\/blogdoeloiltoncajuhy.com.br\/site\/wp-content\/uploads\/2024\/03\/GOVBA_Quilombo-Legal-3-Foto-Andre-Frutuoso-Car.jpeg?resize=300%2C200&amp;ssl=1 300w\" sizes=\"(max-width: 700px) 100vw, 700px\" \/><\/a><figcaption class=\"wp-element-caption\"><sub>Foto: Andr\u00e9 Frutu\u00f4so\/ASCOM CAR<\/sub><\/figcaption><\/figure>\n\n\n\n<p>Desde 2022, as equipes multidisciplinares do projeto t\u00eam trabalhado na produ\u00e7\u00e3o de documentos fundamentais para a expedi\u00e7\u00e3o de t\u00edtulos de dom\u00ednio coletivo e pr\u00f3-indiviso de \u00e1reas ocupadas pelas comunidades quilombolas, al\u00e9m de realizar cadastros e entregas de certificados.<\/p>\n\n\n\n<p>O p\u00fablico-alvo do Projeto Quilombo Legal s\u00e3o as Comunidades Remanescentes de Quilombo (CRQ) do estado, certificadas pela Funda\u00e7\u00e3o Cultural Palmares. Com 841 comunidades identificadas, a Bahia concentra o maior percentual populacional quilombola do Brasil, totalizando 397.059 quilombolas, de acordo com o IBGE (2023).<\/p>\n","protected":false},"excerpt":{"rendered":"<p>Ascom CAR Nesta segunda-feira (25), o Projeto Quilombo Legal avan\u00e7ou para a execu\u00e7\u00e3o da sua segunda etapa de a\u00e7\u00f5es durante uma reuni\u00e3o de trabalho realizada pela equipe do projeto. Esta iniciativa, promovida pelo Governo do Estado da Bahia, por meio da Companhia de Desenvolvimento e A\u00e7\u00e3o Regional (CAR), empresa p\u00fablica vinculada \u00e0 Secretaria de Desenvolvimento [&hellip;]<\/p>\n","protected":false},"author":2,"featured_media":79922,"comment_status":"open","ping_status":"open","sticky":false,"template":"","format":"standard","meta":{"_acf_changed":false,"_monsterinsights_skip_tracking":false,"_monsterinsights_sitenote_active":false,"_monsterinsights_sitenote_note":"","_monsterinsights_sitenote_category":0,"_jetpack_memberships_contains_paid_content":false,"footnotes":"","jetpack_publicize_message":"","jetpack_publicize_feature_enabled":true,"jetpack_social_post_already_shared":true,"jetpack_social_options":{"image_generator_settings":{"template":"highway","default_image_id":0,"font":"","enabled":false},"version":2}},"categories":[1],"tags":[],"class_list":["post-79920","post","type-post","status-publish","format-standard","has-post-thumbnail","hentry","category-noticias"],"acf":[],"jetpack_publicize_connections":[],"jetpack_featured_media_url":"https:\/\/i0.wp.com\/blogdoeloiltoncajuhy.com.br\/site\/wp-content\/uploads\/2024\/03\/GOVBA_Quilombo-Legal-2-Foto-Andre-Frutuoso-Car.jpeg?fit=700%2C466&ssl=1","jetpack_sharing_enabled":true,"publishpress_future_workflow_manual_trigger":{"enabledWorkflows":[]},"_links":{"self":[{"href":"https:\/\/blogdoeloiltoncajuhy.com.br\/site\/wp-json\/wp\/v2\/posts\/79920","targetHints":{"allow":["GET"]}}],"collection":[{"href":"https:\/\/blogdoeloiltoncajuhy.com.br\/site\/wp-json\/wp\/v2\/posts"}],"about":[{"href":"https:\/\/blogdoeloiltoncajuhy.com.br\/site\/wp-json\/wp\/v2\/types\/post"}],"author":[{"embeddable":true,"href":"https:\/\/blogdoeloiltoncajuhy.com.br\/site\/wp-json\/wp\/v2\/users\/2"}],"replies":[{"embeddable":true,"href":"https:\/\/blogdoeloiltoncajuhy.com.br\/site\/wp-json\/wp\/v2\/comments?post=79920"}],"version-history":[{"count":1,"href":"https:\/\/blogdoeloiltoncajuhy.com.br\/site\/wp-json\/wp\/v2\/posts\/79920\/revisions"}],"predecessor-version":[{"id":79924,"href":"https:\/\/blogdoeloiltoncajuhy.com.br\/site\/wp-json\/wp\/v2\/posts\/79920\/revisions\/79924"}],"wp:featuredmedia":[{"embeddable":true,"href":"https:\/\/blogdoeloiltoncajuhy.com.br\/site\/wp-json\/wp\/v2\/media\/79922"}],"wp:attachment":[{"href":"https:\/\/blogdoeloiltoncajuhy.com.br\/site\/wp-json\/wp\/v2\/media?parent=79920"}],"wp:term":[{"taxonomy":"category","embeddable":true,"href":"https:\/\/blogdoeloiltoncajuhy.com.br\/site\/wp-json\/wp\/v2\/categories?post=79920"},{"taxonomy":"post_tag","embeddable":true,"href":"https:\/\/blogdoeloiltoncajuhy.com.br\/site\/wp-json\/wp\/v2\/tags?post=79920"}],"curies":[{"name":"wp","href":"https:\/\/api.w.org\/{rel}","templated":true}]}}