{"id":79906,"date":"2024-03-25T17:04:56","date_gmt":"2024-03-25T20:04:56","guid":{"rendered":"https:\/\/blogdoeloiltoncajuhy.com.br\/site\/?p=79906"},"modified":"2024-03-25T17:04:58","modified_gmt":"2024-03-25T20:04:58","slug":"campanha-de-vacinacao-contra-a-gripe-comecou-hoje-veja-quem-ja-pode-ser-imunizado","status":"publish","type":"post","link":"https:\/\/blogdoeloiltoncajuhy.com.br\/site\/campanha-de-vacinacao-contra-a-gripe-comecou-hoje-veja-quem-ja-pode-ser-imunizado\/","title":{"rendered":"Campanha de vacina\u00e7\u00e3o contra a gripe come\u00e7ou hoje; veja quem j\u00e1 pode ser imunizado"},"content":{"rendered":"\n<p class=\"has-medium-font-size\"><strong>A campanha de vacina\u00e7\u00e3o contra a doen\u00e7a foi antecipada nas regi\u00f5es Nordeste, Centro-Oeste, Sudeste e Sul devido ao aumento da circula\u00e7\u00e3o de v\u00edrus respirat\u00f3rios.<\/strong><\/p>\n\n\n\n<p><strong>Por O GLOBO<\/strong> \u2014 S\u00e3o Paulo<\/p>\n\n\n\n<figure class=\"wp-block-image aligncenter size-full\"><a href=\"https:\/\/i0.wp.com\/blogdoeloiltoncajuhy.com.br\/site\/wp-content\/uploads\/2024\/03\/Vacinacao-contra-covid-e-gripe-foto_Alexandre-Cassiano_Infoglobo.webp?ssl=1\"><img data-recalc-dims=\"1\" fetchpriority=\"high\" decoding=\"async\" width=\"800\" height=\"565\" src=\"https:\/\/i0.wp.com\/blogdoeloiltoncajuhy.com.br\/site\/wp-content\/uploads\/2024\/03\/Vacinacao-contra-covid-e-gripe-foto_Alexandre-Cassiano_Infoglobo.webp?resize=800%2C565&#038;ssl=1\" alt=\"\" class=\"wp-image-79907\" srcset=\"https:\/\/i0.wp.com\/blogdoeloiltoncajuhy.com.br\/site\/wp-content\/uploads\/2024\/03\/Vacinacao-contra-covid-e-gripe-foto_Alexandre-Cassiano_Infoglobo.webp?w=888&amp;ssl=1 888w, https:\/\/i0.wp.com\/blogdoeloiltoncajuhy.com.br\/site\/wp-content\/uploads\/2024\/03\/Vacinacao-contra-covid-e-gripe-foto_Alexandre-Cassiano_Infoglobo.webp?resize=300%2C212&amp;ssl=1 300w, https:\/\/i0.wp.com\/blogdoeloiltoncajuhy.com.br\/site\/wp-content\/uploads\/2024\/03\/Vacinacao-contra-covid-e-gripe-foto_Alexandre-Cassiano_Infoglobo.webp?resize=768%2C542&amp;ssl=1 768w\" sizes=\"(max-width: 800px) 100vw, 800px\" \/><\/a><figcaption class=\"wp-element-caption\"><sub>Vacina\u00e7\u00e3o contra Covid e Gripe no Tijuca T\u00eanis Clube \u2014 Foto: Alexandre Cassiano\/Infoglobo<\/sub><\/figcaption><\/figure>\n\n\n\n<p>A campanha de vacina\u00e7\u00e3o contra a gripe do Minist\u00e9rio da Sa\u00fade come\u00e7ou oficialmente nesta segunda-feira (25) nas regi\u00f5es Nordeste, Centro-Oeste, Sudeste e Sul. Na regi\u00e3o Norte, o governo federal mudou a estrat\u00e9gia da campanha e imunizou a popula\u00e7\u00e3o entre novembro e dezembro de 2023, atendendo \u00e0s particularidades clim\u00e1ticas locais.<\/p>\n\n\n\n<h2 class=\"wp-block-heading\"><mark style=\"background-color:rgba(0, 0, 0, 0)\" class=\"has-inline-color has-black-color\">Calend\u00e1rio da vacina da gripe \u00e9 adiantado<\/mark><\/h2>\n\n\n\n<p>Tradicionalmente realizada em todo o Brasil entre os meses de abril e maio, neste ano a imuniza\u00e7\u00e3o foi antecipada em raz\u00e3o do aumento da circula\u00e7\u00e3o de v\u00edrus respirat\u00f3rios, incluindo o influenza, no pa\u00eds. As doses j\u00e1 foram distribu\u00eddas e algumas cidades come\u00e7aram a vacinar ainda na sexta-feira (22).<\/p>\n\n\n\n<p>A vacina utilizada \u00e9 trivalente, ou seja, apresenta tr\u00eas tipos de cepas de v\u00edrus em combina\u00e7\u00e3o, protegendo contra os principais v\u00edrus em circula\u00e7\u00e3o no Brasil. A aplica\u00e7\u00e3o \u00e9 em dose \u00fanica, exceto para crian\u00e7as que v\u00e3o receber o imunizante pela primeira vez. Elas dever\u00e3o tomar duas doses, com um intervalo de 30 dias.<\/p>\n\n\n\n<h2 class=\"wp-block-heading\"><mark style=\"background-color:rgba(0, 0, 0, 0)\" class=\"has-inline-color has-black-color\">Quem pode se vacinar contra a gripe pelo SUS?<\/mark><\/h2>\n\n\n\n<p>A estimativa \u00e9 que 75 milh\u00f5es de pessoas sejam imunizadas. Na rede p\u00fablica, a vacina est\u00e1 dispon\u00edvel apenas para grupos considerados priorit\u00e1rios por terem maior risco de contrair a infec\u00e7\u00e3o e evoluir para um quadro grave. <strong><mark style=\"background-color:rgba(0, 0, 0, 0)\" class=\"has-inline-color has-black-color\">S\u00e3o eles:<\/mark><\/strong><\/p>\n\n\n\n<ul class=\"wp-block-list\">\n<li>Crian\u00e7as de 6 meses a menores de 6 anos;<\/li>\n\n\n\n<li>Crian\u00e7as ind\u00edgenas de 6 meses a menores de 9 anos;<\/li>\n\n\n\n<li>Trabalhadores da Sa\u00fade;<\/li>\n\n\n\n<li>Gestantes;<\/li>\n\n\n\n<li>Pu\u00e9rperas;<\/li>\n\n\n\n<li>Professores dos ensinos b\u00e1sico e superior;<\/li>\n\n\n\n<li>Povos ind\u00edgenas;<\/li>\n\n\n\n<li>Idosos com 60 anos ou mais;<\/li>\n\n\n\n<li>Pessoas em situa\u00e7\u00e3o de rua;<\/li>\n\n\n\n<li>Profissionais das for\u00e7as de seguran\u00e7a e de salvamento;<\/li>\n\n\n\n<li>Profissionais das For\u00e7as Armadas;<\/li>\n\n\n\n<li>Pessoas com doen\u00e7as cr\u00f4nicas n\u00e3o transmiss\u00edveis e outras condi\u00e7\u00f5es cl\u00ednicas especiais (independentemente da idade);<\/li>\n\n\n\n<li>Pessoas com defici\u00eancia permanente;<\/li>\n\n\n\n<li>Caminhoneiros;<\/li>\n\n\n\n<li>Trabalhadores do transporte rodovi\u00e1rio coletivo (urbano e de longo curso);<\/li>\n\n\n\n<li>Trabalhadores portu\u00e1rios<\/li>\n\n\n\n<li>Funcion\u00e1rios do sistema de priva\u00e7\u00e3o de liberdade;<\/li>\n\n\n\n<li>Popula\u00e7\u00e3o privada de liberdade, al\u00e9m de adolescentes e jovens sob medidas socioeducativas (entre 12 e 21 anos).<\/li>\n<\/ul>\n","protected":false},"excerpt":{"rendered":"<p>A campanha de vacina\u00e7\u00e3o contra a doen\u00e7a foi antecipada nas regi\u00f5es Nordeste, Centro-Oeste, Sudeste e Sul devido ao aumento da circula\u00e7\u00e3o de v\u00edrus respirat\u00f3rios. Por O GLOBO \u2014 S\u00e3o Paulo A campanha de vacina\u00e7\u00e3o contra a gripe do Minist\u00e9rio da Sa\u00fade come\u00e7ou oficialmente nesta segunda-feira (25) nas regi\u00f5es Nordeste, Centro-Oeste, Sudeste e Sul. Na regi\u00e3o [&hellip;]<\/p>\n","protected":false},"author":2,"featured_media":79907,"comment_status":"open","ping_status":"open","sticky":false,"template":"","format":"standard","meta":{"_acf_changed":false,"_monsterinsights_skip_tracking":false,"_monsterinsights_sitenote_active":false,"_monsterinsights_sitenote_note":"","_monsterinsights_sitenote_category":0,"_jetpack_memberships_contains_paid_content":false,"footnotes":"","jetpack_publicize_message":"","jetpack_publicize_feature_enabled":true,"jetpack_social_post_already_shared":true,"jetpack_social_options":{"image_generator_settings":{"template":"highway","default_image_id":0,"font":"","enabled":false},"version":2}},"categories":[7],"tags":[],"class_list":["post-79906","post","type-post","status-publish","format-standard","has-post-thumbnail","hentry","category-saude"],"acf":[],"jetpack_publicize_connections":[],"jetpack_featured_media_url":"https:\/\/i0.wp.com\/blogdoeloiltoncajuhy.com.br\/site\/wp-content\/uploads\/2024\/03\/Vacinacao-contra-covid-e-gripe-foto_Alexandre-Cassiano_Infoglobo.webp?fit=888%2C627&ssl=1","jetpack_sharing_enabled":true,"publishpress_future_workflow_manual_trigger":{"enabledWorkflows":[]},"_links":{"self":[{"href":"https:\/\/blogdoeloiltoncajuhy.com.br\/site\/wp-json\/wp\/v2\/posts\/79906","targetHints":{"allow":["GET"]}}],"collection":[{"href":"https:\/\/blogdoeloiltoncajuhy.com.br\/site\/wp-json\/wp\/v2\/posts"}],"about":[{"href":"https:\/\/blogdoeloiltoncajuhy.com.br\/site\/wp-json\/wp\/v2\/types\/post"}],"author":[{"embeddable":true,"href":"https:\/\/blogdoeloiltoncajuhy.com.br\/site\/wp-json\/wp\/v2\/users\/2"}],"replies":[{"embeddable":true,"href":"https:\/\/blogdoeloiltoncajuhy.com.br\/site\/wp-json\/wp\/v2\/comments?post=79906"}],"version-history":[{"count":1,"href":"https:\/\/blogdoeloiltoncajuhy.com.br\/site\/wp-json\/wp\/v2\/posts\/79906\/revisions"}],"predecessor-version":[{"id":79908,"href":"https:\/\/blogdoeloiltoncajuhy.com.br\/site\/wp-json\/wp\/v2\/posts\/79906\/revisions\/79908"}],"wp:featuredmedia":[{"embeddable":true,"href":"https:\/\/blogdoeloiltoncajuhy.com.br\/site\/wp-json\/wp\/v2\/media\/79907"}],"wp:attachment":[{"href":"https:\/\/blogdoeloiltoncajuhy.com.br\/site\/wp-json\/wp\/v2\/media?parent=79906"}],"wp:term":[{"taxonomy":"category","embeddable":true,"href":"https:\/\/blogdoeloiltoncajuhy.com.br\/site\/wp-json\/wp\/v2\/categories?post=79906"},{"taxonomy":"post_tag","embeddable":true,"href":"https:\/\/blogdoeloiltoncajuhy.com.br\/site\/wp-json\/wp\/v2\/tags?post=79906"}],"curies":[{"name":"wp","href":"https:\/\/api.w.org\/{rel}","templated":true}]}}