{"id":79904,"date":"2024-03-25T10:06:55","date_gmt":"2024-03-25T13:06:55","guid":{"rendered":"https:\/\/blogdoeloiltoncajuhy.com.br\/site\/?p=79904"},"modified":"2024-03-25T10:06:57","modified_gmt":"2024-03-25T13:06:57","slug":"concurso-da-caixa-inscricoes-se-encerram-hoje-veja-como-concorrer-a-mais-de-4-mil-vagas","status":"publish","type":"post","link":"https:\/\/blogdoeloiltoncajuhy.com.br\/site\/concurso-da-caixa-inscricoes-se-encerram-hoje-veja-como-concorrer-a-mais-de-4-mil-vagas\/","title":{"rendered":"Concurso da Caixa: inscri\u00e7\u00f5es se encerram hoje. Veja como concorrer a mais de 4 mil vagas"},"content":{"rendered":"\n<p class=\"has-medium-font-size\"><strong>H\u00e1 oportunidades para n\u00edvel m\u00e9dio e n\u00edvel superior.<\/strong><\/p>\n\n\n\n<p><strong>Por O Globo \u2014 Bras\u00edlia e Rio<\/strong><\/p>\n\n\n\n<figure class=\"wp-block-image aligncenter size-full\"><a href=\"https:\/\/i0.wp.com\/blogdoeloiltoncajuhy.com.br\/site\/wp-content\/uploads\/2024\/02\/Edificio-Sede-da-Caixa-Economica-Federal-%E2%80%94-Foto_Marcelo-Camargo-Agencia-Brasil.jpg\"><img data-recalc-dims=\"1\" fetchpriority=\"high\" decoding=\"async\" width=\"700\" height=\"420\" src=\"https:\/\/i0.wp.com\/blogdoeloiltoncajuhy.com.br\/site\/wp-content\/uploads\/2024\/02\/Edificio-Sede-da-Caixa-Economica-Federal-%E2%80%94-Foto_Marcelo-Camargo-Agencia-Brasil.jpg?resize=700%2C420\" alt=\"\" class=\"wp-image-79343\" srcset=\"https:\/\/i0.wp.com\/blogdoeloiltoncajuhy.com.br\/site\/wp-content\/uploads\/2024\/02\/Edificio-Sede-da-Caixa-Economica-Federal-%E2%80%94-Foto_Marcelo-Camargo-Agencia-Brasil.jpg?w=700&amp;ssl=1 700w, https:\/\/i0.wp.com\/blogdoeloiltoncajuhy.com.br\/site\/wp-content\/uploads\/2024\/02\/Edificio-Sede-da-Caixa-Economica-Federal-%E2%80%94-Foto_Marcelo-Camargo-Agencia-Brasil.jpg?resize=300%2C180&amp;ssl=1 300w\" sizes=\"(max-width: 700px) 100vw, 700px\" \/><\/a><figcaption class=\"wp-element-caption\"><sub>Edif\u00edcio sede da Caixa Econ\u00f4mica Federal \u2014 Foto: Marcelo Camargo\/Agencia Brasil<\/sub><\/figcaption><\/figure>\n\n\n\n<p>As inscri\u00e7\u00f5es para o concurso p\u00fablico da Caixa Econ\u00f4mica Federal se encerram nesta segunda-feira \u00e0s 16h. S\u00e3o, ao todo, 4.050 vagas no pa\u00eds. Os sal\u00e1rios iniciais v\u00e3o de R$ 3.762 a R$ 14.915, dependendo do perfil da vaga. H\u00e1 oportunidades para ensino m\u00e9dio e superior. At\u00e9 agora, mais de 1,2 milh\u00e3o de pessoas se inscreveram.<\/p>\n\n\n\n<h2 class=\"wp-block-heading\">Como se inscrever no concurso da Caixa?<\/h2>\n\n\n\n<p>As inscri\u00e7\u00f5es devem ser feitas no site da organizadora da sele\u00e7\u00e3o, a Funda\u00e7\u00e3o Cesgranrio.<\/p>\n\n\n\n<p>Os candidatos dever\u00e3o selecionar um polo, mas n\u00e3o poder\u00e3o escolher uma cidade ou unidade espec\u00edfica da Caixa dentro dele.<\/p>\n\n\n\n<p>Para os cargos de n\u00edvel superior, h\u00e1 vagas somente em capitais. Sendo assim, as pr\u00f3prias capitais de cada UF s\u00e3o os polos de trabalho e poder\u00e3o ser selecionadas diretamente pelos candidatos no momento da inscri\u00e7\u00e3o.<\/p>\n\n\n\n<h2 class=\"wp-block-heading\">Qual o valor da taxa de inscri\u00e7\u00e3o para o concurso da Caixa?<\/h2>\n\n\n\n<p>As taxas de inscri\u00e7\u00e3o ser\u00e3o de R$ 50, para posi\u00e7\u00f5es de n\u00edvel m\u00e9dio, e R$ 65 para as de n\u00edvel superior.<\/p>\n\n\n\n<h2 class=\"wp-block-heading\">At\u00e9 quando a isen\u00e7\u00e3o pode ser solicitada no concurso da Caixa?<\/h2>\n\n\n\n<p>O prazo para solicitar a isen\u00e7\u00e3o de pagamento de taxa terminou no dia 7 deste m\u00eas.<\/p>\n\n\n\n<h2 class=\"wp-block-heading\">Vagas para concurso da Caixa<\/h2>\n\n\n\n<p>A maior parte das vagas \u00e9 para ensino m\u00e9dio, e o concurso ter\u00e1 cotas para deficientes (6%) e negros (20%).<\/p>\n\n\n\n<p>Al\u00e9m do sal\u00e1rio, os aprovados ter\u00e3o direito aos seguintes benef\u00edcios:<\/p>\n\n\n\n<ul class=\"wp-block-list\">\n<li>aux\u00edlio-alimenta\u00e7\u00e3o e refei\u00e7\u00e3o &#8211; R$1.014,42;<\/li>\n\n\n\n<li>aux\u00edlio cesta alimenta\u00e7\u00e3o &#8211; R$799,38;<\/li>\n\n\n\n<li>13\u00ba cesta alimenta\u00e7\u00e3o &#8211; R$799,38;<\/li>\n\n\n\n<li>aux\u00edlio creche\/aux\u00edlio bab\u00e1 &#8211; R$602,81;<\/li>\n\n\n\n<li>assist\u00eancia \u00e0 sa\u00fade; e<\/li>\n\n\n\n<li>previd\u00eancia complementar.<\/li>\n<\/ul>\n","protected":false},"excerpt":{"rendered":"<p>H\u00e1 oportunidades para n\u00edvel m\u00e9dio e n\u00edvel superior. Por O Globo \u2014 Bras\u00edlia e Rio As inscri\u00e7\u00f5es para o concurso p\u00fablico da Caixa Econ\u00f4mica Federal se encerram nesta segunda-feira \u00e0s 16h. S\u00e3o, ao todo, 4.050 vagas no pa\u00eds. Os sal\u00e1rios iniciais v\u00e3o de R$ 3.762 a R$ 14.915, dependendo do perfil da vaga. H\u00e1 oportunidades [&hellip;]<\/p>\n","protected":false},"author":2,"featured_media":74908,"comment_status":"open","ping_status":"open","sticky":false,"template":"","format":"standard","meta":{"_acf_changed":false,"_monsterinsights_skip_tracking":false,"_monsterinsights_sitenote_active":false,"_monsterinsights_sitenote_note":"","_monsterinsights_sitenote_category":0,"_jetpack_memberships_contains_paid_content":false,"footnotes":"","jetpack_publicize_message":"","jetpack_publicize_feature_enabled":true,"jetpack_social_post_already_shared":true,"jetpack_social_options":{"image_generator_settings":{"template":"highway","default_image_id":0,"font":"","enabled":false},"version":2}},"categories":[32],"tags":[],"class_list":["post-79904","post","type-post","status-publish","format-standard","has-post-thumbnail","hentry","category-emprego"],"acf":[],"jetpack_publicize_connections":[],"jetpack_featured_media_url":"https:\/\/i0.wp.com\/blogdoeloiltoncajuhy.com.br\/site\/wp-content\/uploads\/2023\/06\/CaixaDivulgacao-junho23.jpg?fit=768%2C432&ssl=1","jetpack_sharing_enabled":true,"publishpress_future_workflow_manual_trigger":{"enabledWorkflows":[]},"_links":{"self":[{"href":"https:\/\/blogdoeloiltoncajuhy.com.br\/site\/wp-json\/wp\/v2\/posts\/79904","targetHints":{"allow":["GET"]}}],"collection":[{"href":"https:\/\/blogdoeloiltoncajuhy.com.br\/site\/wp-json\/wp\/v2\/posts"}],"about":[{"href":"https:\/\/blogdoeloiltoncajuhy.com.br\/site\/wp-json\/wp\/v2\/types\/post"}],"author":[{"embeddable":true,"href":"https:\/\/blogdoeloiltoncajuhy.com.br\/site\/wp-json\/wp\/v2\/users\/2"}],"replies":[{"embeddable":true,"href":"https:\/\/blogdoeloiltoncajuhy.com.br\/site\/wp-json\/wp\/v2\/comments?post=79904"}],"version-history":[{"count":1,"href":"https:\/\/blogdoeloiltoncajuhy.com.br\/site\/wp-json\/wp\/v2\/posts\/79904\/revisions"}],"predecessor-version":[{"id":79905,"href":"https:\/\/blogdoeloiltoncajuhy.com.br\/site\/wp-json\/wp\/v2\/posts\/79904\/revisions\/79905"}],"wp:featuredmedia":[{"embeddable":true,"href":"https:\/\/blogdoeloiltoncajuhy.com.br\/site\/wp-json\/wp\/v2\/media\/74908"}],"wp:attachment":[{"href":"https:\/\/blogdoeloiltoncajuhy.com.br\/site\/wp-json\/wp\/v2\/media?parent=79904"}],"wp:term":[{"taxonomy":"category","embeddable":true,"href":"https:\/\/blogdoeloiltoncajuhy.com.br\/site\/wp-json\/wp\/v2\/categories?post=79904"},{"taxonomy":"post_tag","embeddable":true,"href":"https:\/\/blogdoeloiltoncajuhy.com.br\/site\/wp-json\/wp\/v2\/tags?post=79904"}],"curies":[{"name":"wp","href":"https:\/\/api.w.org\/{rel}","templated":true}]}}