{"id":79902,"date":"2024-03-25T09:39:56","date_gmt":"2024-03-25T12:39:56","guid":{"rendered":"https:\/\/blogdoeloiltoncajuhy.com.br\/site\/?p=79902"},"modified":"2024-03-25T09:39:58","modified_gmt":"2024-03-25T12:39:58","slug":"daniel-alves-paga-fianca-e-deve-ser-solto-nesta-segunda-feira","status":"publish","type":"post","link":"https:\/\/blogdoeloiltoncajuhy.com.br\/site\/daniel-alves-paga-fianca-e-deve-ser-solto-nesta-segunda-feira\/","title":{"rendered":"Daniel Alves paga fian\u00e7a e deve ser solto nesta segunda-feira"},"content":{"rendered":"\n<p class=\"has-medium-font-size\"><strong>Tribunal de Barcelona aceitou pedido da defesa para que ex-jogador aguarde em liberdade a decis\u00e3o final. Alves recorreu da senten\u00e7a que recebeu em fevereiro pelo crime de agress\u00e3o sexual.<\/strong><\/p>\n\n\n\n<p><strong>Por g1<\/strong><\/p>\n\n\n\n<figure class=\"wp-block-image aligncenter size-full\"><a href=\"https:\/\/i0.wp.com\/blogdoeloiltoncajuhy.com.br\/site\/wp-content\/uploads\/2024\/02\/Daniel-Alves-220224_Folha.jpg\"><img data-recalc-dims=\"1\" fetchpriority=\"high\" decoding=\"async\" width=\"700\" height=\"280\" src=\"https:\/\/i0.wp.com\/blogdoeloiltoncajuhy.com.br\/site\/wp-content\/uploads\/2024\/02\/Daniel-Alves-220224_Folha.jpg?resize=700%2C280\" alt=\"\" class=\"wp-image-79337\" srcset=\"https:\/\/i0.wp.com\/blogdoeloiltoncajuhy.com.br\/site\/wp-content\/uploads\/2024\/02\/Daniel-Alves-220224_Folha.jpg?w=700&amp;ssl=1 700w, https:\/\/i0.wp.com\/blogdoeloiltoncajuhy.com.br\/site\/wp-content\/uploads\/2024\/02\/Daniel-Alves-220224_Folha.jpg?resize=300%2C120&amp;ssl=1 300w\" sizes=\"(max-width: 700px) 100vw, 700px\" \/><\/a><figcaption class=\"wp-element-caption\"><sub>Foto: Folha de S.Paulo<\/sub><\/figcaption><\/figure>\n\n\n\n<p>A defesa de Daniel Alves depositou nesta segunda-feira (25) a fian\u00e7a de 1 milh\u00e3o de euros (cerca de R$ 5,4 milh\u00f5es) para que a Justi\u00e7a conceda liberdade provis\u00f3ria ao jogador, segundo informou ao <strong>g1<\/strong> o Tribunal Superior de Justi\u00e7a da Catalunha.<\/p>\n\n\n\n<p>At\u00e9 a \u00faltima atualiza\u00e7\u00e3o desta reportagem, os ju\u00edzes da Audi\u00eancia Provincial de Barcelona, respons\u00e1vel pelo caso, esperavam os passaportes do ex-jogador para libert\u00e1-lo da pris\u00e3o.<\/p>\n\n\n\n<p>O ex-jogador poderia ter sa\u00eddo na quinta (21) e na sexta (22), mas n\u00e3o fez o pagamento da fian\u00e7a at\u00e9 o fechamento do expediente banc\u00e1rio dos dois dias.<\/p>\n\n\n\n<p>Na sexta-feira, a advogada de Alves chegou a pedir amplia\u00e7\u00e3o do prazo limite para depositar a quantia em mais uma hora. Os ju\u00edzes concordaram e ampliaram o prazo, mas, ainda assim, o pagamento n\u00e3o foi feito, segundo confirmou o tribunal.<\/p>\n\n\n\n<h2 class=\"wp-block-heading\"><strong><mark style=\"background-color:rgba(0, 0, 0, 0)\" class=\"has-inline-color has-black-color\">A liberdade provis\u00f3ria<\/mark><\/strong><\/h2>\n\n\n\n<p>Em decis\u00e3o publicada na quarta (20), os ju\u00edzes da Audi\u00eancia de Barcelona &#8211; a corte mais alta da cidade &#8211; aceitaram, em maioria, deixar Alves em liberdade enquanto a defesa aguarda a senten\u00e7a definitiva.<\/p>\n\n\n\n<p>Em fevereiro, Alves foi condenado a quatro anos e meio de pris\u00e3o pelo crime de agress\u00e3o sexual &#8211; ele foi acusado de estuprar uma mulher em uma boate em Barcelona. A defesa, no entanto, recorreu da senten\u00e7a e, na sequ\u00eancia, pediu para que o brasileiro aguardasse a delibera\u00e7\u00e3o final em liberdade.<\/p>\n\n\n\n<p>Os ju\u00edzes determinaram ainda que todos os passaportes de Daniel Alves &#8211; o brasileiro e o espanhol &#8211; ser\u00e3o retirados.<\/p>\n\n\n\n<p>A senten\u00e7a tamb\u00e9m determinou que:<\/p>\n\n\n\n<ul class=\"wp-block-list\">\n<li>Ele \u00e9 obrigado a manter uma dist\u00e2ncia de pelo menos 1 quil\u00f4metro da resid\u00eancia da v\u00edtima, de seu local de trabalho ou de qualquer outro lugar frequentado por ela &#8212; a jovem \u00e9 de Barcelona e tamb\u00e9m vive na capital catal\u00e3;<\/li>\n\n\n\n<li>Tamb\u00e9m n\u00e3o pode tentar se comunicar com a denunciante atrav\u00e9s de nenhum meio;<\/li>\n\n\n\n<li>N\u00e3o pode deixar a Espanha;<\/li>\n\n\n\n<li>Deve comparecer semanalmente ao Tribunal de Barcelona ou quantas vezes lhe for solicitado.<\/li>\n<\/ul>\n\n\n\n<p><\/p>\n\n\n\n<blockquote class=\"wp-block-quote is-layout-flow wp-block-quote-is-layout-flow\">\n<p class=\"has-medium-font-size\"><strong><mark style=\"background-color:rgba(0, 0, 0, 0)\" class=\"has-inline-color has-black-color\">&#8220;O tribunal delibera, por maioria e com voto individual: &#8216;Acordar a pris\u00e3o provis\u00f3ria de Daniel Alves, que pode ser evitada mediante o pagamento de uma fian\u00e7a de 1.000.000 euros e, se o pagamento for verificado, e acordada a sua liberta\u00e7\u00e3o provis\u00f3ria, ou retirada de ambos os passaportes, espanhol e brasileiro, a proibi\u00e7\u00e3o de sair do territ\u00f3rio nacional, e a obriga\u00e7\u00e3o de comparecer semanalmente a este Tribunal Provincial, bem como quantas vezes for convocada pela Autoridade Judici\u00e1ria&#8221;, disse a senten\u00e7a.<\/mark><\/strong><\/p>\n<\/blockquote>\n\n\n\n<p>Daniel Alves est\u00e1 preso no pres\u00eddio de Brians 2, um complexo presidencial a 40 quil\u00f4metros de Barcelona, onde Alves tem uma casa.<\/p>\n\n\n\n<p>O brasileiro comprou a resid\u00eancia quando jogava pelo Barcelona. Sua esposa, a modelo espanhola Joana Sanz, vive atualmente na resid\u00eancia, segundo a imprensa espanhola.<\/p>\n\n\n\n<blockquote class=\"wp-block-quote is-layout-flow wp-block-quote-is-layout-flow\">\n<p class=\"has-medium-font-size\"><strong><mark style=\"background-color:rgba(0, 0, 0, 0)\" class=\"has-inline-color has-black-color\">A m\u00e3e de Daniel Alves, Maria Lucia Alves, celebrou a senten\u00e7a nas redes sociais e disse que &#8220;a vit\u00f3ria chegou&#8221;.<\/mark><\/strong><\/p>\n<\/blockquote>\n\n\n\n<p>Ela tamb\u00e9m \u00e9 alvo de um processo que corre na Justi\u00e7a espanhola por ter divulgado supostas imagens da v\u00edtima &#8211; desde o in\u00edcio do caso, a ju\u00edza respons\u00e1vel proibiu que a identidade da denunciante fosse divulgada por qualquer meio.<\/p>\n","protected":false},"excerpt":{"rendered":"<p>Tribunal de Barcelona aceitou pedido da defesa para que ex-jogador aguarde em liberdade a decis\u00e3o final. Alves recorreu da senten\u00e7a que recebeu em fevereiro pelo crime de agress\u00e3o sexual. Por g1 A defesa de Daniel Alves depositou nesta segunda-feira (25) a fian\u00e7a de 1 milh\u00e3o de euros (cerca de R$ 5,4 milh\u00f5es) para que a [&hellip;]<\/p>\n","protected":false},"author":2,"featured_media":79338,"comment_status":"open","ping_status":"open","sticky":false,"template":"","format":"standard","meta":{"_acf_changed":false,"_monsterinsights_skip_tracking":false,"_monsterinsights_sitenote_active":false,"_monsterinsights_sitenote_note":"","_monsterinsights_sitenote_category":0,"_jetpack_memberships_contains_paid_content":false,"footnotes":"","jetpack_publicize_message":"","jetpack_publicize_feature_enabled":true,"jetpack_social_post_already_shared":true,"jetpack_social_options":{"image_generator_settings":{"template":"highway","default_image_id":0,"font":"","enabled":false},"version":2}},"categories":[6],"tags":[],"class_list":["post-79902","post","type-post","status-publish","format-standard","has-post-thumbnail","hentry","category-esportes"],"acf":[],"jetpack_publicize_connections":[],"jetpack_featured_media_url":"https:\/\/i0.wp.com\/blogdoeloiltoncajuhy.com.br\/site\/wp-content\/uploads\/2024\/02\/Daniel-Alves-220224-Lucas-Figueiredo-CBF.jpg?fit=650%2C434&ssl=1","jetpack_sharing_enabled":true,"publishpress_future_workflow_manual_trigger":{"enabledWorkflows":[]},"_links":{"self":[{"href":"https:\/\/blogdoeloiltoncajuhy.com.br\/site\/wp-json\/wp\/v2\/posts\/79902","targetHints":{"allow":["GET"]}}],"collection":[{"href":"https:\/\/blogdoeloiltoncajuhy.com.br\/site\/wp-json\/wp\/v2\/posts"}],"about":[{"href":"https:\/\/blogdoeloiltoncajuhy.com.br\/site\/wp-json\/wp\/v2\/types\/post"}],"author":[{"embeddable":true,"href":"https:\/\/blogdoeloiltoncajuhy.com.br\/site\/wp-json\/wp\/v2\/users\/2"}],"replies":[{"embeddable":true,"href":"https:\/\/blogdoeloiltoncajuhy.com.br\/site\/wp-json\/wp\/v2\/comments?post=79902"}],"version-history":[{"count":1,"href":"https:\/\/blogdoeloiltoncajuhy.com.br\/site\/wp-json\/wp\/v2\/posts\/79902\/revisions"}],"predecessor-version":[{"id":79903,"href":"https:\/\/blogdoeloiltoncajuhy.com.br\/site\/wp-json\/wp\/v2\/posts\/79902\/revisions\/79903"}],"wp:featuredmedia":[{"embeddable":true,"href":"https:\/\/blogdoeloiltoncajuhy.com.br\/site\/wp-json\/wp\/v2\/media\/79338"}],"wp:attachment":[{"href":"https:\/\/blogdoeloiltoncajuhy.com.br\/site\/wp-json\/wp\/v2\/media?parent=79902"}],"wp:term":[{"taxonomy":"category","embeddable":true,"href":"https:\/\/blogdoeloiltoncajuhy.com.br\/site\/wp-json\/wp\/v2\/categories?post=79902"},{"taxonomy":"post_tag","embeddable":true,"href":"https:\/\/blogdoeloiltoncajuhy.com.br\/site\/wp-json\/wp\/v2\/tags?post=79902"}],"curies":[{"name":"wp","href":"https:\/\/api.w.org\/{rel}","templated":true}]}}