{"id":79899,"date":"2024-03-25T09:06:57","date_gmt":"2024-03-25T12:06:57","guid":{"rendered":"https:\/\/blogdoeloiltoncajuhy.com.br\/site\/?p=79899"},"modified":"2024-03-25T17:33:51","modified_gmt":"2024-03-25T20:33:51","slug":"radialista-jota-batista-icone-da-comunicacao-rural-morre-aos-65-anos","status":"publish","type":"post","link":"https:\/\/blogdoeloiltoncajuhy.com.br\/site\/radialista-jota-batista-icone-da-comunicacao-rural-morre-aos-65-anos\/","title":{"rendered":"Radialista Jota Batista, \u00edcone da comunica\u00e7\u00e3o rural, morre aos 65 anos"},"content":{"rendered":"\n<p class=\"has-medium-font-size\"><strong>Jota tinha voz inconfund\u00edvel que encantou milhares de ouvintes da R\u00e1dio Cara\u00edba de Senhor do Bonfim.<\/strong><\/p>\n\n\n\n<p><strong>Blog do Eloilton Cajuhy<\/strong><\/p>\n\n\n\n<figure class=\"wp-block-image aligncenter size-full is-resized\"><a href=\"https:\/\/i0.wp.com\/blogdoeloiltoncajuhy.com.br\/site\/wp-content\/uploads\/2024\/03\/Jota-Batista.jpg?ssl=1\"><img data-recalc-dims=\"1\" fetchpriority=\"high\" decoding=\"async\" width=\"331\" height=\"700\" src=\"https:\/\/i0.wp.com\/blogdoeloiltoncajuhy.com.br\/site\/wp-content\/uploads\/2024\/03\/Jota-Batista.jpg?resize=331%2C700&#038;ssl=1\" alt=\"\" class=\"wp-image-79900\" style=\"width:354px;height:auto\" srcset=\"https:\/\/i0.wp.com\/blogdoeloiltoncajuhy.com.br\/site\/wp-content\/uploads\/2024\/03\/Jota-Batista.jpg?w=331&amp;ssl=1 331w, https:\/\/i0.wp.com\/blogdoeloiltoncajuhy.com.br\/site\/wp-content\/uploads\/2024\/03\/Jota-Batista.jpg?resize=142%2C300&amp;ssl=1 142w\" sizes=\"(max-width: 331px) 100vw, 331px\" \/><\/a><figcaption class=\"wp-element-caption\"><sub>Jota Batista marcou \u00e9poca no r\u00e1dio bonfinense ao conduzir dois programas na R\u00e1dio Cara\u00edba, voltados ao p\u00fablico rural<\/sub><\/figcaption><\/figure>\n\n\n\n<p>No domingo (24), \u00e0s 20h, morreu no Hospital Regional em Juazeiro o radialista Jo\u00e3o Batista de Carvalho, conhecido como Jota Batista, aos 65 anos. A informa\u00e7\u00e3o \u00e9 do <strong>Blog Cleber Vieira News<\/strong>. O renomado radialista enfrentou tr\u00eas paradas card\u00edacas, deixando um vazio que ser\u00e1 sentido por muitos.<\/p>\n\n\n\n<p>Nos \u00faltimos dias, Jota vinha enfrentando um cansa\u00e7o persistente, buscando al\u00edvio na UPA de Juazeiro, por\u00e9m, sem sucesso. Sua condi\u00e7\u00e3o se agravou e foi transferido para o Hospital, onde uma s\u00e9rie de exames revelaram \u00e1gua nos pulm\u00f5es e altera\u00e7\u00f5es no cora\u00e7\u00e3o.<\/p>\n\n\n\n<p>Diante do quadro grave, os m\u00e9dicos solicitaram \u00e0 fam\u00edlia autoriza\u00e7\u00e3o para o entubamento, medida que foi tomada. Jota permaneceu na UTI, sedado e inconsciente, por mais de 15 dias, lutando contra complica\u00e7\u00f5es de sa\u00fade decorrentes de sua diabetes descompensada, inclusive j\u00e1 havia passado pela amputa\u00e7\u00e3o de um dos p\u00e9s.<\/p>\n\n\n\n<p>Jota Batista marcou \u00e9poca na R\u00e1dio Cara\u00edba, conquistando a comunidade rural com seus programas Cara\u00edba Rural, pela manh\u00e3, e Canta Nordeste, ao entardecer. Ap\u00f3s se aposentar, dedicou-se \u00e0 sua propriedade rural em Campos, Juazeiro, onde cultivava bananas, comercializadas no mercado local. Al\u00e9m disso, mantinha um programa em uma emissora comunit\u00e1ria e oferecia servi\u00e7os de carro de som. Sua vida foi marcada por uma determina\u00e7\u00e3o incans\u00e1vel e um esp\u00edrito guerreiro.<\/p>\n\n\n\n<p>A despedida de Jota Batista deixa saudades e um legado de comunica\u00e7\u00e3o rural e luta incans\u00e1vel.<\/p>\n","protected":false},"excerpt":{"rendered":"<p>Jota tinha voz inconfund\u00edvel que encantou milhares de ouvintes da R\u00e1dio Cara\u00edba de Senhor do Bonfim. Blog do Eloilton Cajuhy No domingo (24), \u00e0s 20h, morreu no Hospital Regional em Juazeiro o radialista Jo\u00e3o Batista de Carvalho, conhecido como Jota Batista, aos 65 anos. A informa\u00e7\u00e3o \u00e9 do Blog Cleber Vieira News. O renomado radialista [&hellip;]<\/p>\n","protected":false},"author":2,"featured_media":79900,"comment_status":"open","ping_status":"open","sticky":false,"template":"","format":"standard","meta":{"_acf_changed":false,"_monsterinsights_skip_tracking":false,"_monsterinsights_sitenote_active":false,"_monsterinsights_sitenote_note":"","_monsterinsights_sitenote_category":0,"_jetpack_memberships_contains_paid_content":false,"footnotes":"","jetpack_publicize_message":"","jetpack_publicize_feature_enabled":true,"jetpack_social_post_already_shared":true,"jetpack_social_options":{"image_generator_settings":{"template":"highway","default_image_id":0,"font":"","enabled":false},"version":2}},"categories":[8],"tags":[],"class_list":["post-79899","post","type-post","status-publish","format-standard","has-post-thumbnail","hentry","category-cultura"],"acf":[],"jetpack_publicize_connections":[],"jetpack_featured_media_url":"https:\/\/i0.wp.com\/blogdoeloiltoncajuhy.com.br\/site\/wp-content\/uploads\/2024\/03\/Jota-Batista.jpg?fit=331%2C700&ssl=1","jetpack_sharing_enabled":true,"publishpress_future_workflow_manual_trigger":{"enabledWorkflows":[]},"_links":{"self":[{"href":"https:\/\/blogdoeloiltoncajuhy.com.br\/site\/wp-json\/wp\/v2\/posts\/79899","targetHints":{"allow":["GET"]}}],"collection":[{"href":"https:\/\/blogdoeloiltoncajuhy.com.br\/site\/wp-json\/wp\/v2\/posts"}],"about":[{"href":"https:\/\/blogdoeloiltoncajuhy.com.br\/site\/wp-json\/wp\/v2\/types\/post"}],"author":[{"embeddable":true,"href":"https:\/\/blogdoeloiltoncajuhy.com.br\/site\/wp-json\/wp\/v2\/users\/2"}],"replies":[{"embeddable":true,"href":"https:\/\/blogdoeloiltoncajuhy.com.br\/site\/wp-json\/wp\/v2\/comments?post=79899"}],"version-history":[{"count":2,"href":"https:\/\/blogdoeloiltoncajuhy.com.br\/site\/wp-json\/wp\/v2\/posts\/79899\/revisions"}],"predecessor-version":[{"id":79912,"href":"https:\/\/blogdoeloiltoncajuhy.com.br\/site\/wp-json\/wp\/v2\/posts\/79899\/revisions\/79912"}],"wp:featuredmedia":[{"embeddable":true,"href":"https:\/\/blogdoeloiltoncajuhy.com.br\/site\/wp-json\/wp\/v2\/media\/79900"}],"wp:attachment":[{"href":"https:\/\/blogdoeloiltoncajuhy.com.br\/site\/wp-json\/wp\/v2\/media?parent=79899"}],"wp:term":[{"taxonomy":"category","embeddable":true,"href":"https:\/\/blogdoeloiltoncajuhy.com.br\/site\/wp-json\/wp\/v2\/categories?post=79899"},{"taxonomy":"post_tag","embeddable":true,"href":"https:\/\/blogdoeloiltoncajuhy.com.br\/site\/wp-json\/wp\/v2\/tags?post=79899"}],"curies":[{"name":"wp","href":"https:\/\/api.w.org\/{rel}","templated":true}]}}