{"id":79895,"date":"2024-03-25T08:38:39","date_gmt":"2024-03-25T11:38:39","guid":{"rendered":"https:\/\/blogdoeloiltoncajuhy.com.br\/site\/?p=79895"},"modified":"2024-03-25T08:38:41","modified_gmt":"2024-03-25T11:38:41","slug":"arbitros-bonfinenses-participam-de-atualizacao-em-salvador","status":"publish","type":"post","link":"https:\/\/blogdoeloiltoncajuhy.com.br\/site\/arbitros-bonfinenses-participam-de-atualizacao-em-salvador\/","title":{"rendered":"\u00c1rbitros bonfinenses participam de atualiza\u00e7\u00e3o em Salvador"},"content":{"rendered":"\n<p class=\"has-medium-font-size\"><strong>Curso foi realizado no \u00faltimo final de semana e contou com a presen\u00e7a de 08 \u00e1rbitros de Bonfim.<\/strong><\/p>\n\n\n\n<p><strong>Blog do Eloilton Cajuhy<\/strong><\/p>\n\n\n\n<figure class=\"wp-block-image aligncenter size-full\"><a href=\"https:\/\/i0.wp.com\/blogdoeloiltoncajuhy.com.br\/site\/wp-content\/uploads\/2024\/03\/Arbitros-Bonfim-e-regiao-01.jpg?ssl=1\"><img data-recalc-dims=\"1\" fetchpriority=\"high\" decoding=\"async\" width=\"700\" height=\"525\" src=\"https:\/\/i0.wp.com\/blogdoeloiltoncajuhy.com.br\/site\/wp-content\/uploads\/2024\/03\/Arbitros-Bonfim-e-regiao-01.jpg?resize=700%2C525&#038;ssl=1\" alt=\"\" class=\"wp-image-79896\" srcset=\"https:\/\/i0.wp.com\/blogdoeloiltoncajuhy.com.br\/site\/wp-content\/uploads\/2024\/03\/Arbitros-Bonfim-e-regiao-01.jpg?w=700&amp;ssl=1 700w, https:\/\/i0.wp.com\/blogdoeloiltoncajuhy.com.br\/site\/wp-content\/uploads\/2024\/03\/Arbitros-Bonfim-e-regiao-01.jpg?resize=300%2C225&amp;ssl=1 300w\" sizes=\"(max-width: 700px) 100vw, 700px\" \/><\/a><\/figure>\n\n\n\n<p>\u00c1rbitros da Regi\u00e3o Norte estiveram presentes no \u00faltimo s\u00e1bado (23) em Salvador a fim de participarem de um curso de atualiza\u00e7\u00e3o das regras de arbitragem de Futsal, promovido pela Federa\u00e7\u00e3o Baiana de Futebol de Sal\u00e3o (FBFS).<\/p>\n\n\n\n<p>O referido curso foi realizado no Instituto Federal Baiano (IFBA) e contou com a presen\u00e7a dos \u00e1rbitros pertencentes ao quarto da federa\u00e7\u00e3o em todo o estado.<\/p>\n\n\n\n<p>Da Regi\u00e3o Norte compareceram os \u00e1rbitros Fernanda (Juazeiro), Jo\u00e3o Alexsandro e Agnaldo Silva (Pindoba\u00e7u), Durval Cardoso (Iti\u00faba), e Professor Jackson Santana, Ana Paula, Maria das Dores, Ney Wilson, Raimundo Nonato, Gilberto Camillo, Kleber Roberto e Edson Cardoso (Senhor do Bonfim.<\/p>\n\n\n\n<p>Essa atualiza\u00e7\u00e3o vai permitir aos \u00e1rbitros atuarem em seus jogos aplicando as mudan\u00e7as efetuadas nas regras de Futebol de Sal\u00e3o.<\/p>\n\n\n\n<figure class=\"wp-block-image aligncenter size-full\"><a href=\"https:\/\/i0.wp.com\/blogdoeloiltoncajuhy.com.br\/site\/wp-content\/uploads\/2024\/03\/Arbitros-Bonfim-e-regiao-02.jpg?ssl=1\"><img data-recalc-dims=\"1\" decoding=\"async\" width=\"700\" height=\"525\" src=\"https:\/\/i0.wp.com\/blogdoeloiltoncajuhy.com.br\/site\/wp-content\/uploads\/2024\/03\/Arbitros-Bonfim-e-regiao-02.jpg?resize=700%2C525&#038;ssl=1\" alt=\"\" class=\"wp-image-79897\" srcset=\"https:\/\/i0.wp.com\/blogdoeloiltoncajuhy.com.br\/site\/wp-content\/uploads\/2024\/03\/Arbitros-Bonfim-e-regiao-02.jpg?w=700&amp;ssl=1 700w, https:\/\/i0.wp.com\/blogdoeloiltoncajuhy.com.br\/site\/wp-content\/uploads\/2024\/03\/Arbitros-Bonfim-e-regiao-02.jpg?resize=300%2C225&amp;ssl=1 300w\" sizes=\"(max-width: 700px) 100vw, 700px\" \/><\/a><\/figure>\n","protected":false},"excerpt":{"rendered":"<p>Curso foi realizado no \u00faltimo final de semana e contou com a presen\u00e7a de 08 \u00e1rbitros de Bonfim. Blog do Eloilton Cajuhy \u00c1rbitros da Regi\u00e3o Norte estiveram presentes no \u00faltimo s\u00e1bado (23) em Salvador a fim de participarem de um curso de atualiza\u00e7\u00e3o das regras de arbitragem de Futsal, promovido pela Federa\u00e7\u00e3o Baiana de Futebol [&hellip;]<\/p>\n","protected":false},"author":2,"featured_media":79896,"comment_status":"open","ping_status":"open","sticky":false,"template":"","format":"standard","meta":{"_acf_changed":false,"_monsterinsights_skip_tracking":false,"_monsterinsights_sitenote_active":false,"_monsterinsights_sitenote_note":"","_monsterinsights_sitenote_category":0,"_jetpack_memberships_contains_paid_content":false,"footnotes":"","jetpack_publicize_message":"","jetpack_publicize_feature_enabled":true,"jetpack_social_post_already_shared":true,"jetpack_social_options":{"image_generator_settings":{"template":"highway","default_image_id":0,"font":"","enabled":false},"version":2}},"categories":[6],"tags":[],"class_list":["post-79895","post","type-post","status-publish","format-standard","has-post-thumbnail","hentry","category-esportes"],"acf":[],"jetpack_publicize_connections":[],"jetpack_featured_media_url":"https:\/\/i0.wp.com\/blogdoeloiltoncajuhy.com.br\/site\/wp-content\/uploads\/2024\/03\/Arbitros-Bonfim-e-regiao-01.jpg?fit=700%2C525&ssl=1","jetpack_sharing_enabled":true,"publishpress_future_workflow_manual_trigger":{"enabledWorkflows":[]},"_links":{"self":[{"href":"https:\/\/blogdoeloiltoncajuhy.com.br\/site\/wp-json\/wp\/v2\/posts\/79895","targetHints":{"allow":["GET"]}}],"collection":[{"href":"https:\/\/blogdoeloiltoncajuhy.com.br\/site\/wp-json\/wp\/v2\/posts"}],"about":[{"href":"https:\/\/blogdoeloiltoncajuhy.com.br\/site\/wp-json\/wp\/v2\/types\/post"}],"author":[{"embeddable":true,"href":"https:\/\/blogdoeloiltoncajuhy.com.br\/site\/wp-json\/wp\/v2\/users\/2"}],"replies":[{"embeddable":true,"href":"https:\/\/blogdoeloiltoncajuhy.com.br\/site\/wp-json\/wp\/v2\/comments?post=79895"}],"version-history":[{"count":1,"href":"https:\/\/blogdoeloiltoncajuhy.com.br\/site\/wp-json\/wp\/v2\/posts\/79895\/revisions"}],"predecessor-version":[{"id":79898,"href":"https:\/\/blogdoeloiltoncajuhy.com.br\/site\/wp-json\/wp\/v2\/posts\/79895\/revisions\/79898"}],"wp:featuredmedia":[{"embeddable":true,"href":"https:\/\/blogdoeloiltoncajuhy.com.br\/site\/wp-json\/wp\/v2\/media\/79896"}],"wp:attachment":[{"href":"https:\/\/blogdoeloiltoncajuhy.com.br\/site\/wp-json\/wp\/v2\/media?parent=79895"}],"wp:term":[{"taxonomy":"category","embeddable":true,"href":"https:\/\/blogdoeloiltoncajuhy.com.br\/site\/wp-json\/wp\/v2\/categories?post=79895"},{"taxonomy":"post_tag","embeddable":true,"href":"https:\/\/blogdoeloiltoncajuhy.com.br\/site\/wp-json\/wp\/v2\/tags?post=79895"}],"curies":[{"name":"wp","href":"https:\/\/api.w.org\/{rel}","templated":true}]}}