{"id":79830,"date":"2024-03-20T06:00:00","date_gmt":"2024-03-20T09:00:00","guid":{"rendered":"https:\/\/blogdoeloiltoncajuhy.com.br\/site\/?p=79830"},"modified":"2024-03-19T19:42:03","modified_gmt":"2024-03-19T22:42:03","slug":"governo-lanca-plano-de-prevencao-e-combate-a-violencia-contra-a-mulher","status":"publish","type":"post","link":"https:\/\/blogdoeloiltoncajuhy.com.br\/site\/governo-lanca-plano-de-prevencao-e-combate-a-violencia-contra-a-mulher\/","title":{"rendered":"Governo lan\u00e7a plano de preven\u00e7\u00e3o e combate \u00e0 viol\u00eancia contra a mulher"},"content":{"rendered":"\n<p class=\"has-medium-font-size\"><strong>A\u00e7\u00e3o reunir\u00e1 9 minist\u00e9rios e ter\u00e1 R$ 2,5 bi para realizar 73 medidas.<\/strong><\/p>\n\n\n\n<p><strong>Ag\u00eancia Brasil<\/strong><\/p>\n\n\n\n<figure class=\"wp-block-image aligncenter size-full is-resized\"><a href=\"https:\/\/i0.wp.com\/blogdoeloiltoncajuhy.com.br\/site\/wp-content\/uploads\/2024\/03\/Ministra-Cida-Goncalves-Foto-Fabio-Rodrigues-Pozzebom-Agencia-Brasil.jpg?ssl=1\"><img data-recalc-dims=\"1\" fetchpriority=\"high\" decoding=\"async\" width=\"700\" height=\"421\" src=\"https:\/\/i0.wp.com\/blogdoeloiltoncajuhy.com.br\/site\/wp-content\/uploads\/2024\/03\/Ministra-Cida-Goncalves-Foto-Fabio-Rodrigues-Pozzebom-Agencia-Brasil.jpg?resize=700%2C421&#038;ssl=1\" alt=\"\" class=\"wp-image-79831\" style=\"width:880px;height:auto\" srcset=\"https:\/\/i0.wp.com\/blogdoeloiltoncajuhy.com.br\/site\/wp-content\/uploads\/2024\/03\/Ministra-Cida-Goncalves-Foto-Fabio-Rodrigues-Pozzebom-Agencia-Brasil.jpg?w=700&amp;ssl=1 700w, https:\/\/i0.wp.com\/blogdoeloiltoncajuhy.com.br\/site\/wp-content\/uploads\/2024\/03\/Ministra-Cida-Goncalves-Foto-Fabio-Rodrigues-Pozzebom-Agencia-Brasil.jpg?resize=300%2C180&amp;ssl=1 300w\" sizes=\"(max-width: 700px) 100vw, 700px\" \/><\/a><figcaption class=\"wp-element-caption\"><sub>Ministra Cida Gon\u00e7alves &#8211; Foto: Fabio Rodrigues-Pozzebom\/Ag\u00eancia Brasil<\/sub><\/figcaption><\/figure>\n\n\n\n<p>O Minist\u00e9rio das Mulheres lan\u00e7ou nesta ter\u00e7a-feira (19) o Plano de A\u00e7\u00e3o do Pacto Nacional de Preven\u00e7\u00e3o aos Feminic\u00eddios. As a\u00e7\u00f5es fazem parte das comemora\u00e7\u00f5es do <strong>Mar\u00e7o das Mulheres: o #BrasilporElas no enfrentamento \u00e0 misoginia e na promo\u00e7\u00e3o da igualdade<\/strong>.<\/p>\n\n\n\n<p>O objetivo do plano \u00e9 prevenir mortes violentas de mulheres por quest\u00e3o de g\u00eanero e, tamb\u00e9m, garantir os direitos e o acesso \u00e0 justi\u00e7a para todas as que se encontram em situa\u00e7\u00e3o de viol\u00eancia e tamb\u00e9m para suas fam\u00edlias.<\/p>\n\n\n\n<p>Durante a cerim\u00f4nia de lan\u00e7amento, a ministra das Mulheres, Cida Gon\u00e7alves, afirmou que elas foram as que mais sofreram com o fascismo implantado no Brasil nos \u00faltimos anos. \u201cNossos corpos, nossas vidas e nossas conquistas foram jogados [fora]. E construir casas do Minha Casa Minha Vida \u00e9 mais f\u00e1cil que construir costumes, valores, comportamentos, esperan\u00e7a e dignidade. E, por isso, \u00e9 muito mais dif\u00edcil. Enquanto fazemos isso, eles continuam pregando o \u00f3dio e a viol\u00eancia.\u201d<\/p>\n\n\n\n<p>Sob a coordena\u00e7\u00e3o do Minist\u00e9rio das Mulheres, o Plano de A\u00e7\u00e3o do Pacto Nacional de Preven\u00e7\u00e3o aos Feminic\u00eddios contar\u00e1 com intera\u00e7\u00e3o da Casa Civil da Presid\u00eancia da Rep\u00fablica e dos minist\u00e9rios dos Direitos Humanos e da Cidadania; da Educa\u00e7\u00e3o; da Sa\u00fade; da Justi\u00e7a e Seguran\u00e7a P\u00fablica; dos Povos Ind\u00edgenas; da Igualdade Racial; do Desenvolvimento, Assist\u00eancia Social e Combate \u00e0 Fome; da Gest\u00e3o e da Inova\u00e7\u00e3o em Servi\u00e7os P\u00fablicos e do Planejamento e Or\u00e7amento.<\/p>\n\n\n\n<p>A ministra da Igualdade Racial, Anielle Franco, disse que a elimina\u00e7\u00e3o do feminic\u00eddio deve ser para toda a popula\u00e7\u00e3o, assim como a revers\u00e3o de todas as formas de viol\u00eancia contra mulheres e meninas no pa\u00eds, mas que \u00e9 preciso perceber o impacto do racismo. \u201cPara realidades distintas, focos espec\u00edficos devem ser observados nas pol\u00edticas. As pautas de g\u00eanero e ra\u00e7a perpassam todas as a\u00e7\u00f5es.<\/p>\n\n\n\n<p>Eixos<br>O plano de a\u00e7\u00e3o ter\u00e1 R$ 2,5 bilh\u00f5es em recursos para desenvolver 73 medidas, distribu\u00eddas em dois eixos: estruturante e o transversal. O primeiro \u00e9 composto pelas tr\u00eas formas de preven\u00e7\u00e3o \u00e0 viol\u00eancia contra mulheres: prim\u00e1ria, secund\u00e1ria e terci\u00e1ria.<\/p>\n\n\n\n<p>A primeira parte pretende evitar a viol\u00eancia por meio da mudan\u00e7a de cren\u00e7as e comportamentos para eliminar os estere\u00f3tipos, promover a cultura de respeito e n\u00e3o toler\u00e2ncia \u00e0 discrimina\u00e7\u00e3o, por exemplo, com a forma\u00e7\u00e3o de mulheres l\u00edderes comunit\u00e1rias e realiza\u00e7\u00e3o de oficinas de escuta nacional com mulheres.<\/p>\n\n\n\n<p>O segundo momento de preven\u00e7\u00e3o \u00e0 viol\u00eancia inclui a\u00e7\u00f5es para intervir precocemente a fim de evitar a repeti\u00e7\u00e3o e o agravamento da viol\u00eancia de g\u00eanero, como repasses financeiros a servi\u00e7os de acolhimento provis\u00f3rio de mulheres amea\u00e7adas de viol\u00eancia dom\u00e9stica e familiar ou em situa\u00e7\u00e3o de risco de morte.<\/p>\n\n\n\n<p>Na terceira etapa da fase preventiva, o objetivo \u00e9 diminuir os efeitos da viol\u00eancia e promover a garantia de direitos e de acesso \u00e0 justi\u00e7a e a direitos como sa\u00fade, educa\u00e7\u00e3o, seguran\u00e7a, justi\u00e7a, trabalho, entre outros.<\/p>\n\n\n\n<p>J\u00e1 o eixo transversal \u00e9 dividido em produ\u00e7\u00e3o de dados, entre os quais, a amplia\u00e7\u00e3o de notifica\u00e7\u00f5es de viol\u00eancia de g\u00eanero; conhecimento, por meio da realiza\u00e7\u00e3o de pesquisas e diagn\u00f3sticos; e reda\u00e7\u00e3o de documentos e normas.<\/p>\n\n\n\n<p><a href=\"https:\/\/www.gov.br\/mulheres\/pt-br\/central-de-conteudos\/noticias\/2024\/marco\/pacto-nacional-de-prevencao-aos-feminicidios-lanca-plano-de-acao-com-73-medidas-para-enfrentar-a-violencia-contra-mulheres\/PlanodeAo.pdf\" target=\"_blank\" rel=\"noreferrer noopener\"><strong><mark style=\"background-color:rgba(0, 0, 0, 0)\" class=\"has-inline-color has-vivid-purple-color\">Conhe\u00e7a as 73 medidas do Plano de A\u00e7\u00e3o do Pacto Nacional de Preven\u00e7\u00e3o aos Feminic\u00eddios<\/mark><\/strong><\/a><\/p>\n","protected":false},"excerpt":{"rendered":"<p>A\u00e7\u00e3o reunir\u00e1 9 minist\u00e9rios e ter\u00e1 R$ 2,5 bi para realizar 73 medidas. Ag\u00eancia Brasil O Minist\u00e9rio das Mulheres lan\u00e7ou nesta ter\u00e7a-feira (19) o Plano de A\u00e7\u00e3o do Pacto Nacional de Preven\u00e7\u00e3o aos Feminic\u00eddios. As a\u00e7\u00f5es fazem parte das comemora\u00e7\u00f5es do Mar\u00e7o das Mulheres: o #BrasilporElas no enfrentamento \u00e0 misoginia e na promo\u00e7\u00e3o da igualdade. [&hellip;]<\/p>\n","protected":false},"author":2,"featured_media":79831,"comment_status":"open","ping_status":"open","sticky":false,"template":"","format":"standard","meta":{"_acf_changed":false,"_monsterinsights_skip_tracking":false,"_monsterinsights_sitenote_active":false,"_monsterinsights_sitenote_note":"","_monsterinsights_sitenote_category":0,"_jetpack_memberships_contains_paid_content":false,"footnotes":"","jetpack_publicize_message":"","jetpack_publicize_feature_enabled":true,"jetpack_social_post_already_shared":true,"jetpack_social_options":{"image_generator_settings":{"template":"highway","default_image_id":0,"font":"","enabled":false},"version":2}},"categories":[1],"tags":[],"class_list":["post-79830","post","type-post","status-publish","format-standard","has-post-thumbnail","hentry","category-noticias"],"acf":[],"jetpack_publicize_connections":[],"jetpack_featured_media_url":"https:\/\/i0.wp.com\/blogdoeloiltoncajuhy.com.br\/site\/wp-content\/uploads\/2024\/03\/Ministra-Cida-Goncalves-Foto-Fabio-Rodrigues-Pozzebom-Agencia-Brasil.jpg?fit=700%2C421&ssl=1","jetpack_sharing_enabled":true,"publishpress_future_workflow_manual_trigger":{"enabledWorkflows":[]},"_links":{"self":[{"href":"https:\/\/blogdoeloiltoncajuhy.com.br\/site\/wp-json\/wp\/v2\/posts\/79830","targetHints":{"allow":["GET"]}}],"collection":[{"href":"https:\/\/blogdoeloiltoncajuhy.com.br\/site\/wp-json\/wp\/v2\/posts"}],"about":[{"href":"https:\/\/blogdoeloiltoncajuhy.com.br\/site\/wp-json\/wp\/v2\/types\/post"}],"author":[{"embeddable":true,"href":"https:\/\/blogdoeloiltoncajuhy.com.br\/site\/wp-json\/wp\/v2\/users\/2"}],"replies":[{"embeddable":true,"href":"https:\/\/blogdoeloiltoncajuhy.com.br\/site\/wp-json\/wp\/v2\/comments?post=79830"}],"version-history":[{"count":1,"href":"https:\/\/blogdoeloiltoncajuhy.com.br\/site\/wp-json\/wp\/v2\/posts\/79830\/revisions"}],"predecessor-version":[{"id":79832,"href":"https:\/\/blogdoeloiltoncajuhy.com.br\/site\/wp-json\/wp\/v2\/posts\/79830\/revisions\/79832"}],"wp:featuredmedia":[{"embeddable":true,"href":"https:\/\/blogdoeloiltoncajuhy.com.br\/site\/wp-json\/wp\/v2\/media\/79831"}],"wp:attachment":[{"href":"https:\/\/blogdoeloiltoncajuhy.com.br\/site\/wp-json\/wp\/v2\/media?parent=79830"}],"wp:term":[{"taxonomy":"category","embeddable":true,"href":"https:\/\/blogdoeloiltoncajuhy.com.br\/site\/wp-json\/wp\/v2\/categories?post=79830"},{"taxonomy":"post_tag","embeddable":true,"href":"https:\/\/blogdoeloiltoncajuhy.com.br\/site\/wp-json\/wp\/v2\/tags?post=79830"}],"curies":[{"name":"wp","href":"https:\/\/api.w.org\/{rel}","templated":true}]}}