{"id":79822,"date":"2024-03-20T06:00:00","date_gmt":"2024-03-20T09:00:00","guid":{"rendered":"https:\/\/blogdoeloiltoncajuhy.com.br\/site\/?p=79822"},"modified":"2024-03-19T16:47:19","modified_gmt":"2024-03-19T19:47:19","slug":"no-dia-mundial-da-saude-bucal-profissional-alerta-que-o-cuidado-com-a-boca-influencia-no-bem-estar-geral-do-corpo","status":"publish","type":"post","link":"https:\/\/blogdoeloiltoncajuhy.com.br\/site\/no-dia-mundial-da-saude-bucal-profissional-alerta-que-o-cuidado-com-a-boca-influencia-no-bem-estar-geral-do-corpo\/","title":{"rendered":"No Dia Mundial da Sa\u00fade Bucal, profissional alerta que o cuidado com a boca influencia no bem-estar geral do corpo"},"content":{"rendered":"\n<p><strong>Clas Comunica\u00e7\u00e3o e Marketing<\/strong><\/p>\n\n\n\n<figure class=\"wp-block-image aligncenter size-full\"><a href=\"https:\/\/i0.wp.com\/blogdoeloiltoncajuhy.com.br\/site\/wp-content\/uploads\/2024\/03\/Saude-Bucal_divulgacao.jpeg?ssl=1\"><img data-recalc-dims=\"1\" fetchpriority=\"high\" decoding=\"async\" width=\"700\" height=\"394\" src=\"https:\/\/i0.wp.com\/blogdoeloiltoncajuhy.com.br\/site\/wp-content\/uploads\/2024\/03\/Saude-Bucal_divulgacao.jpeg?resize=700%2C394&#038;ssl=1\" alt=\"\" class=\"wp-image-79823\" srcset=\"https:\/\/i0.wp.com\/blogdoeloiltoncajuhy.com.br\/site\/wp-content\/uploads\/2024\/03\/Saude-Bucal_divulgacao.jpeg?w=700&amp;ssl=1 700w, https:\/\/i0.wp.com\/blogdoeloiltoncajuhy.com.br\/site\/wp-content\/uploads\/2024\/03\/Saude-Bucal_divulgacao.jpeg?resize=300%2C169&amp;ssl=1 300w\" sizes=\"(max-width: 700px) 100vw, 700px\" \/><\/a><figcaption class=\"wp-element-caption\"><sub>Divulga\u00e7\u00e3o<\/sub><\/figcaption><\/figure>\n\n\n\n<p>Engana-se quem pensa que cuidar da sa\u00fade bucal est\u00e1 apenas relacionado a n\u00e3o ter c\u00e1rie, mau h\u00e1lito ou doen\u00e7as como gengivite. A boca \u00e9 a principal porta de entrada para microorganismos, e, nesse contexto, a sa\u00fade bucal ocupa um lugar central, pois a falta de higiene da boca influencia diretamente no bem-estar geral do corpo, podendo gerar doen\u00e7as sist\u00eamicas, como doen\u00e7as card\u00edacas ou agravar outros quadros como Diabetes. No <strong><mark style=\"background-color:rgba(0, 0, 0, 0)\" class=\"has-inline-color has-black-color\">Dia Mundial da Sa\u00fade Bucal, celebrado no dia 20 de mar\u00e7o<\/mark><\/strong>, especialistas alertam para a import\u00e2ncia desses cuidados, uma vez que a sa\u00fade do corpo e a da boca est\u00e3o interligadas.<\/p>\n\n\n\n<p>\u201cSe n\u00e3o criamos uma barreira que impe\u00e7a ou minimize a entrada de microorganismos, seja pela higiene ou evitando h\u00e1bitos nocivos, como o fumo, ou pela forma como nos alimentamos, estaremos suscet\u00edveis a v\u00e1rios tipos de doen\u00e7a, pois, a partir da boca, pode se disseminar para o trato digestivo, como est\u00f4mago e intestino, e chegando na corrente sangu\u00ednea atingir todo organismo\u201d, alerta o Cirurgi\u00e3o-Dentista do SESI Sa\u00fade, Guilherme D&#8217;Amorim.<\/p>\n\n\n\n<p>Entre as doen\u00e7as que podem surgir a partir da boca, Guilherme enfatiza a endocardite bacteriana, que \u00e9 uma inflama\u00e7\u00e3o no cora\u00e7\u00e3o geralmente proveniente de uma infec\u00e7\u00e3o bucal. \u201cAtrav\u00e9s de uma inflama\u00e7\u00e3o na gengiva, pode atingir a corrente sangu\u00ednea e bact\u00e9rias acabam se instalando no cora\u00e7\u00e3o, provocando um processo infeccioso\u201d, explica. Para pacientes que t\u00eam problemas card\u00edacos, a situa\u00e7\u00e3o pode ser ainda mais grave. \u201cPara quem j\u00e1 se submeteu a algum procedimento cir\u00fargico de v\u00e1lvula card\u00edaca, por exemplo, \u00e9 muito perigoso, pois essa infec\u00e7\u00e3o pode se instalar no m\u00fasculo card\u00edaco, que, dependendo da gravidade, poder\u00e1 levar a \u00f3bito&#8221;.<\/p>\n\n\n\n<p>Al\u00e9m das doen\u00e7as no corpo que est\u00e3o vinculadas \u00e0 sa\u00fade bucal indiretamente, Guilherme elenca que existem diversas outras diretamente ligadas. \u201cTemos a c\u00e1rie, uma das mais conhecidas, que \u00e9 uma infec\u00e7\u00e3o bacteriana que provoca a destrui\u00e7\u00e3o dos dentes se n\u00e3o tratada em est\u00e1gio inicial, al\u00e9m das gengivites, que s\u00e3o inflama\u00e7\u00f5es que, dependendo do grau, podem ir acometendo a gengiva de modo que o dente come\u00e7a a perder a sustenta\u00e7\u00e3o \u00f3ssea e vai ficando mole, ou seja, a pessoa pode perder os dentes\u201d, alerta.<\/p>\n\n\n\n<p>Para evitar as doen\u00e7as bucais e n\u00e3o-bucais, o odont\u00f3logo refor\u00e7a que higiene pessoal e uma boa alimenta\u00e7\u00e3o s\u00e3o o caminho para manter a sa\u00fade da boca. \u201c\u00c9 preciso ter os cuidados di\u00e1rios, como o uso de fio dental, enxaguante, mas, principalmente, uma boa escova\u00e7\u00e3o. Al\u00e9m disso, o que tamb\u00e9m vai ajudar a ter um maior cuidado \u00e9 ter uma dieta que n\u00e3o seja rica em a\u00e7\u00facar\u201d, recomenda. \u201cE, claro, \u00e9 importante ir ao dentista de 6 em 6 meses ou, dependendo da demanda do paciente, esse intervalo pode diminuir ou aumentar\u201d.<\/p>\n","protected":false},"excerpt":{"rendered":"<p>Clas Comunica\u00e7\u00e3o e Marketing Engana-se quem pensa que cuidar da sa\u00fade bucal est\u00e1 apenas relacionado a n\u00e3o ter c\u00e1rie, mau h\u00e1lito ou doen\u00e7as como gengivite. A boca \u00e9 a principal porta de entrada para microorganismos, e, nesse contexto, a sa\u00fade bucal ocupa um lugar central, pois a falta de higiene da boca influencia diretamente no [&hellip;]<\/p>\n","protected":false},"author":2,"featured_media":79823,"comment_status":"open","ping_status":"open","sticky":false,"template":"","format":"standard","meta":{"_acf_changed":false,"_monsterinsights_skip_tracking":false,"_monsterinsights_sitenote_active":false,"_monsterinsights_sitenote_note":"","_monsterinsights_sitenote_category":0,"_jetpack_memberships_contains_paid_content":false,"footnotes":"","jetpack_publicize_message":"","jetpack_publicize_feature_enabled":true,"jetpack_social_post_already_shared":true,"jetpack_social_options":{"image_generator_settings":{"template":"highway","default_image_id":0,"font":"","enabled":false},"version":2}},"categories":[7],"tags":[],"class_list":["post-79822","post","type-post","status-publish","format-standard","has-post-thumbnail","hentry","category-saude"],"acf":[],"jetpack_publicize_connections":[],"jetpack_featured_media_url":"https:\/\/i0.wp.com\/blogdoeloiltoncajuhy.com.br\/site\/wp-content\/uploads\/2024\/03\/Saude-Bucal_divulgacao.jpeg?fit=700%2C394&ssl=1","jetpack_sharing_enabled":true,"publishpress_future_workflow_manual_trigger":{"enabledWorkflows":[]},"_links":{"self":[{"href":"https:\/\/blogdoeloiltoncajuhy.com.br\/site\/wp-json\/wp\/v2\/posts\/79822","targetHints":{"allow":["GET"]}}],"collection":[{"href":"https:\/\/blogdoeloiltoncajuhy.com.br\/site\/wp-json\/wp\/v2\/posts"}],"about":[{"href":"https:\/\/blogdoeloiltoncajuhy.com.br\/site\/wp-json\/wp\/v2\/types\/post"}],"author":[{"embeddable":true,"href":"https:\/\/blogdoeloiltoncajuhy.com.br\/site\/wp-json\/wp\/v2\/users\/2"}],"replies":[{"embeddable":true,"href":"https:\/\/blogdoeloiltoncajuhy.com.br\/site\/wp-json\/wp\/v2\/comments?post=79822"}],"version-history":[{"count":1,"href":"https:\/\/blogdoeloiltoncajuhy.com.br\/site\/wp-json\/wp\/v2\/posts\/79822\/revisions"}],"predecessor-version":[{"id":79824,"href":"https:\/\/blogdoeloiltoncajuhy.com.br\/site\/wp-json\/wp\/v2\/posts\/79822\/revisions\/79824"}],"wp:featuredmedia":[{"embeddable":true,"href":"https:\/\/blogdoeloiltoncajuhy.com.br\/site\/wp-json\/wp\/v2\/media\/79823"}],"wp:attachment":[{"href":"https:\/\/blogdoeloiltoncajuhy.com.br\/site\/wp-json\/wp\/v2\/media?parent=79822"}],"wp:term":[{"taxonomy":"category","embeddable":true,"href":"https:\/\/blogdoeloiltoncajuhy.com.br\/site\/wp-json\/wp\/v2\/categories?post=79822"},{"taxonomy":"post_tag","embeddable":true,"href":"https:\/\/blogdoeloiltoncajuhy.com.br\/site\/wp-json\/wp\/v2\/tags?post=79822"}],"curies":[{"name":"wp","href":"https:\/\/api.w.org\/{rel}","templated":true}]}}