{"id":79817,"date":"2024-03-19T16:28:48","date_gmt":"2024-03-19T19:28:48","guid":{"rendered":"https:\/\/blogdoeloiltoncajuhy.com.br\/site\/?p=79817"},"modified":"2024-03-19T16:28:51","modified_gmt":"2024-03-19T19:28:51","slug":"governo-estadual-abre-6-193-vagas-para-o-partiu-estagio-em-2024","status":"publish","type":"post","link":"https:\/\/blogdoeloiltoncajuhy.com.br\/site\/governo-estadual-abre-6-193-vagas-para-o-partiu-estagio-em-2024\/","title":{"rendered":"Governo Estadual abre 6.193 vagas para o Partiu Est\u00e1gio em 2024"},"content":{"rendered":"\n<p><strong>Secom\/BA<\/strong><\/p>\n\n\n\n<figure class=\"wp-block-image aligncenter size-full\"><a href=\"https:\/\/i0.wp.com\/blogdoeloiltoncajuhy.com.br\/site\/wp-content\/uploads\/2024\/03\/GOVBA_PartiuEstagio_Foto-Luiz-Carrera-SEC.jpeg?ssl=1\"><img data-recalc-dims=\"1\" fetchpriority=\"high\" decoding=\"async\" width=\"768\" height=\"512\" src=\"https:\/\/i0.wp.com\/blogdoeloiltoncajuhy.com.br\/site\/wp-content\/uploads\/2024\/03\/GOVBA_PartiuEstagio_Foto-Luiz-Carrera-SEC.jpeg?resize=768%2C512&#038;ssl=1\" alt=\"\" class=\"wp-image-79818\" srcset=\"https:\/\/i0.wp.com\/blogdoeloiltoncajuhy.com.br\/site\/wp-content\/uploads\/2024\/03\/GOVBA_PartiuEstagio_Foto-Luiz-Carrera-SEC.jpeg?w=768&amp;ssl=1 768w, https:\/\/i0.wp.com\/blogdoeloiltoncajuhy.com.br\/site\/wp-content\/uploads\/2024\/03\/GOVBA_PartiuEstagio_Foto-Luiz-Carrera-SEC.jpeg?resize=300%2C200&amp;ssl=1 300w\" sizes=\"(max-width: 768px) 100vw, 768px\" \/><\/a><figcaption class=\"wp-element-caption\"><sub>Foto: Luiz Carrera\/SEC<\/sub><\/figcaption><\/figure>\n\n\n\n<p>A Secretaria da Administra\u00e7\u00e3o (Saeb) publicou, nesta ter\u00e7a-feira (19), o Edital n\u00famero 01\/2024 do programa Partiu Est\u00e1gio, ofertando 6.193 vagas para universit\u00e1rios que desejam atuar no Estado. Este \u00e9 o Edital com maior n\u00famero de oportunidades de est\u00e1gio desde o lan\u00e7amento do programa, em 2017. As inscri\u00e7\u00f5es dos estudantes tamb\u00e9m t\u00eam novidade nesta edi\u00e7\u00e3o; ser\u00e3o de forma mais \u00e1gil e r\u00e1pida, pela plataforma de servi\u00e7os do estado <a href=\"http:\/\/www.ba.gov.br\" data-type=\"link\" data-id=\"www.ba.gov.br\"><strong><mark style=\"background-color:rgba(0, 0, 0, 0)\" class=\"has-inline-color has-vivid-cyan-blue-color\">www.ba.gov.br<\/mark><\/strong><\/a>.<\/p>\n\n\n\n<p>O Edital disponibiliza 1.733 vagas para Salvador e outras 4.460 para cidades do interior do estado e da Regi\u00e3o Metropolitana da capital. Nesta edi\u00e7\u00e3o, o programa oferece oportunidade de est\u00e1gio para estudantes de 126 cursos universit\u00e1rios, distribu\u00eddos entre 302 munic\u00edpios da Bahia e em 60 \u00f3rg\u00e3os do Estado.<\/p>\n\n\n\n<p>Nas redes sociais, o governador Jer\u00f4nimo Rodrigues comentou a import\u00e2ncia da oferta de vagas em diferentes cursos. \u201cS\u00e3o oportunidades na \u00e1rea de Direito, Administra\u00e7\u00e3o, nutri\u00e7\u00e3o, enfermagem e diversas licenciaturas, para fortalecer e estimular a forma\u00e7\u00e3o de futuros professores e pesquisadores. \u00c9 o momento de dar oportunidade de fato \u00e0 juventude que est\u00e1 estudando e precisa de experi\u00eancia profissional, para desenvolver suas habilidades e conhecimentos\u201d, falou o governador.<\/p>\n\n\n\n<p>Para participar, os estudantes precisam ter idade m\u00ednima de 16 anos, residirem no estado da Bahia, ter conclu\u00eddo 50% ou mais da carga hor\u00e1ria do curso de gradua\u00e7\u00e3o e devem estar regularmente matriculados em institui\u00e7\u00e3o de n\u00edvel superior, com sede ou polo situados na Bahia. O curso de gradua\u00e7\u00e3o pode ser nas modalidades presencial, semipresencial ou Ensino a Dist\u00e2ncia (EAD).<\/p>\n\n\n\n<p>O Edital do programa concede prioridade aos candidatos inscritos no Cadastro \u00danico para Programas Sociais do Governo Federal (Cad\u00danico). Tamb\u00e9m s\u00e3o priorit\u00e1rios estudantes que cursaram todo o ensino m\u00e9dio em escola p\u00fablica ou aqueles que estudaram com bolsa integral na rede privada. O Partiu Est\u00e1gio prev\u00ea 10% das vagas reservadas para estudantes com defici\u00eancia, conforme estabelece a Lei federal n\u00ba 11.788, de 25 de setembro de 2008.<\/p>\n\n\n\n<p>O est\u00e1gio tem dura\u00e7\u00e3o m\u00e1xima de um ano, sem possibilidade de prorroga\u00e7\u00e3o, exceto para os estagi\u00e1rios com defici\u00eancia. O programa tem carga hor\u00e1ria de 4 horas di\u00e1rias, com bolsa no valor de R$ 455, al\u00e9m de aux\u00edlio transporte e f\u00e9rias remuneradas.<\/p>\n\n\n\n<h2 class=\"wp-block-heading\"><strong><mark style=\"background-color:rgba(0, 0, 0, 0)\" class=\"has-inline-color has-black-color\">Inscri\u00e7\u00f5es<\/mark><\/strong><\/h2>\n\n\n\n<p>As inscri\u00e7\u00f5es v\u00e3o ser abertas nesta quarta-feira (20\/03) e ser\u00e3o realizadas exclusivamente pela plataforma www.ba.gov.br, a partir das 9 horas. O prazo para os interessados realizarem suas inscri\u00e7\u00f5es vai at\u00e9 o dia 19 de abril. O estudante dever\u00e1 efetuar sua inscri\u00e7\u00e3o conforme os procedimentos estabelecidos no Edital 01\/2024, publicado no Di\u00e1rio Oficial do Estado e dispon\u00edvel no site da Secretaria da Administra\u00e7\u00e3o (<a href=\"http:\/\/www.saeb.ba.gov.br\"><strong><mark style=\"background-color:rgba(0, 0, 0, 0)\" class=\"has-inline-color has-vivid-cyan-blue-color\">www.saeb.ba.gov.br<\/mark><\/strong><\/a>).<\/p>\n\n\n\n<p>O passo a passo completo para fazer inscri\u00e7\u00e3o no Partiu Est\u00e1gio est\u00e1 no Edital 01\/2024. Os candidatos que n\u00e3o possuem cadastro na plataforma www.ba.gov.br precisam faz\u00ea-lo antes de realizar a inscri\u00e7\u00e3o. O estudante que for selecionado para a vaga de est\u00e1gio receber\u00e1 uma mensagem via aplicativo WhatsApp, informando altera\u00e7\u00e3o do seu status no site do www.ba.gov.br e dever\u00e1 acess\u00e1-lo para verificar os procedimentos, prazos e a forma da entrega da documenta\u00e7\u00e3o. A rela\u00e7\u00e3o dos estudantes selecionados para o Programa Partiu Est\u00e1gio tamb\u00e9m ser\u00e1 disponibilizada no site da SAEB (<a href=\"http:\/\/www.saeb.ba.gov.br\" target=\"_blank\" rel=\"noreferrer noopener\"><strong><mark style=\"background-color:rgba(0, 0, 0, 0)\" class=\"has-inline-color has-vivid-cyan-blue-color\">http:\/\/www.saeb.ba.gov.br<\/mark><\/strong><\/a>).<\/p>\n","protected":false},"excerpt":{"rendered":"<p>Secom\/BA A Secretaria da Administra\u00e7\u00e3o (Saeb) publicou, nesta ter\u00e7a-feira (19), o Edital n\u00famero 01\/2024 do programa Partiu Est\u00e1gio, ofertando 6.193 vagas para universit\u00e1rios que desejam atuar no Estado. Este \u00e9 o Edital com maior n\u00famero de oportunidades de est\u00e1gio desde o lan\u00e7amento do programa, em 2017. As inscri\u00e7\u00f5es dos estudantes tamb\u00e9m t\u00eam novidade nesta edi\u00e7\u00e3o; [&hellip;]<\/p>\n","protected":false},"author":2,"featured_media":79818,"comment_status":"open","ping_status":"open","sticky":false,"template":"","format":"standard","meta":{"_acf_changed":false,"_monsterinsights_skip_tracking":false,"_monsterinsights_sitenote_active":false,"_monsterinsights_sitenote_note":"","_monsterinsights_sitenote_category":0,"_jetpack_memberships_contains_paid_content":false,"footnotes":"","jetpack_publicize_message":"","jetpack_publicize_feature_enabled":true,"jetpack_social_post_already_shared":true,"jetpack_social_options":{"image_generator_settings":{"template":"highway","default_image_id":0,"font":"","enabled":false},"version":2}},"categories":[14],"tags":[],"class_list":["post-79817","post","type-post","status-publish","format-standard","has-post-thumbnail","hentry","category-educacao"],"acf":[],"jetpack_publicize_connections":[],"jetpack_featured_media_url":"https:\/\/i0.wp.com\/blogdoeloiltoncajuhy.com.br\/site\/wp-content\/uploads\/2024\/03\/GOVBA_PartiuEstagio_Foto-Luiz-Carrera-SEC.jpeg?fit=768%2C512&ssl=1","jetpack_sharing_enabled":true,"publishpress_future_workflow_manual_trigger":{"enabledWorkflows":[]},"_links":{"self":[{"href":"https:\/\/blogdoeloiltoncajuhy.com.br\/site\/wp-json\/wp\/v2\/posts\/79817","targetHints":{"allow":["GET"]}}],"collection":[{"href":"https:\/\/blogdoeloiltoncajuhy.com.br\/site\/wp-json\/wp\/v2\/posts"}],"about":[{"href":"https:\/\/blogdoeloiltoncajuhy.com.br\/site\/wp-json\/wp\/v2\/types\/post"}],"author":[{"embeddable":true,"href":"https:\/\/blogdoeloiltoncajuhy.com.br\/site\/wp-json\/wp\/v2\/users\/2"}],"replies":[{"embeddable":true,"href":"https:\/\/blogdoeloiltoncajuhy.com.br\/site\/wp-json\/wp\/v2\/comments?post=79817"}],"version-history":[{"count":1,"href":"https:\/\/blogdoeloiltoncajuhy.com.br\/site\/wp-json\/wp\/v2\/posts\/79817\/revisions"}],"predecessor-version":[{"id":79819,"href":"https:\/\/blogdoeloiltoncajuhy.com.br\/site\/wp-json\/wp\/v2\/posts\/79817\/revisions\/79819"}],"wp:featuredmedia":[{"embeddable":true,"href":"https:\/\/blogdoeloiltoncajuhy.com.br\/site\/wp-json\/wp\/v2\/media\/79818"}],"wp:attachment":[{"href":"https:\/\/blogdoeloiltoncajuhy.com.br\/site\/wp-json\/wp\/v2\/media?parent=79817"}],"wp:term":[{"taxonomy":"category","embeddable":true,"href":"https:\/\/blogdoeloiltoncajuhy.com.br\/site\/wp-json\/wp\/v2\/categories?post=79817"},{"taxonomy":"post_tag","embeddable":true,"href":"https:\/\/blogdoeloiltoncajuhy.com.br\/site\/wp-json\/wp\/v2\/tags?post=79817"}],"curies":[{"name":"wp","href":"https:\/\/api.w.org\/{rel}","templated":true}]}}