{"id":79806,"date":"2024-03-19T11:20:17","date_gmt":"2024-03-19T14:20:17","guid":{"rendered":"https:\/\/blogdoeloiltoncajuhy.com.br\/site\/?p=79806"},"modified":"2024-03-19T11:20:20","modified_gmt":"2024-03-19T14:20:20","slug":"sindicato-e-associacoes-se-reunem-para-discutir-rumos-da-reivindicacao-salarial-em-bonfim","status":"publish","type":"post","link":"https:\/\/blogdoeloiltoncajuhy.com.br\/site\/sindicato-e-associacoes-se-reunem-para-discutir-rumos-da-reivindicacao-salarial-em-bonfim\/","title":{"rendered":"Sindicato e associa\u00e7\u00f5es se re\u00fanem para discutir rumos da reivindica\u00e7\u00e3o salarial em Bonfim"},"content":{"rendered":"\n<p class=\"has-medium-font-size\"><strong>Blog do Eloilton Cajuhy<\/strong><\/p>\n\n\n\n<figure class=\"wp-block-image aligncenter size-full\"><a href=\"https:\/\/i0.wp.com\/blogdoeloiltoncajuhy.com.br\/site\/wp-content\/uploads\/2024\/03\/Bonfim_reuniao-de-entidades_180324.jpeg?ssl=1\"><img data-recalc-dims=\"1\" fetchpriority=\"high\" decoding=\"async\" width=\"700\" height=\"394\" src=\"https:\/\/i0.wp.com\/blogdoeloiltoncajuhy.com.br\/site\/wp-content\/uploads\/2024\/03\/Bonfim_reuniao-de-entidades_180324.jpeg?resize=700%2C394&#038;ssl=1\" alt=\"\" class=\"wp-image-79807\" srcset=\"https:\/\/i0.wp.com\/blogdoeloiltoncajuhy.com.br\/site\/wp-content\/uploads\/2024\/03\/Bonfim_reuniao-de-entidades_180324.jpeg?w=700&amp;ssl=1 700w, https:\/\/i0.wp.com\/blogdoeloiltoncajuhy.com.br\/site\/wp-content\/uploads\/2024\/03\/Bonfim_reuniao-de-entidades_180324.jpeg?resize=300%2C169&amp;ssl=1 300w\" sizes=\"(max-width: 700px) 100vw, 700px\" \/><\/a><figcaption class=\"wp-element-caption\"><sub>Divulga\u00e7\u00e3o<\/sub><\/figcaption><\/figure>\n\n\n\n<p>O Sindicato dos Servidores P\u00fablicos Municipais de Senhor do Bonfim (Sismusb), a Associa\u00e7\u00e3o Municipal dos Agentes Comunit\u00e1rios de Sa\u00fade (Amacs), Associa\u00e7\u00e3o Bonfinense de Enfermagem (Abenf) e a Associa\u00e7\u00e3o dos Agentes de Combate \u00e0s Endemias estiveram reunidos na tarde desta segunda-feira (18), a fim de discutirem os rumos sobre o reajuste salarial, tendo em vista que a gest\u00e3o municipal condicionou o envio do projeto de lei \u00e0 conclus\u00e3o das negocia\u00e7\u00f5es com os servidores da educa\u00e7\u00e3o, representados pelo Sintesb.<\/p>\n\n\n\n<p>Na oportunidade, as entidades reiteraram seu apoio ao sindicato dos professores, que segue em negocia\u00e7\u00e3o. Contudo, por n\u00e3o haver nenhum impedimento legal para que o Prefeito encaminhe o projeto de lei de reajuste salarial das categorias que j\u00e1 conclu\u00edram a negocia\u00e7\u00e3o, protocolaram of\u00edcio solicitando que, em car\u00e1ter de urg\u00eancia, sejam tomadas todas as medidas cab\u00edveis a fim de que o PL seja apreciado e votado pela C\u00e2mara Municipal.<\/p>\n\n\n\n<p>De acordo com o Sismusb, caso o pleito n\u00e3o seja atendido, j\u00e1 foi deliberada a realiza\u00e7\u00e3o de uma assembleia geral com todos os servidores a fim de definir os pr\u00f3ximos encaminhamentos. A expectativa das categorias \u00e9 que o reajuste salarial seja aprovado ainda no m\u00eas de mar\u00e7o, beneficiando todos os trabalhadores.<\/p>\n","protected":false},"excerpt":{"rendered":"<p>Blog do Eloilton Cajuhy O Sindicato dos Servidores P\u00fablicos Municipais de Senhor do Bonfim (Sismusb), a Associa\u00e7\u00e3o Municipal dos Agentes Comunit\u00e1rios de Sa\u00fade (Amacs), Associa\u00e7\u00e3o Bonfinense de Enfermagem (Abenf) e a Associa\u00e7\u00e3o dos Agentes de Combate \u00e0s Endemias estiveram reunidos na tarde desta segunda-feira (18), a fim de discutirem os rumos sobre o reajuste salarial, [&hellip;]<\/p>\n","protected":false},"author":2,"featured_media":79807,"comment_status":"open","ping_status":"open","sticky":false,"template":"","format":"standard","meta":{"_acf_changed":false,"_monsterinsights_skip_tracking":false,"_monsterinsights_sitenote_active":false,"_monsterinsights_sitenote_note":"","_monsterinsights_sitenote_category":0,"_jetpack_memberships_contains_paid_content":false,"footnotes":"","jetpack_publicize_message":"","jetpack_publicize_feature_enabled":true,"jetpack_social_post_already_shared":true,"jetpack_social_options":{"image_generator_settings":{"template":"highway","default_image_id":0,"font":"","enabled":false},"version":2}},"categories":[4],"tags":[],"class_list":["post-79806","post","type-post","status-publish","format-standard","has-post-thumbnail","hentry","category-local"],"acf":[],"jetpack_publicize_connections":[],"jetpack_featured_media_url":"https:\/\/i0.wp.com\/blogdoeloiltoncajuhy.com.br\/site\/wp-content\/uploads\/2024\/03\/Bonfim_reuniao-de-entidades_180324.jpeg?fit=700%2C394&ssl=1","jetpack_sharing_enabled":true,"publishpress_future_workflow_manual_trigger":{"enabledWorkflows":[]},"_links":{"self":[{"href":"https:\/\/blogdoeloiltoncajuhy.com.br\/site\/wp-json\/wp\/v2\/posts\/79806","targetHints":{"allow":["GET"]}}],"collection":[{"href":"https:\/\/blogdoeloiltoncajuhy.com.br\/site\/wp-json\/wp\/v2\/posts"}],"about":[{"href":"https:\/\/blogdoeloiltoncajuhy.com.br\/site\/wp-json\/wp\/v2\/types\/post"}],"author":[{"embeddable":true,"href":"https:\/\/blogdoeloiltoncajuhy.com.br\/site\/wp-json\/wp\/v2\/users\/2"}],"replies":[{"embeddable":true,"href":"https:\/\/blogdoeloiltoncajuhy.com.br\/site\/wp-json\/wp\/v2\/comments?post=79806"}],"version-history":[{"count":1,"href":"https:\/\/blogdoeloiltoncajuhy.com.br\/site\/wp-json\/wp\/v2\/posts\/79806\/revisions"}],"predecessor-version":[{"id":79808,"href":"https:\/\/blogdoeloiltoncajuhy.com.br\/site\/wp-json\/wp\/v2\/posts\/79806\/revisions\/79808"}],"wp:featuredmedia":[{"embeddable":true,"href":"https:\/\/blogdoeloiltoncajuhy.com.br\/site\/wp-json\/wp\/v2\/media\/79807"}],"wp:attachment":[{"href":"https:\/\/blogdoeloiltoncajuhy.com.br\/site\/wp-json\/wp\/v2\/media?parent=79806"}],"wp:term":[{"taxonomy":"category","embeddable":true,"href":"https:\/\/blogdoeloiltoncajuhy.com.br\/site\/wp-json\/wp\/v2\/categories?post=79806"},{"taxonomy":"post_tag","embeddable":true,"href":"https:\/\/blogdoeloiltoncajuhy.com.br\/site\/wp-json\/wp\/v2\/tags?post=79806"}],"curies":[{"name":"wp","href":"https:\/\/api.w.org\/{rel}","templated":true}]}}