{"id":79791,"date":"2024-03-19T08:28:33","date_gmt":"2024-03-19T11:28:33","guid":{"rendered":"https:\/\/blogdoeloiltoncajuhy.com.br\/site\/?p=79791"},"modified":"2024-03-19T08:34:20","modified_gmt":"2024-03-19T11:34:20","slug":"casas-populares-e-adjacencias-celebram-padroeiro-sao-jose-esposo","status":"publish","type":"post","link":"https:\/\/blogdoeloiltoncajuhy.com.br\/site\/casas-populares-e-adjacencias-celebram-padroeiro-sao-jose-esposo\/","title":{"rendered":"Casas Populares e adjac\u00eancias celebram padroeiro S\u00e3o Jos\u00e9 Esposo"},"content":{"rendered":"\n<p><strong>Blog do Eloilton Cajuhy<\/strong><\/p>\n\n\n\n<figure class=\"wp-block-image aligncenter size-full\"><a href=\"https:\/\/i0.wp.com\/blogdoeloiltoncajuhy.com.br\/site\/wp-content\/uploads\/2024\/03\/Sao-Jose-Esposo-esta.jpg?ssl=1\"><img data-recalc-dims=\"1\" fetchpriority=\"high\" decoding=\"async\" width=\"530\" height=\"680\" src=\"https:\/\/i0.wp.com\/blogdoeloiltoncajuhy.com.br\/site\/wp-content\/uploads\/2024\/03\/Sao-Jose-Esposo-esta.jpg?resize=530%2C680&#038;ssl=1\" alt=\"\" class=\"wp-image-79793\" srcset=\"https:\/\/i0.wp.com\/blogdoeloiltoncajuhy.com.br\/site\/wp-content\/uploads\/2024\/03\/Sao-Jose-Esposo-esta.jpg?w=530&amp;ssl=1 530w, https:\/\/i0.wp.com\/blogdoeloiltoncajuhy.com.br\/site\/wp-content\/uploads\/2024\/03\/Sao-Jose-Esposo-esta.jpg?resize=234%2C300&amp;ssl=1 234w\" sizes=\"(max-width: 530px) 100vw, 530px\" \/><\/a><figcaption class=\"wp-element-caption\"><sub>Reprodu\u00e7\u00e3o<\/sub><\/figcaption><\/figure>\n\n\n\n<p>A Par\u00f3quia S\u00e3o Jos\u00e9 Esposo celebra nesta ter\u00e7a-feira (19) o seu padroeiro. Desde o \u00faltimo dia 10, foi iniciada a programa\u00e7\u00e3o com a realiza\u00e7\u00e3o do noven\u00e1rio preparat\u00f3rio para a festa que acontece hoje.<\/p>\n\n\n\n<p class=\"has-black-color has-text-color has-link-color has-medium-font-size wp-elements-2fc1592d077922e76844831015ed5188\"><strong>Confira:<\/strong><\/p>\n\n\n\n<p><strong><mark style=\"background-color:rgba(0, 0, 0, 0)\" class=\"has-inline-color has-black-color\">19h30 &#8211; Solenidade de S\u00e3o Jos\u00e9 Esposo (Missa e Prociss\u00e3o)<\/mark><\/strong><br>Respons\u00e1veis: Equipe de Liturgia Central<br>Convidados: Comunidades Rurais e Urbanas<br>Anima\u00e7\u00e3o: Coral S\u00e3o Jos\u00e9<br>Presidente: Pe. Dion\u00edsio<\/p>\n\n\n\n<p>S\u00e3o Jos\u00e9 foi pai de Jesus, pelo cora\u00e7\u00e3o; protegeu o Menino das m\u00e3os assassinas de Herodes, o Grande e ensinou-lhe o caminho do trabalho. Jesus n\u00e3o se envergonhou de ser chamado \u201cFilho do carpinteiro\u201d. Naquela rude carpintaria de Nazar\u00e9, ele trabalhou at\u00e9 iniciar Sua vida p\u00fablica, mostrando-nos que o trabalho \u00e9 redentor.<\/p>\n\n\n\n<p>Na hist\u00f3ria da salva\u00e7\u00e3o coube a S\u00e3o Jos\u00e9 dar a Jesus um nome, faz\u00ea-lo descendente da linhagem de Davi, como era necess\u00e1rio para cumprir as promessas divinas.<\/p>\n\n\n\n<p>A Igreja celebra duas festas lit\u00fargicas em sua homenagem: 19 de mar\u00e7o (Esposo de Maria) e 1\u00ba de maio (S\u00e3o Jos\u00e9 oper\u00e1rio patrono dos trabalhadores).<\/p>\n\n\n\n<p>O Papa Pio IX o proclamou Patrono de toda a Igreja, em 1870, bem como \u201cmodelo e advogado de todas as fam\u00edlias e lares crist\u00e3os\u201d.<\/p>\n","protected":false},"excerpt":{"rendered":"<p>Blog do Eloilton Cajuhy A Par\u00f3quia S\u00e3o Jos\u00e9 Esposo celebra nesta ter\u00e7a-feira (19) o seu padroeiro. Desde o \u00faltimo dia 10, foi iniciada a programa\u00e7\u00e3o com a realiza\u00e7\u00e3o do noven\u00e1rio preparat\u00f3rio para a festa que acontece hoje. Confira: 19h30 &#8211; Solenidade de S\u00e3o Jos\u00e9 Esposo (Missa e Prociss\u00e3o)Respons\u00e1veis: Equipe de Liturgia CentralConvidados: Comunidades Rurais e [&hellip;]<\/p>\n","protected":false},"author":2,"featured_media":79793,"comment_status":"open","ping_status":"open","sticky":false,"template":"","format":"standard","meta":{"_acf_changed":false,"_monsterinsights_skip_tracking":false,"_monsterinsights_sitenote_active":false,"_monsterinsights_sitenote_note":"","_monsterinsights_sitenote_category":0,"_jetpack_memberships_contains_paid_content":false,"footnotes":"","jetpack_publicize_message":"","jetpack_publicize_feature_enabled":true,"jetpack_social_post_already_shared":true,"jetpack_social_options":{"image_generator_settings":{"template":"highway","default_image_id":0,"font":"","enabled":false},"version":2}},"categories":[4],"tags":[],"class_list":["post-79791","post","type-post","status-publish","format-standard","has-post-thumbnail","hentry","category-local"],"acf":[],"jetpack_publicize_connections":[],"jetpack_featured_media_url":"https:\/\/i0.wp.com\/blogdoeloiltoncajuhy.com.br\/site\/wp-content\/uploads\/2024\/03\/Sao-Jose-Esposo-esta.jpg?fit=530%2C680&ssl=1","jetpack_sharing_enabled":true,"publishpress_future_workflow_manual_trigger":{"enabledWorkflows":[]},"_links":{"self":[{"href":"https:\/\/blogdoeloiltoncajuhy.com.br\/site\/wp-json\/wp\/v2\/posts\/79791","targetHints":{"allow":["GET"]}}],"collection":[{"href":"https:\/\/blogdoeloiltoncajuhy.com.br\/site\/wp-json\/wp\/v2\/posts"}],"about":[{"href":"https:\/\/blogdoeloiltoncajuhy.com.br\/site\/wp-json\/wp\/v2\/types\/post"}],"author":[{"embeddable":true,"href":"https:\/\/blogdoeloiltoncajuhy.com.br\/site\/wp-json\/wp\/v2\/users\/2"}],"replies":[{"embeddable":true,"href":"https:\/\/blogdoeloiltoncajuhy.com.br\/site\/wp-json\/wp\/v2\/comments?post=79791"}],"version-history":[{"count":3,"href":"https:\/\/blogdoeloiltoncajuhy.com.br\/site\/wp-json\/wp\/v2\/posts\/79791\/revisions"}],"predecessor-version":[{"id":79795,"href":"https:\/\/blogdoeloiltoncajuhy.com.br\/site\/wp-json\/wp\/v2\/posts\/79791\/revisions\/79795"}],"wp:featuredmedia":[{"embeddable":true,"href":"https:\/\/blogdoeloiltoncajuhy.com.br\/site\/wp-json\/wp\/v2\/media\/79793"}],"wp:attachment":[{"href":"https:\/\/blogdoeloiltoncajuhy.com.br\/site\/wp-json\/wp\/v2\/media?parent=79791"}],"wp:term":[{"taxonomy":"category","embeddable":true,"href":"https:\/\/blogdoeloiltoncajuhy.com.br\/site\/wp-json\/wp\/v2\/categories?post=79791"},{"taxonomy":"post_tag","embeddable":true,"href":"https:\/\/blogdoeloiltoncajuhy.com.br\/site\/wp-json\/wp\/v2\/tags?post=79791"}],"curies":[{"name":"wp","href":"https:\/\/api.w.org\/{rel}","templated":true}]}}