{"id":79788,"date":"2024-03-18T20:45:58","date_gmt":"2024-03-18T23:45:58","guid":{"rendered":"https:\/\/blogdoeloiltoncajuhy.com.br\/site\/?p=79788"},"modified":"2024-03-18T20:46:00","modified_gmt":"2024-03-18T23:46:00","slug":"bahia-participa-na-definicao-de-politicas-publicas-para-a-cultura-nacional","status":"publish","type":"post","link":"https:\/\/blogdoeloiltoncajuhy.com.br\/site\/bahia-participa-na-definicao-de-politicas-publicas-para-a-cultura-nacional\/","title":{"rendered":"Bahia participa na defini\u00e7\u00e3o de pol\u00edticas p\u00fablicas para a cultura nacional"},"content":{"rendered":"\n<p class=\"has-medium-font-size\"><strong>No evento, o grupo teve a miss\u00e3o de colaborar na elabora\u00e7\u00e3o de pol\u00edticas p\u00fablicas para a cultura nacional nos pr\u00f3ximos dez anos.<\/strong><\/p>\n\n\n\n<p><strong>Por Brasil 61<\/strong><\/p>\n\n\n\n<figure class=\"wp-block-image aligncenter size-full is-resized\"><a href=\"https:\/\/i0.wp.com\/blogdoeloiltoncajuhy.com.br\/site\/wp-content\/uploads\/2024\/03\/GOVFED_CNC_divulgacao-Minc.png?ssl=1\"><img data-recalc-dims=\"1\" fetchpriority=\"high\" decoding=\"async\" width=\"500\" height=\"320\" src=\"https:\/\/i0.wp.com\/blogdoeloiltoncajuhy.com.br\/site\/wp-content\/uploads\/2024\/03\/GOVFED_CNC_divulgacao-Minc.png?resize=500%2C320&#038;ssl=1\" alt=\"\" class=\"wp-image-79789\" style=\"width:713px;height:auto\" srcset=\"https:\/\/i0.wp.com\/blogdoeloiltoncajuhy.com.br\/site\/wp-content\/uploads\/2024\/03\/GOVFED_CNC_divulgacao-Minc.png?w=500&amp;ssl=1 500w, https:\/\/i0.wp.com\/blogdoeloiltoncajuhy.com.br\/site\/wp-content\/uploads\/2024\/03\/GOVFED_CNC_divulgacao-Minc.png?resize=300%2C192&amp;ssl=1 300w\" sizes=\"(max-width: 500px) 100vw, 500px\" \/><\/a><figcaption class=\"wp-element-caption\"><sub>Divulga\u00e7\u00e3o\/Minc<\/sub><\/figcaption><\/figure>\n\n\n\n<p>Uma delega\u00e7\u00e3o formada por 62 representantes do setor cultural do estado da Bahia esteve em Bras\u00edlia na \u00faltima semana, participando da quarta Confer\u00eancia Nacional de Cultura (CNC). No evento, o grupo teve a miss\u00e3o de colaborar na elabora\u00e7\u00e3o de pol\u00edticas p\u00fablicas para a cultura nacional nos pr\u00f3ximos dez anos.<\/p>\n\n\n\n<p>Durante a quarta CNC, a comitiva de delegados baianos p\u00f4de apresentar as necessidades espec\u00edficas do estado no setor e tamb\u00e9m debater propostas com artistas, gestores p\u00fablicos e produtores culturais de todo o pa\u00eds.<\/p>\n\n\n\n<p>Promovida pelo Minist\u00e9rio da Cultura, a quarta CNC marcou a retomada da participa\u00e7\u00e3o popular na defini\u00e7\u00e3o das pol\u00edticas p\u00fablicas para a cultura nacional. O encontro n\u00e3o ocorria desde 2013, devido ao desmonte do setor cultural, promovido pelo governo anterior.<\/p>\n\n\n\n<p>Fazedoras e fazedores de cultura, gestores p\u00fablicos, artistas convidados e observadores de todos os 27 Territ\u00f3rios da Bahia formavam a comitiva baiana no evento, que teve participa\u00e7\u00e3o de 1.338 delegados de todo o pa\u00eds.<\/p>\n\n\n\n<p>De acordo com o secret\u00e1rio de Cultura da Bahia, Bruno Monteiro, o estado enviou a Bras\u00edlia \u201cdelega\u00e7\u00e3o qualificada para participar de di\u00e1logos democr\u00e1ticos e construir boas perspectivas para a pol\u00edtica cultural de todo pa\u00eds\u201d.<\/p>\n\n\n\n<p>Na Confer\u00eancia Nacional, 140 propostas foram acolhidas e discutidas em grupos de trabalho e plen\u00e1rias e 30 foram aprovadas. Agora, o Minist\u00e9rio da Cultura tem at\u00e9 sessenta dias para divulgar o relat\u00f3rio com o texto final das propostas definidas ao longo da quarta CNC.<\/p>\n\n\n\n<p>As propostas passar\u00e3o por consulta p\u00fablica e dar\u00e3o origem ao Plano Nacional de Cultura (PNC), que definir\u00e1 as pol\u00edticas p\u00fablicas para o setor cultural na pr\u00f3xima d\u00e9cada.<\/p>\n\n\n\n<p>A ministra da Cultura, Margareth Menezes ressalta a import\u00e2ncia estrat\u00e9gica da confer\u00eancia para o setor cultural e de economia criativa, especialmente ap\u00f3s a recria\u00e7\u00e3o do Minist\u00e9rio.<\/p>\n\n\n\n<p>\u201cDepois de um intervalo de 11 anos sem dar seguimento \u00e0s pol\u00edticas nacionais, as pol\u00edticas para o setor cultural, sem possibilitar que o meio possa se organizar de uma maneira melhor, mas desta vez ouvindo a todos, temos aqui representa\u00e7\u00f5es das cidades, dos estados. Ent\u00e3o, estamos em estado de confer\u00eancia, de col\u00f3quio, de di\u00e1logo, de cora\u00e7\u00e3o aberto para acolher as ideias, para chegarmos em uma dire\u00e7\u00e3o para nosso Plano Nacional de Cultura, que \u00e9 assim que se faz\u201d.<\/p>\n\n\n\n<p>A quarta Confer\u00eancia Nacional de Cultura foi realizada pelo Minist\u00e9rio da Cultura e pelo Conselho Nacional de Pol\u00edtica Cultural (CNPC), e correalizada pela Organiza\u00e7\u00e3o de Estados Ibero-Americanos para a Educa\u00e7\u00e3o, a Ci\u00eancia e a Cultura no Brasil (OEI). Al\u00e9m disso, contou com apoio da Faculdade Latino-Americana de Ci\u00eancias Sociais (Flacso Brasil).<\/p>\n","protected":false},"excerpt":{"rendered":"<p>No evento, o grupo teve a miss\u00e3o de colaborar na elabora\u00e7\u00e3o de pol\u00edticas p\u00fablicas para a cultura nacional nos pr\u00f3ximos dez anos. Por Brasil 61 Uma delega\u00e7\u00e3o formada por 62 representantes do setor cultural do estado da Bahia esteve em Bras\u00edlia na \u00faltima semana, participando da quarta Confer\u00eancia Nacional de Cultura (CNC). No evento, o [&hellip;]<\/p>\n","protected":false},"author":2,"featured_media":79789,"comment_status":"open","ping_status":"open","sticky":false,"template":"","format":"standard","meta":{"_acf_changed":false,"_monsterinsights_skip_tracking":false,"_monsterinsights_sitenote_active":false,"_monsterinsights_sitenote_note":"","_monsterinsights_sitenote_category":0,"_jetpack_memberships_contains_paid_content":false,"footnotes":"","jetpack_publicize_message":"","jetpack_publicize_feature_enabled":true,"jetpack_social_post_already_shared":true,"jetpack_social_options":{"image_generator_settings":{"template":"highway","default_image_id":0,"font":"","enabled":false},"version":2}},"categories":[8],"tags":[],"class_list":["post-79788","post","type-post","status-publish","format-standard","has-post-thumbnail","hentry","category-cultura"],"acf":[],"jetpack_publicize_connections":[],"jetpack_featured_media_url":"https:\/\/i0.wp.com\/blogdoeloiltoncajuhy.com.br\/site\/wp-content\/uploads\/2024\/03\/GOVFED_CNC_divulgacao-Minc.png?fit=500%2C320&ssl=1","jetpack_sharing_enabled":true,"publishpress_future_workflow_manual_trigger":{"enabledWorkflows":[]},"_links":{"self":[{"href":"https:\/\/blogdoeloiltoncajuhy.com.br\/site\/wp-json\/wp\/v2\/posts\/79788","targetHints":{"allow":["GET"]}}],"collection":[{"href":"https:\/\/blogdoeloiltoncajuhy.com.br\/site\/wp-json\/wp\/v2\/posts"}],"about":[{"href":"https:\/\/blogdoeloiltoncajuhy.com.br\/site\/wp-json\/wp\/v2\/types\/post"}],"author":[{"embeddable":true,"href":"https:\/\/blogdoeloiltoncajuhy.com.br\/site\/wp-json\/wp\/v2\/users\/2"}],"replies":[{"embeddable":true,"href":"https:\/\/blogdoeloiltoncajuhy.com.br\/site\/wp-json\/wp\/v2\/comments?post=79788"}],"version-history":[{"count":1,"href":"https:\/\/blogdoeloiltoncajuhy.com.br\/site\/wp-json\/wp\/v2\/posts\/79788\/revisions"}],"predecessor-version":[{"id":79790,"href":"https:\/\/blogdoeloiltoncajuhy.com.br\/site\/wp-json\/wp\/v2\/posts\/79788\/revisions\/79790"}],"wp:featuredmedia":[{"embeddable":true,"href":"https:\/\/blogdoeloiltoncajuhy.com.br\/site\/wp-json\/wp\/v2\/media\/79789"}],"wp:attachment":[{"href":"https:\/\/blogdoeloiltoncajuhy.com.br\/site\/wp-json\/wp\/v2\/media?parent=79788"}],"wp:term":[{"taxonomy":"category","embeddable":true,"href":"https:\/\/blogdoeloiltoncajuhy.com.br\/site\/wp-json\/wp\/v2\/categories?post=79788"},{"taxonomy":"post_tag","embeddable":true,"href":"https:\/\/blogdoeloiltoncajuhy.com.br\/site\/wp-json\/wp\/v2\/tags?post=79788"}],"curies":[{"name":"wp","href":"https:\/\/api.w.org\/{rel}","templated":true}]}}