{"id":79777,"date":"2024-03-18T19:43:13","date_gmt":"2024-03-18T22:43:13","guid":{"rendered":"https:\/\/blogdoeloiltoncajuhy.com.br\/site\/?p=79777"},"modified":"2024-03-18T19:44:20","modified_gmt":"2024-03-18T22:44:20","slug":"bonfim-nte-25-entrega-tablets-a-estudantes-da-rede-estadual-a-partir-desta-terca-19","status":"publish","type":"post","link":"https:\/\/blogdoeloiltoncajuhy.com.br\/site\/bonfim-nte-25-entrega-tablets-a-estudantes-da-rede-estadual-a-partir-desta-terca-19\/","title":{"rendered":"Bonfim: NTE-25 entrega tablets a estudantes da rede estadual a partir desta ter\u00e7a (19)"},"content":{"rendered":"\n<p class=\"has-medium-font-size\"><strong>Os equipamentos, que j\u00e1 v\u00eam com chips ativados e diversos aplicativos para estudos instalados, permitem aos estudantes conectividade e acesso a um formato h\u00edbrido de ensino.<\/strong><\/p>\n\n\n\n<p><strong>Blog do Eloilton Cajuhy<\/strong><\/p>\n\n\n\n<figure class=\"wp-block-image aligncenter size-full\"><a href=\"https:\/\/i0.wp.com\/blogdoeloiltoncajuhy.com.br\/site\/wp-content\/uploads\/2024\/03\/GOVBA_Entrega-de-tablets_Divulgacao-SEC.jpeg?ssl=1\"><img data-recalc-dims=\"1\" fetchpriority=\"high\" decoding=\"async\" width=\"700\" height=\"467\" src=\"https:\/\/i0.wp.com\/blogdoeloiltoncajuhy.com.br\/site\/wp-content\/uploads\/2024\/03\/GOVBA_Entrega-de-tablets_Divulgacao-SEC.jpeg?resize=700%2C467&#038;ssl=1\" alt=\"\" class=\"wp-image-79778\" srcset=\"https:\/\/i0.wp.com\/blogdoeloiltoncajuhy.com.br\/site\/wp-content\/uploads\/2024\/03\/GOVBA_Entrega-de-tablets_Divulgacao-SEC.jpeg?w=700&amp;ssl=1 700w, https:\/\/i0.wp.com\/blogdoeloiltoncajuhy.com.br\/site\/wp-content\/uploads\/2024\/03\/GOVBA_Entrega-de-tablets_Divulgacao-SEC.jpeg?resize=300%2C200&amp;ssl=1 300w\" sizes=\"(max-width: 700px) 100vw, 700px\" \/><\/a><figcaption class=\"wp-element-caption\"><sub>Divulga\u00e7\u00e3o\/SEC<\/sub><\/figcaption><\/figure>\n\n\n\n<p>O N\u00facleo Territorial de Educa\u00e7\u00e3o de Senhor do Bonfim (NTE-25) far\u00e1 a entrega, a partir desta ter\u00e7a-feira (19), dos tablets para os estudantes do ensino m\u00e9dio da rede estadual. O governo do estado, atrav\u00e9s da Secretaria de Educa\u00e7\u00e3o (SEC), fez a distribui\u00e7\u00e3o dos aparelhos nesta segunda-feira (18) para todos a rede.<\/p>\n\n\n\n<p>De acordo com SEC, o uso do tablet pelo estudante tem o intuito de facilitar a constru\u00e7\u00e3o de metodologias apropriadas para o contexto tecnol\u00f3gico e possibilitar a inclus\u00e3o digital. A entrega dos aparelhos faz parte do Projeto Conectar para Educar. Ao todo, foram entregues 148.804 tablets a estudantes do 2\u00ba ano do Ensino M\u00e9dio de toda Bahia. O investimento foi de R$ 159,8 mil.<\/p>\n\n\n\n<figure class=\"wp-block-image aligncenter size-full\"><a href=\"https:\/\/i0.wp.com\/blogdoeloiltoncajuhy.com.br\/site\/wp-content\/uploads\/2024\/03\/GOVBA_Entrega-de-tablets-2_Divulgacao-SEC.png?ssl=1\"><img data-recalc-dims=\"1\" decoding=\"async\" width=\"600\" height=\"621\" src=\"https:\/\/i0.wp.com\/blogdoeloiltoncajuhy.com.br\/site\/wp-content\/uploads\/2024\/03\/GOVBA_Entrega-de-tablets-2_Divulgacao-SEC.png?resize=600%2C621&#038;ssl=1\" alt=\"\" class=\"wp-image-79779\" srcset=\"https:\/\/i0.wp.com\/blogdoeloiltoncajuhy.com.br\/site\/wp-content\/uploads\/2024\/03\/GOVBA_Entrega-de-tablets-2_Divulgacao-SEC.png?w=600&amp;ssl=1 600w, https:\/\/i0.wp.com\/blogdoeloiltoncajuhy.com.br\/site\/wp-content\/uploads\/2024\/03\/GOVBA_Entrega-de-tablets-2_Divulgacao-SEC.png?resize=290%2C300&amp;ssl=1 290w\" sizes=\"(max-width: 600px) 100vw, 600px\" \/><\/a><figcaption class=\"wp-element-caption\"><sub>Divulga\u00e7\u00e3o\/SEC<\/sub><\/figcaption><\/figure>\n\n\n\n<p class=\"has-black-color has-text-color has-link-color wp-elements-1b1aa0910a72eed73603d7153e27fe60\"><strong>Perguntas e respostas sobre o uso dos tablets pelos estudantes do ensino m\u00e9dio da rede estadual:<\/strong><\/p>\n\n\n\n<ul class=\"wp-block-list\">\n<li><strong><mark style=\"background-color:rgba(0, 0, 0, 0)\" class=\"has-inline-color has-black-color\">Quais alunos receber\u00e3o os tablets?<\/mark><\/strong> \u2013 Os tablets est\u00e3o sendo entregues para todos os estudantes matriculados no 2\u00ba ano do Ensino M\u00e9dio em escolas estaduais da Bahia. Posteriormente o Estado far\u00e1 a entrega para os estudantes do 1\u00ba Ensino M\u00e9dio.<\/li>\n<\/ul>\n\n\n\n<ul class=\"wp-block-list\">\n<li><strong><mark style=\"background-color:rgba(0, 0, 0, 0)\" class=\"has-inline-color has-black-color\">Os estudantes poder\u00e3o levar os tablets pra casa?<\/mark><\/strong>&#8211; Sim. O tablet \u00e9 de propriedade do Estado da Bahia, incorporado ao patrim\u00f4nio da Secretaria Estadual da Educa\u00e7\u00e3o e ser\u00e1 entregue ao estudante, a t\u00edtulo de empr\u00e9stimo gratuito, por meio da assinatura de Termo de Compromisso e Responsabilidade e o estudante poder\u00e1 levar para casa.<\/li>\n<\/ul>\n\n\n\n<p><\/p>\n\n\n\n<p>Lembramos que o uso e conserva\u00e7\u00e3o dos tablets \u00e9 de inteira responsabilidade do estudante. Para tanto, cada aluno ou respons\u00e1vel, para o caso dos menores de 18 anos, assinar\u00e1 um Termo de Responsabilidade ao receber o equipamento com o todo regramento e orienta\u00e7\u00f5es estabelecidos pela Secretaria.<\/p>\n\n\n\n<ul class=\"wp-block-list\">\n<li><strong><mark style=\"background-color:rgba(0, 0, 0, 0)\" class=\"has-inline-color has-black-color\">Como ser\u00e1 a conex\u00e3o de internet para os tablets?<\/mark><\/strong> &#8211; Os equipamentos j\u00e1 est\u00e3o com chips ativados e diversos aplicativos para estudos instalados, que permitem aos estudantes conectividade.<\/li>\n<\/ul>\n\n\n\n<ul class=\"wp-block-list\">\n<li><strong><mark style=\"background-color:rgba(0, 0, 0, 0)\" class=\"has-inline-color has-black-color\">Por que n\u00e3o consigo usar alguns aplicativos no tablet?<\/mark><\/strong> &#8211; O tablet \u00e9 de uso individual, pessoal e exclusivamente pedag\u00f3gico sob a orienta\u00e7\u00e3o dos professores, raz\u00e3o pela qual h\u00e1 bloqueios para sites e aplicativos que n\u00e3o sejam pedag\u00f3gicos e\/ou indicados pela Secretaria da Educa\u00e7\u00e3o, atrav\u00e9s das \u00e1reas pedag\u00f3gicas, cujo cumprimento dever\u00e1 ser fiscalizado pela Coordena\u00e7\u00e3o de Gest\u00e3o Organizacional e de TIC, vinculada \u00e0 Assessoria de Planejamento e Gest\u00e3o.<\/li>\n<\/ul>\n","protected":false},"excerpt":{"rendered":"<p>Os equipamentos, que j\u00e1 v\u00eam com chips ativados e diversos aplicativos para estudos instalados, permitem aos estudantes conectividade e acesso a um formato h\u00edbrido de ensino. Blog do Eloilton Cajuhy O N\u00facleo Territorial de Educa\u00e7\u00e3o de Senhor do Bonfim (NTE-25) far\u00e1 a entrega, a partir desta ter\u00e7a-feira (19), dos tablets para os estudantes do ensino [&hellip;]<\/p>\n","protected":false},"author":2,"featured_media":79779,"comment_status":"open","ping_status":"open","sticky":false,"template":"","format":"standard","meta":{"_acf_changed":false,"_monsterinsights_skip_tracking":false,"_monsterinsights_sitenote_active":false,"_monsterinsights_sitenote_note":"","_monsterinsights_sitenote_category":0,"_jetpack_memberships_contains_paid_content":false,"footnotes":"","jetpack_publicize_message":"","jetpack_publicize_feature_enabled":true,"jetpack_social_post_already_shared":true,"jetpack_social_options":{"image_generator_settings":{"template":"highway","default_image_id":0,"font":"","enabled":false},"version":2}},"categories":[14],"tags":[],"class_list":["post-79777","post","type-post","status-publish","format-standard","has-post-thumbnail","hentry","category-educacao"],"acf":[],"jetpack_publicize_connections":[],"jetpack_featured_media_url":"https:\/\/i0.wp.com\/blogdoeloiltoncajuhy.com.br\/site\/wp-content\/uploads\/2024\/03\/GOVBA_Entrega-de-tablets-2_Divulgacao-SEC.png?fit=600%2C621&ssl=1","jetpack_sharing_enabled":true,"publishpress_future_workflow_manual_trigger":{"enabledWorkflows":[]},"_links":{"self":[{"href":"https:\/\/blogdoeloiltoncajuhy.com.br\/site\/wp-json\/wp\/v2\/posts\/79777","targetHints":{"allow":["GET"]}}],"collection":[{"href":"https:\/\/blogdoeloiltoncajuhy.com.br\/site\/wp-json\/wp\/v2\/posts"}],"about":[{"href":"https:\/\/blogdoeloiltoncajuhy.com.br\/site\/wp-json\/wp\/v2\/types\/post"}],"author":[{"embeddable":true,"href":"https:\/\/blogdoeloiltoncajuhy.com.br\/site\/wp-json\/wp\/v2\/users\/2"}],"replies":[{"embeddable":true,"href":"https:\/\/blogdoeloiltoncajuhy.com.br\/site\/wp-json\/wp\/v2\/comments?post=79777"}],"version-history":[{"count":2,"href":"https:\/\/blogdoeloiltoncajuhy.com.br\/site\/wp-json\/wp\/v2\/posts\/79777\/revisions"}],"predecessor-version":[{"id":79781,"href":"https:\/\/blogdoeloiltoncajuhy.com.br\/site\/wp-json\/wp\/v2\/posts\/79777\/revisions\/79781"}],"wp:featuredmedia":[{"embeddable":true,"href":"https:\/\/blogdoeloiltoncajuhy.com.br\/site\/wp-json\/wp\/v2\/media\/79779"}],"wp:attachment":[{"href":"https:\/\/blogdoeloiltoncajuhy.com.br\/site\/wp-json\/wp\/v2\/media?parent=79777"}],"wp:term":[{"taxonomy":"category","embeddable":true,"href":"https:\/\/blogdoeloiltoncajuhy.com.br\/site\/wp-json\/wp\/v2\/categories?post=79777"},{"taxonomy":"post_tag","embeddable":true,"href":"https:\/\/blogdoeloiltoncajuhy.com.br\/site\/wp-json\/wp\/v2\/tags?post=79777"}],"curies":[{"name":"wp","href":"https:\/\/api.w.org\/{rel}","templated":true}]}}