{"id":79772,"date":"2024-03-18T08:51:28","date_gmt":"2024-03-18T11:51:28","guid":{"rendered":"https:\/\/blogdoeloiltoncajuhy.com.br\/site\/?p=79772"},"modified":"2024-03-18T08:51:30","modified_gmt":"2024-03-18T11:51:30","slug":"divulgada-a-programacao-da-semana-santa-na-paroquia-do-senhor-do-bonfim","status":"publish","type":"post","link":"https:\/\/blogdoeloiltoncajuhy.com.br\/site\/divulgada-a-programacao-da-semana-santa-na-paroquia-do-senhor-do-bonfim\/","title":{"rendered":"Divulgada a programa\u00e7\u00e3o da Semana Santa na Par\u00f3quia do Senhor do Bonfim"},"content":{"rendered":"\n<p><strong>Blog do Eloilton Cajuhy<\/strong><\/p>\n\n\n\n<figure class=\"wp-block-image aligncenter size-full is-resized\"><a href=\"https:\/\/i0.wp.com\/blogdoeloiltoncajuhy.com.br\/site\/wp-content\/uploads\/2024\/03\/Semana-santa-em-Bonfim_reproducao.jpg?ssl=1\"><img data-recalc-dims=\"1\" fetchpriority=\"high\" decoding=\"async\" width=\"515\" height=\"386\" src=\"https:\/\/i0.wp.com\/blogdoeloiltoncajuhy.com.br\/site\/wp-content\/uploads\/2024\/03\/Semana-santa-em-Bonfim_reproducao.jpg?resize=515%2C386&#038;ssl=1\" alt=\"\" class=\"wp-image-79773\" style=\"width:752px;height:auto\" srcset=\"https:\/\/i0.wp.com\/blogdoeloiltoncajuhy.com.br\/site\/wp-content\/uploads\/2024\/03\/Semana-santa-em-Bonfim_reproducao.jpg?w=515&amp;ssl=1 515w, https:\/\/i0.wp.com\/blogdoeloiltoncajuhy.com.br\/site\/wp-content\/uploads\/2024\/03\/Semana-santa-em-Bonfim_reproducao.jpg?resize=300%2C225&amp;ssl=1 300w\" sizes=\"(max-width: 515px) 100vw, 515px\" \/><\/a><figcaption class=\"wp-element-caption\"><sub>Reprodu\u00e7\u00e3o<\/sub><\/figcaption><\/figure>\n\n\n\n<p>A Par\u00f3quia do Senhor do Bonfim est\u00e1 divulgando a programa\u00e7\u00e3o da Semana Santa que ser\u00e1 celebrada a partir do pr\u00f3ximo domingo (24), com o Domingo de Ramos, e termina no dia 31 com o Domingo de P\u00e1scoa.<\/p>\n\n\n\n<h2 class=\"wp-block-heading\"><strong><mark style=\"background-color:rgba(0, 0, 0, 0)\" class=\"has-inline-color has-black-color\">Confira:<\/mark><\/strong><\/h2>\n\n\n\n<p><strong>24\/03: DOMINGO DE RAMOS<\/strong><\/p>\n\n\n\n<p>8h: B\u00ean\u00e7\u00e3o de Ramos na Pra\u00e7a Nova do Congresso. Logo ap\u00f3s, prociss\u00e3o com destino \u00e0 Igreja Catedral.<\/p>\n\n\n\n<p>9h: Celebra\u00e7\u00e3o Eucar\u00edstica<\/p>\n\n\n\n<p>16h: Igreja Catedral &#8211; B\u00ean\u00e7\u00e3o dos Ramos e Celebra\u00e7\u00e3o Eucar\u00edstica.<\/p>\n\n\n\n<p>19h: Igreja Catedral &#8211; B\u00ean\u00e7\u00e3o dos Ramos e Celebra\u00e7\u00e3o Eucar\u00edstica.<\/p>\n\n\n\n<p><strong>DIA 25\/03: SEGUNDA-FEIRA SANTA<\/strong><\/p>\n\n\n\n<p>19h: Igreja Catedral &#8211; Celebra\u00e7\u00e3o Penitencial com Of\u00edcio das Comunidades. Respons\u00e1veis: Pastoral Lit\u00fargica da Diocese.<\/p>\n\n\n\n<p><strong>26\/03: TER\u00c7A-FEIRA SANTA<\/strong><\/p>\n\n\n\n<p>16h: Celebra\u00e7\u00e3o Eucar\u00edstica para os Enfermos.<\/p>\n\n\n\n<p>Respons\u00e1veis: Ministros Extraordin\u00e1rios da Sagrada Comunh\u00e3o<\/p>\n\n\n\n<p>19h: Igreja Catedral &#8211; Via Sacra<\/p>\n\n\n\n<p><strong>27\/03: QUARTA-FEIRA SANTA<\/strong><\/p>\n\n\n\n<p>9h: Celebra\u00e7\u00e3o do Santo Crisma com B\u00ean\u00e7\u00e3o dos Santos \u00d3leos.<\/p>\n\n\n\n<ul class=\"wp-block-list\">\n<li>Renova\u00e7\u00e3o das Promessas Sacerdotais &#8211; Celebrante: Dom Hernaldo Farias. Concelebra\u00e7\u00e3o: Padres da Diocese.<\/li>\n<\/ul>\n\n\n\n<p><\/p>\n\n\n\n<p>Respons\u00e1vel &#8211; Pastoral Lit\u00fargica Diocesana.<\/p>\n\n\n\n<p>Prociss\u00e3o do Encontro<\/p>\n\n\n\n<p>18h: Concentra\u00e7\u00e3o nas Capelas: Pernambuquinho &#8211; Conduzindo a imagem de Nossa Senhora das Dores. (As mulheres) e Capela da Comunidade Pera &#8211; Conduzindo a imagem de Nosso Senhor dos Passos (Os Homens)<\/p>\n\n\n\n<p>O encontro acontecer\u00e1 no contorno da Pra\u00e7a Nova do Congresso e, logo ap\u00f3s, a prociss\u00e3o seguir\u00e1 para a Igreja Catedral.<\/p>\n\n\n\n<p>Igreja Catedral: As 7 Dores de Maria e as 7 Palavras de Jesus na Cruz<\/p>\n\n\n\n<p><strong>28\/03: QUINTA\u2013FEIRA SANTA<\/strong><\/p>\n\n\n\n<p>19h: Igreja Catedral &#8211; Celebra\u00e7\u00e3o Eucar\u00edstica da Institui\u00e7\u00e3o da Eucaristia e do Lava-P\u00e9s.                       &#8211; Vig\u00edlia de Adora\u00e7\u00e3o ao Sant\u00edssimo Sacramento at\u00e9 \u00e0s 23hs.<\/p>\n\n\n\n<p><strong>29\/03: SEXTA-FEIRA DA PAIX\u00c3O<\/strong><\/p>\n\n\n\n<p>5h: Caminhada do Perd\u00e3o para a Capela da Comunidade do Barro \u2013 Nossa Senhora da Concei\u00e7\u00e3o<\/p>\n\n\n\n<p>15h: Igreja Catedral &#8211; Celebra\u00e7\u00e3o Lit\u00fargica da Paix\u00e3o e Morte de Nosso Senhor Jesus Cristo. Logo ap\u00f3s, ser\u00e1 realizada a Prociss\u00e3o do Senhor Morto.<\/p>\n\n\n\n<p><strong>30\/03: S\u00c1BADO SANTO<\/strong><\/p>\n\n\n\n<p>19h: Igreja Catedral &#8211; Vig\u00edlia Pascal. In\u00edcio com a B\u00ean\u00e7\u00e3o do Fogo e do C\u00edrio Pascal em frente a Igreja Catedral (Os fi\u00e9is dever\u00e3o levar vela para a ben\u00e7\u00e3o do fogo).<\/p>\n\n\n\n<p><strong>31\/03: DOMINGO DE P\u00c1SCOA<\/strong><\/p>\n\n\n\n<p>9h: Igreja Catedral &#8211; Celebra\u00e7\u00e3o Eucar\u00edstica de p\u00e1scoa. Celebrante: Dom Hernaldo Farias<\/p>\n\n\n\n<p>16h: Igreja Catedral &#8211; Celebra\u00e7\u00e3o Eucar\u00edstica de P\u00e1scoa. Celebrante: Padre Airton<\/p>\n\n\n\n<p>19h: Igreja Catedral &#8211; Celebra\u00e7\u00e3o Eucar\u00edstica de P\u00e1scoa. Celebrante: Padre Airton<\/p>\n\n\n\n<p>Em sua mensagem aos fi\u00e9is cat\u00f3licos, a Par\u00f3quia do Senhor do Bonfim lembra que <em>&#8220;n\u00e3o h\u00e1 nada que n\u00f3s, seres humanos, possamos fazer para apagar nosso mal e garantir nossa salva\u00e7\u00e3o, ent\u00e3o a Semana Santa deve ser para refletir e agradecer a Deus. \u00c9 o momento em que os crist\u00e3os se lembram da morte e ressurrei\u00e7\u00e3o de Jesus, nosso Senhor e Salvador. Gra\u00e7as ao sacrif\u00edcio de Jesus na cruz temos o perd\u00e3o dos nossos pecados e a salva\u00e7\u00e3o das nossas almas e Ele fez tudo por amor. &#8216;Em verdade, em verdade vos digo: Quem ouve a minha palavra e cr\u00ea naquele que me enviou tem a vida eterna; e n\u00e3o entrar\u00e1 em condena\u00e7\u00e3o, mas passou da morte para a vida&#8217;. (Jo\u00e3o 5:24)&#8221;.<\/em><\/p>\n","protected":false},"excerpt":{"rendered":"<p>Blog do Eloilton Cajuhy A Par\u00f3quia do Senhor do Bonfim est\u00e1 divulgando a programa\u00e7\u00e3o da Semana Santa que ser\u00e1 celebrada a partir do pr\u00f3ximo domingo (24), com o Domingo de Ramos, e termina no dia 31 com o Domingo de P\u00e1scoa. Confira: 24\/03: DOMINGO DE RAMOS 8h: B\u00ean\u00e7\u00e3o de Ramos na Pra\u00e7a Nova do Congresso. [&hellip;]<\/p>\n","protected":false},"author":2,"featured_media":79773,"comment_status":"open","ping_status":"open","sticky":false,"template":"","format":"standard","meta":{"_acf_changed":false,"_monsterinsights_skip_tracking":false,"_monsterinsights_sitenote_active":false,"_monsterinsights_sitenote_note":"","_monsterinsights_sitenote_category":0,"_jetpack_memberships_contains_paid_content":false,"footnotes":"","jetpack_publicize_message":"","jetpack_publicize_feature_enabled":true,"jetpack_social_post_already_shared":true,"jetpack_social_options":{"image_generator_settings":{"template":"highway","default_image_id":0,"font":"","enabled":false},"version":2}},"categories":[4],"tags":[],"class_list":["post-79772","post","type-post","status-publish","format-standard","has-post-thumbnail","hentry","category-local"],"acf":[],"jetpack_publicize_connections":[],"jetpack_featured_media_url":"https:\/\/i0.wp.com\/blogdoeloiltoncajuhy.com.br\/site\/wp-content\/uploads\/2024\/03\/Semana-santa-em-Bonfim_reproducao.jpg?fit=515%2C386&ssl=1","jetpack_sharing_enabled":true,"publishpress_future_workflow_manual_trigger":{"enabledWorkflows":[]},"_links":{"self":[{"href":"https:\/\/blogdoeloiltoncajuhy.com.br\/site\/wp-json\/wp\/v2\/posts\/79772","targetHints":{"allow":["GET"]}}],"collection":[{"href":"https:\/\/blogdoeloiltoncajuhy.com.br\/site\/wp-json\/wp\/v2\/posts"}],"about":[{"href":"https:\/\/blogdoeloiltoncajuhy.com.br\/site\/wp-json\/wp\/v2\/types\/post"}],"author":[{"embeddable":true,"href":"https:\/\/blogdoeloiltoncajuhy.com.br\/site\/wp-json\/wp\/v2\/users\/2"}],"replies":[{"embeddable":true,"href":"https:\/\/blogdoeloiltoncajuhy.com.br\/site\/wp-json\/wp\/v2\/comments?post=79772"}],"version-history":[{"count":1,"href":"https:\/\/blogdoeloiltoncajuhy.com.br\/site\/wp-json\/wp\/v2\/posts\/79772\/revisions"}],"predecessor-version":[{"id":79774,"href":"https:\/\/blogdoeloiltoncajuhy.com.br\/site\/wp-json\/wp\/v2\/posts\/79772\/revisions\/79774"}],"wp:featuredmedia":[{"embeddable":true,"href":"https:\/\/blogdoeloiltoncajuhy.com.br\/site\/wp-json\/wp\/v2\/media\/79773"}],"wp:attachment":[{"href":"https:\/\/blogdoeloiltoncajuhy.com.br\/site\/wp-json\/wp\/v2\/media?parent=79772"}],"wp:term":[{"taxonomy":"category","embeddable":true,"href":"https:\/\/blogdoeloiltoncajuhy.com.br\/site\/wp-json\/wp\/v2\/categories?post=79772"},{"taxonomy":"post_tag","embeddable":true,"href":"https:\/\/blogdoeloiltoncajuhy.com.br\/site\/wp-json\/wp\/v2\/tags?post=79772"}],"curies":[{"name":"wp","href":"https:\/\/api.w.org\/{rel}","templated":true}]}}