{"id":79762,"date":"2024-03-16T21:58:01","date_gmt":"2024-03-17T00:58:01","guid":{"rendered":"https:\/\/blogdoeloiltoncajuhy.com.br\/site\/?p=79762"},"modified":"2024-03-16T21:58:03","modified_gmt":"2024-03-17T00:58:03","slug":"luto-morre-a-professora-da-uneb-em-bonfim-maria-iraides","status":"publish","type":"post","link":"https:\/\/blogdoeloiltoncajuhy.com.br\/site\/luto-morre-a-professora-da-uneb-em-bonfim-maria-iraides\/","title":{"rendered":"Luto: Morre a professora da Uneb em Bonfim Maria Ira\u00eddes"},"content":{"rendered":"\n<p><strong>Blog do Eloilton Cajuhy<\/strong><\/p>\n\n\n\n<figure class=\"wp-block-image aligncenter size-full\"><a href=\"https:\/\/i0.wp.com\/blogdoeloiltoncajuhy.com.br\/site\/wp-content\/uploads\/2024\/03\/Professora-Iraides-02.jpg?ssl=1\"><img data-recalc-dims=\"1\" fetchpriority=\"high\" decoding=\"async\" width=\"700\" height=\"394\" src=\"https:\/\/i0.wp.com\/blogdoeloiltoncajuhy.com.br\/site\/wp-content\/uploads\/2024\/03\/Professora-Iraides-02.jpg?resize=700%2C394&#038;ssl=1\" alt=\"\" class=\"wp-image-79763\" srcset=\"https:\/\/i0.wp.com\/blogdoeloiltoncajuhy.com.br\/site\/wp-content\/uploads\/2024\/03\/Professora-Iraides-02.jpg?w=700&amp;ssl=1 700w, https:\/\/i0.wp.com\/blogdoeloiltoncajuhy.com.br\/site\/wp-content\/uploads\/2024\/03\/Professora-Iraides-02.jpg?resize=300%2C169&amp;ssl=1 300w\" sizes=\"(max-width: 700px) 100vw, 700px\" \/><\/a><figcaption class=\"wp-element-caption\"><sub>Reprodu\u00e7\u00e3o \/ Facebook<\/sub><\/figcaption><\/figure>\n\n\n\n<p>Morreu neste s\u00e1bado (16) a professora Maria Ira\u00eddes da Silva Barreto, de 57 anos. Ela era professora do curso de Pedagogia do Campus da Uneb em Senhor do Bonfim, e havia sofrido um AVC alguns meses atr\u00e1s.<\/p>\n\n\n\n<p>Em nota, o Colegiado de Pedagogia lamentou a morte da professora. Ela foi lembrada como a professora que &#8220;sempre amou as palavras. Elas eram seu instrumento de trabalho. Mais que isso: por meio delas, gostava de fazer Arte. Gostava da Palavra-Poesia&#8221;.<\/p>\n\n\n\n<p>E, encerra a nota o colegiado, afirmando: &#8220;A vida da Ir\u00e1 n\u00e3o \u00e9 o tipo de poema que se conclui com ponto final, mas com retic\u00eancias. Sua ess\u00eancia continua entre n\u00f3s\u2026&#8221;<\/p>\n\n\n\n<figure class=\"wp-block-image aligncenter size-full\"><a href=\"https:\/\/i0.wp.com\/blogdoeloiltoncajuhy.com.br\/site\/wp-content\/uploads\/2024\/03\/Professora-Iraides-01.jpg?ssl=1\"><img data-recalc-dims=\"1\" decoding=\"async\" width=\"383\" height=\"680\" src=\"https:\/\/i0.wp.com\/blogdoeloiltoncajuhy.com.br\/site\/wp-content\/uploads\/2024\/03\/Professora-Iraides-01.jpg?resize=383%2C680&#038;ssl=1\" alt=\"\" class=\"wp-image-79764\" srcset=\"https:\/\/i0.wp.com\/blogdoeloiltoncajuhy.com.br\/site\/wp-content\/uploads\/2024\/03\/Professora-Iraides-01.jpg?w=383&amp;ssl=1 383w, https:\/\/i0.wp.com\/blogdoeloiltoncajuhy.com.br\/site\/wp-content\/uploads\/2024\/03\/Professora-Iraides-01.jpg?resize=169%2C300&amp;ssl=1 169w\" sizes=\"(max-width: 383px) 100vw, 383px\" \/><\/a><figcaption class=\"wp-element-caption\"><sub>Reprodu\u00e7\u00e3o \/ Facebook<\/sub><\/figcaption><\/figure>\n\n\n\n<p>O Departamento de Educa\u00e7\u00e3o do Campus VII, Senhor do Bonfim, tamb\u00e9m divulgou nota de pesar pelo falecimento da professora Maria Ira\u00eddes.<\/p>\n\n\n\n<p class=\"has-black-color has-text-color has-link-color has-medium-font-size wp-elements-2fc1592d077922e76844831015ed5188\"><strong>Confira:<\/strong><\/p>\n\n\n\n<p><em>&#8220;A mulher, m\u00e3e, esposa, amiga e professora do Colegiado do Curso de Pedagogia completa sua jornada nesse plano e alcan\u00e7a as estrelas. Ira\u00eddes, de alma generosa, dona de um sorriso largo e uma voz melodiosa, deixa saudades em todos\/as que tiveram o privil\u00e9gio de conhec\u00ea-la.<\/em><\/p>\n\n\n\n<p><em>O Departamento de Educa\u00e7\u00e3o, Campus VII, Senhor do Bonfim lamenta com profundo pesar o seu falecimento, ocorrido neste s\u00e1bado(16\/03).<\/em><\/p>\n\n\n\n<p><em>Que Deus conforte o seu cora\u00e7\u00e3o e alivie o sofrimento, dos familiares e amigos, e d\u00ea for\u00e7as para superarem esse momento de dor&#8221;.<\/em><\/p>\n\n\n\n<p>O corpo da professora Maria Ira\u00eddes ser\u00e1 sepultado neste domingo (17) no cemit\u00e9rio de Santa Rosa de Lima, em Jaguarari.<\/p>\n","protected":false},"excerpt":{"rendered":"<p>Blog do Eloilton Cajuhy Morreu neste s\u00e1bado (16) a professora Maria Ira\u00eddes da Silva Barreto, de 57 anos. Ela era professora do curso de Pedagogia do Campus da Uneb em Senhor do Bonfim, e havia sofrido um AVC alguns meses atr\u00e1s. Em nota, o Colegiado de Pedagogia lamentou a morte da professora. Ela foi lembrada [&hellip;]<\/p>\n","protected":false},"author":2,"featured_media":79763,"comment_status":"open","ping_status":"open","sticky":false,"template":"","format":"standard","meta":{"_acf_changed":false,"_monsterinsights_skip_tracking":false,"_monsterinsights_sitenote_active":false,"_monsterinsights_sitenote_note":"","_monsterinsights_sitenote_category":0,"_jetpack_memberships_contains_paid_content":false,"footnotes":"","jetpack_publicize_message":"","jetpack_publicize_feature_enabled":true,"jetpack_social_post_already_shared":true,"jetpack_social_options":{"image_generator_settings":{"template":"highway","default_image_id":0,"font":"","enabled":false},"version":2}},"categories":[4],"tags":[],"class_list":["post-79762","post","type-post","status-publish","format-standard","has-post-thumbnail","hentry","category-local"],"acf":[],"jetpack_publicize_connections":[],"jetpack_featured_media_url":"https:\/\/i0.wp.com\/blogdoeloiltoncajuhy.com.br\/site\/wp-content\/uploads\/2024\/03\/Professora-Iraides-02.jpg?fit=700%2C394&ssl=1","jetpack_sharing_enabled":true,"publishpress_future_workflow_manual_trigger":{"enabledWorkflows":[]},"_links":{"self":[{"href":"https:\/\/blogdoeloiltoncajuhy.com.br\/site\/wp-json\/wp\/v2\/posts\/79762","targetHints":{"allow":["GET"]}}],"collection":[{"href":"https:\/\/blogdoeloiltoncajuhy.com.br\/site\/wp-json\/wp\/v2\/posts"}],"about":[{"href":"https:\/\/blogdoeloiltoncajuhy.com.br\/site\/wp-json\/wp\/v2\/types\/post"}],"author":[{"embeddable":true,"href":"https:\/\/blogdoeloiltoncajuhy.com.br\/site\/wp-json\/wp\/v2\/users\/2"}],"replies":[{"embeddable":true,"href":"https:\/\/blogdoeloiltoncajuhy.com.br\/site\/wp-json\/wp\/v2\/comments?post=79762"}],"version-history":[{"count":1,"href":"https:\/\/blogdoeloiltoncajuhy.com.br\/site\/wp-json\/wp\/v2\/posts\/79762\/revisions"}],"predecessor-version":[{"id":79765,"href":"https:\/\/blogdoeloiltoncajuhy.com.br\/site\/wp-json\/wp\/v2\/posts\/79762\/revisions\/79765"}],"wp:featuredmedia":[{"embeddable":true,"href":"https:\/\/blogdoeloiltoncajuhy.com.br\/site\/wp-json\/wp\/v2\/media\/79763"}],"wp:attachment":[{"href":"https:\/\/blogdoeloiltoncajuhy.com.br\/site\/wp-json\/wp\/v2\/media?parent=79762"}],"wp:term":[{"taxonomy":"category","embeddable":true,"href":"https:\/\/blogdoeloiltoncajuhy.com.br\/site\/wp-json\/wp\/v2\/categories?post=79762"},{"taxonomy":"post_tag","embeddable":true,"href":"https:\/\/blogdoeloiltoncajuhy.com.br\/site\/wp-json\/wp\/v2\/tags?post=79762"}],"curies":[{"name":"wp","href":"https:\/\/api.w.org\/{rel}","templated":true}]}}