{"id":79760,"date":"2024-03-16T12:56:29","date_gmt":"2024-03-16T15:56:29","guid":{"rendered":"https:\/\/blogdoeloiltoncajuhy.com.br\/site\/?p=79760"},"modified":"2024-03-16T12:56:32","modified_gmt":"2024-03-16T15:56:32","slug":"senhor-do-bonfim-sintesb-e-prefeitura-se-reunem-para-mais-uma-discussao-sobre-reajuste-salarial-dos-professores","status":"publish","type":"post","link":"https:\/\/blogdoeloiltoncajuhy.com.br\/site\/senhor-do-bonfim-sintesb-e-prefeitura-se-reunem-para-mais-uma-discussao-sobre-reajuste-salarial-dos-professores\/","title":{"rendered":"Senhor do Bonfim: Sintesb e prefeitura se re\u00fanem para mais uma discuss\u00e3o sobre reajuste salarial dos professores"},"content":{"rendered":"\n<p class=\"has-medium-font-size\"><strong>Encontro aconteceu nesta sexta-feira (15), na prefeitura.<\/strong><\/p>\n\n\n\n<p><strong>Blog do Eloilton Cajuhy<\/strong><\/p>\n\n\n\n<figure class=\"wp-block-image aligncenter size-full is-resized\"><a href=\"https:\/\/i0.wp.com\/blogdoeloiltoncajuhy.com.br\/site\/wp-content\/uploads\/2023\/09\/BONFIM_CENTRAL-SHOPPING-E-Foto_Willamas-Correia.jpg\"><img data-recalc-dims=\"1\" fetchpriority=\"high\" decoding=\"async\" width=\"700\" height=\"700\" src=\"https:\/\/i0.wp.com\/blogdoeloiltoncajuhy.com.br\/site\/wp-content\/uploads\/2023\/09\/BONFIM_CENTRAL-SHOPPING-E-Foto_Willamas-Correia.jpg?resize=700%2C700\" alt=\"\" class=\"wp-image-76696\" style=\"width:508px;height:auto\" srcset=\"https:\/\/i0.wp.com\/blogdoeloiltoncajuhy.com.br\/site\/wp-content\/uploads\/2023\/09\/BONFIM_CENTRAL-SHOPPING-E-Foto_Willamas-Correia.jpg?w=700&amp;ssl=1 700w, https:\/\/i0.wp.com\/blogdoeloiltoncajuhy.com.br\/site\/wp-content\/uploads\/2023\/09\/BONFIM_CENTRAL-SHOPPING-E-Foto_Willamas-Correia.jpg?resize=300%2C300&amp;ssl=1 300w, https:\/\/i0.wp.com\/blogdoeloiltoncajuhy.com.br\/site\/wp-content\/uploads\/2023\/09\/BONFIM_CENTRAL-SHOPPING-E-Foto_Willamas-Correia.jpg?resize=150%2C150&amp;ssl=1 150w\" sizes=\"(max-width: 700px) 100vw, 700px\" \/><\/a><figcaption class=\"wp-element-caption\"><sub>Prefeitura funciona atualmente no primeiro andar do Central Shopping &#8211; Foto: Willamas Correia<\/sub><\/figcaption><\/figure>\n\n\n\n<p>O Sindicato dos Trabalhadores na Educa\u00e7\u00e3o do Munic\u00edpio de Senhor do Bonfim (Sintesb) esteve reunido nesta sexta-feira (15) com o prefeito La\u00e9rcio J\u00fanior, para mais uma vez discutir o reajuste salarial da categoria.<\/p>\n\n\n\n<p>No encontro, o prefeito apresentou as planilhas do impacto do reajuste de 20%, conforme solicitado pela categoria e, na oportunidade, foram discutidas outras pautas da educa\u00e7\u00e3o municipal. Na oportunidade, outra reuni\u00e3o foi marcada para quarta-feira (20), a fim de que outas proje\u00e7\u00f5es de percentuais poss\u00edveis possam ser apresentadas pelo governo.<\/p>\n\n\n\n<p>Em nota enviada aos professores, o sindicato informou que, &#8220;dependendo do que ocorrer, marcaremos nossa assembleia para quinta-feira (21), em que socializaremos as informa\u00e7\u00f5es e tomaremos as decis\u00f5es necess\u00e1rias, de forma coletiva&#8221;.<\/p>\n","protected":false},"excerpt":{"rendered":"<p>Encontro aconteceu nesta sexta-feira (15), na prefeitura. Blog do Eloilton Cajuhy O Sindicato dos Trabalhadores na Educa\u00e7\u00e3o do Munic\u00edpio de Senhor do Bonfim (Sintesb) esteve reunido nesta sexta-feira (15) com o prefeito La\u00e9rcio J\u00fanior, para mais uma vez discutir o reajuste salarial da categoria. No encontro, o prefeito apresentou as planilhas do impacto do reajuste [&hellip;]<\/p>\n","protected":false},"author":2,"featured_media":34432,"comment_status":"open","ping_status":"open","sticky":false,"template":"","format":"standard","meta":{"_acf_changed":false,"_monsterinsights_skip_tracking":false,"_monsterinsights_sitenote_active":false,"_monsterinsights_sitenote_note":"","_monsterinsights_sitenote_category":0,"_jetpack_memberships_contains_paid_content":false,"footnotes":"","jetpack_publicize_message":"","jetpack_publicize_feature_enabled":true,"jetpack_social_post_already_shared":true,"jetpack_social_options":{"image_generator_settings":{"template":"highway","default_image_id":0,"font":"","enabled":false},"version":2}},"categories":[4],"tags":[],"class_list":["post-79760","post","type-post","status-publish","format-standard","has-post-thumbnail","hentry","category-local"],"acf":[],"jetpack_publicize_connections":[],"jetpack_featured_media_url":"https:\/\/i0.wp.com\/blogdoeloiltoncajuhy.com.br\/site\/wp-content\/uploads\/2019\/05\/Bonfim_2019-01.png?fit=771%2C1000&ssl=1","jetpack_sharing_enabled":true,"publishpress_future_workflow_manual_trigger":{"enabledWorkflows":[]},"_links":{"self":[{"href":"https:\/\/blogdoeloiltoncajuhy.com.br\/site\/wp-json\/wp\/v2\/posts\/79760","targetHints":{"allow":["GET"]}}],"collection":[{"href":"https:\/\/blogdoeloiltoncajuhy.com.br\/site\/wp-json\/wp\/v2\/posts"}],"about":[{"href":"https:\/\/blogdoeloiltoncajuhy.com.br\/site\/wp-json\/wp\/v2\/types\/post"}],"author":[{"embeddable":true,"href":"https:\/\/blogdoeloiltoncajuhy.com.br\/site\/wp-json\/wp\/v2\/users\/2"}],"replies":[{"embeddable":true,"href":"https:\/\/blogdoeloiltoncajuhy.com.br\/site\/wp-json\/wp\/v2\/comments?post=79760"}],"version-history":[{"count":1,"href":"https:\/\/blogdoeloiltoncajuhy.com.br\/site\/wp-json\/wp\/v2\/posts\/79760\/revisions"}],"predecessor-version":[{"id":79761,"href":"https:\/\/blogdoeloiltoncajuhy.com.br\/site\/wp-json\/wp\/v2\/posts\/79760\/revisions\/79761"}],"wp:featuredmedia":[{"embeddable":true,"href":"https:\/\/blogdoeloiltoncajuhy.com.br\/site\/wp-json\/wp\/v2\/media\/34432"}],"wp:attachment":[{"href":"https:\/\/blogdoeloiltoncajuhy.com.br\/site\/wp-json\/wp\/v2\/media?parent=79760"}],"wp:term":[{"taxonomy":"category","embeddable":true,"href":"https:\/\/blogdoeloiltoncajuhy.com.br\/site\/wp-json\/wp\/v2\/categories?post=79760"},{"taxonomy":"post_tag","embeddable":true,"href":"https:\/\/blogdoeloiltoncajuhy.com.br\/site\/wp-json\/wp\/v2\/tags?post=79760"}],"curies":[{"name":"wp","href":"https:\/\/api.w.org\/{rel}","templated":true}]}}