{"id":79749,"date":"2024-03-15T09:09:21","date_gmt":"2024-03-15T12:09:21","guid":{"rendered":"https:\/\/blogdoeloiltoncajuhy.com.br\/site\/?p=79749"},"modified":"2024-03-15T09:09:23","modified_gmt":"2024-03-15T12:09:23","slug":"governo-do-estado-lanca-projeto-construir-para-educar-para-melhorar-a-infraestrutura-educacional","status":"publish","type":"post","link":"https:\/\/blogdoeloiltoncajuhy.com.br\/site\/governo-do-estado-lanca-projeto-construir-para-educar-para-melhorar-a-infraestrutura-educacional\/","title":{"rendered":"Governo do Estado lan\u00e7a projeto &#8220;Construir para Educar&#8221; para melhorar a infraestrutura educacional"},"content":{"rendered":"\n<p><strong>Blog do Eloilton Cajuhy<\/strong><\/p>\n\n\n\n<figure class=\"wp-block-image aligncenter size-full\"><a href=\"https:\/\/i0.wp.com\/blogdoeloiltoncajuhy.com.br\/site\/wp-content\/uploads\/2024\/03\/GOVBA__educar-para-transformar_01.jpeg?ssl=1\"><img data-recalc-dims=\"1\" fetchpriority=\"high\" decoding=\"async\" width=\"700\" height=\"525\" src=\"https:\/\/i0.wp.com\/blogdoeloiltoncajuhy.com.br\/site\/wp-content\/uploads\/2024\/03\/GOVBA__educar-para-transformar_01.jpeg?resize=700%2C525&#038;ssl=1\" alt=\"\" class=\"wp-image-79750\" srcset=\"https:\/\/i0.wp.com\/blogdoeloiltoncajuhy.com.br\/site\/wp-content\/uploads\/2024\/03\/GOVBA__educar-para-transformar_01.jpeg?w=700&amp;ssl=1 700w, https:\/\/i0.wp.com\/blogdoeloiltoncajuhy.com.br\/site\/wp-content\/uploads\/2024\/03\/GOVBA__educar-para-transformar_01.jpeg?resize=300%2C225&amp;ssl=1 300w\" sizes=\"(max-width: 700px) 100vw, 700px\" \/><\/a><\/figure>\n\n\n\n<p>Mais uma a\u00e7\u00e3o do governo do estado com o objetivo de garantir, tanto para os alunos como para professores, infraestrutura de qualidade, prop\u00edcia a praticas educacionais com \u00edndice de qualidade m\u00e1ximo. Nesta quinta-feira (14), aconteceu no Museu de Arte Moderna, o lan\u00e7amento do Projeto Construir para Educar, que contempla a realiza\u00e7\u00e3o de diversas obras na \u00e1rea da educa\u00e7\u00e3o, na capital e em munic\u00edpios do interior.<\/p>\n\n\n\n<p>O evento contou com a presen\u00e7a do Governador Jeronimo Rodrigues, do Vice-governador Geraldo Junior, deputados, do Coordenador Executivo de Projetos para a Educa\u00e7\u00e3o Helder Amorim e 27 Diretores de N\u00facleos Territoriais de Educa\u00e7\u00e3o.<\/p>\n\n\n\n<p>Esse projeto contempla obras de constru\u00e7\u00e3o de novas escolas; amplia\u00e7\u00e3o, moderniza\u00e7\u00e3o e reforma de col\u00e9gios j\u00e1 existentes; e constru\u00e7\u00e3o de quadras cobertas. Al\u00e9m de promover melhorias significativas na infraestrutura educacional, as interven\u00e7\u00f5es ir\u00e3o gerar milhares de empregos diretos e indiretos em diferentes regi\u00f5es do estado.<\/p>\n\n\n\n<figure class=\"wp-block-image aligncenter size-full\"><a href=\"https:\/\/i0.wp.com\/blogdoeloiltoncajuhy.com.br\/site\/wp-content\/uploads\/2024\/03\/Helder-Geraldo-Jr.jpeg?ssl=1\"><img data-recalc-dims=\"1\" decoding=\"async\" width=\"480\" height=\"640\" src=\"https:\/\/i0.wp.com\/blogdoeloiltoncajuhy.com.br\/site\/wp-content\/uploads\/2024\/03\/Helder-Geraldo-Jr.jpeg?resize=480%2C640&#038;ssl=1\" alt=\"\" class=\"wp-image-79751\" srcset=\"https:\/\/i0.wp.com\/blogdoeloiltoncajuhy.com.br\/site\/wp-content\/uploads\/2024\/03\/Helder-Geraldo-Jr.jpeg?w=480&amp;ssl=1 480w, https:\/\/i0.wp.com\/blogdoeloiltoncajuhy.com.br\/site\/wp-content\/uploads\/2024\/03\/Helder-Geraldo-Jr.jpeg?resize=225%2C300&amp;ssl=1 225w\" sizes=\"(max-width: 480px) 100vw, 480px\" \/><\/a><\/figure>\n\n\n\n<p>\u201cHoje estou aqui no Museu de Arte Moderna da Bahia para uma coisa muito legal. O governador acabou de lan\u00e7ar o Projeto Construir para Educar, que levar\u00e1 muitas obras ao interior da Bahia. Mas voc\u00eas ai de Senhor do Bonfim j\u00e1 viram que o governo Lula j\u00e1 est\u00e1 construindo creche, escolas de tempo integral e vai construir o C\u00e9u. Mas isso s\u00f3 foi poss\u00edvel gra\u00e7as \u00e0 parceria entre o governo federal e estadual. Por isso a necessidade de se caminhar junto para que a nossa querida Bomfim melhore\u201d, pontuou Helder.<\/p>\n","protected":false},"excerpt":{"rendered":"<p>Blog do Eloilton Cajuhy Mais uma a\u00e7\u00e3o do governo do estado com o objetivo de garantir, tanto para os alunos como para professores, infraestrutura de qualidade, prop\u00edcia a praticas educacionais com \u00edndice de qualidade m\u00e1ximo. Nesta quinta-feira (14), aconteceu no Museu de Arte Moderna, o lan\u00e7amento do Projeto Construir para Educar, que contempla a realiza\u00e7\u00e3o [&hellip;]<\/p>\n","protected":false},"author":2,"featured_media":79751,"comment_status":"open","ping_status":"open","sticky":false,"template":"","format":"standard","meta":{"_acf_changed":false,"_monsterinsights_skip_tracking":false,"_monsterinsights_sitenote_active":false,"_monsterinsights_sitenote_note":"","_monsterinsights_sitenote_category":0,"_jetpack_memberships_contains_paid_content":false,"footnotes":"","jetpack_publicize_message":"","jetpack_publicize_feature_enabled":true,"jetpack_social_post_already_shared":true,"jetpack_social_options":{"image_generator_settings":{"template":"highway","default_image_id":0,"font":"","enabled":false},"version":2}},"categories":[14],"tags":[],"class_list":["post-79749","post","type-post","status-publish","format-standard","has-post-thumbnail","hentry","category-educacao"],"acf":[],"jetpack_publicize_connections":[],"jetpack_featured_media_url":"https:\/\/i0.wp.com\/blogdoeloiltoncajuhy.com.br\/site\/wp-content\/uploads\/2024\/03\/Helder-Geraldo-Jr.jpeg?fit=480%2C640&ssl=1","jetpack_sharing_enabled":true,"publishpress_future_workflow_manual_trigger":{"enabledWorkflows":[]},"_links":{"self":[{"href":"https:\/\/blogdoeloiltoncajuhy.com.br\/site\/wp-json\/wp\/v2\/posts\/79749","targetHints":{"allow":["GET"]}}],"collection":[{"href":"https:\/\/blogdoeloiltoncajuhy.com.br\/site\/wp-json\/wp\/v2\/posts"}],"about":[{"href":"https:\/\/blogdoeloiltoncajuhy.com.br\/site\/wp-json\/wp\/v2\/types\/post"}],"author":[{"embeddable":true,"href":"https:\/\/blogdoeloiltoncajuhy.com.br\/site\/wp-json\/wp\/v2\/users\/2"}],"replies":[{"embeddable":true,"href":"https:\/\/blogdoeloiltoncajuhy.com.br\/site\/wp-json\/wp\/v2\/comments?post=79749"}],"version-history":[{"count":1,"href":"https:\/\/blogdoeloiltoncajuhy.com.br\/site\/wp-json\/wp\/v2\/posts\/79749\/revisions"}],"predecessor-version":[{"id":79752,"href":"https:\/\/blogdoeloiltoncajuhy.com.br\/site\/wp-json\/wp\/v2\/posts\/79749\/revisions\/79752"}],"wp:featuredmedia":[{"embeddable":true,"href":"https:\/\/blogdoeloiltoncajuhy.com.br\/site\/wp-json\/wp\/v2\/media\/79751"}],"wp:attachment":[{"href":"https:\/\/blogdoeloiltoncajuhy.com.br\/site\/wp-json\/wp\/v2\/media?parent=79749"}],"wp:term":[{"taxonomy":"category","embeddable":true,"href":"https:\/\/blogdoeloiltoncajuhy.com.br\/site\/wp-json\/wp\/v2\/categories?post=79749"},{"taxonomy":"post_tag","embeddable":true,"href":"https:\/\/blogdoeloiltoncajuhy.com.br\/site\/wp-json\/wp\/v2\/tags?post=79749"}],"curies":[{"name":"wp","href":"https:\/\/api.w.org\/{rel}","templated":true}]}}