{"id":79720,"date":"2024-03-13T20:00:00","date_gmt":"2024-03-13T23:00:00","guid":{"rendered":"https:\/\/blogdoeloiltoncajuhy.com.br\/site\/?p=79720"},"modified":"2024-03-13T16:30:05","modified_gmt":"2024-03-13T19:30:05","slug":"priorize-o-tempo-um-chamado-para-amar-valorizar-e-priorizar-o-que-realmente-importa","status":"publish","type":"post","link":"https:\/\/blogdoeloiltoncajuhy.com.br\/site\/priorize-o-tempo-um-chamado-para-amar-valorizar-e-priorizar-o-que-realmente-importa\/","title":{"rendered":"Priorize o tempo: Um chamado para amar, valorizar e priorizar o que realmente importa"},"content":{"rendered":"\n<p><strong>Blog do Eloilton Cajuhy<\/strong><\/p>\n\n\n\n<figure class=\"wp-block-image aligncenter size-full\"><a href=\"https:\/\/i0.wp.com\/blogdoeloiltoncajuhy.com.br\/site\/wp-content\/uploads\/2024\/03\/Imagem_Tempo_Pexels-Lisa-Pinciroli-20451677.jpg?ssl=1\"><img data-recalc-dims=\"1\" fetchpriority=\"high\" decoding=\"async\" width=\"453\" height=\"680\" src=\"https:\/\/i0.wp.com\/blogdoeloiltoncajuhy.com.br\/site\/wp-content\/uploads\/2024\/03\/Imagem_Tempo_Pexels-Lisa-Pinciroli-20451677.jpg?resize=453%2C680&#038;ssl=1\" alt=\"\" class=\"wp-image-79721\" srcset=\"https:\/\/i0.wp.com\/blogdoeloiltoncajuhy.com.br\/site\/wp-content\/uploads\/2024\/03\/Imagem_Tempo_Pexels-Lisa-Pinciroli-20451677.jpg?w=453&amp;ssl=1 453w, https:\/\/i0.wp.com\/blogdoeloiltoncajuhy.com.br\/site\/wp-content\/uploads\/2024\/03\/Imagem_Tempo_Pexels-Lisa-Pinciroli-20451677.jpg?resize=200%2C300&amp;ssl=1 200w\" sizes=\"(max-width: 453px) 100vw, 453px\" \/><\/a><figcaption class=\"wp-element-caption\"><sub>Foto: Pexels\/Lisa Pinciroli<\/sub><\/figcaption><\/figure>\n\n\n\n<p>O tempo parece a cada dia estar mais curto, passando muito r\u00e1pido e, quando menos esperamos, passou. Em meio a tudo isso, sem perceber nos pegamos a gastar tempo com coisas, pessoas, sentimentos negativos e ainda assim com tecnologias que acabam afastando os que est\u00e3o pr\u00f3ximos e deixando a oportunidade de viver passar.<\/p>\n\n\n\n<p>N\u00e3o perca mais tempo. D\u00ea tempo ao amor, em amar as pessoas, o seu pr\u00f3ximo, as coisas simples da vida e acima de tudo a Deus.<\/p>\n\n\n\n<p>\u00c9 duro ouvir dizer isso: tempo \u00e9 uma quest\u00e3o de prioridade. Ent\u00e3o, priorize a Deus, sua fam\u00edlia, seus amigos, sua vida.<\/p>\n\n\n\n<p>Deus \u00e9 maravilhoso em tudo que faz e te convida hoje a olhar para dentro do seu cora\u00e7\u00e3o e ver aonde voc\u00ea tem investido o seu tempo.<\/p>\n\n\n\n<p>Aonde est\u00e1 o teu tesouro a\u00ed est\u00e1 o teu cora\u00e7\u00e3o. Deus est\u00e1 com voc\u00ea e sempre ser\u00e1 luz for\u00e7a para sua caminhada.<\/p>\n\n\n\n<p><strong><mark style=\"background-color:rgba(0, 0, 0, 0)\" class=\"has-inline-color has-vivid-purple-color\">Seja feliz!<\/mark><\/strong><\/p>\n","protected":false},"excerpt":{"rendered":"<p>Blog do Eloilton Cajuhy O tempo parece a cada dia estar mais curto, passando muito r\u00e1pido e, quando menos esperamos, passou. Em meio a tudo isso, sem perceber nos pegamos a gastar tempo com coisas, pessoas, sentimentos negativos e ainda assim com tecnologias que acabam afastando os que est\u00e3o pr\u00f3ximos e deixando a oportunidade de [&hellip;]<\/p>\n","protected":false},"author":2,"featured_media":79721,"comment_status":"open","ping_status":"open","sticky":false,"template":"","format":"standard","meta":{"_acf_changed":false,"_monsterinsights_skip_tracking":false,"_monsterinsights_sitenote_active":false,"_monsterinsights_sitenote_note":"","_monsterinsights_sitenote_category":0,"_jetpack_memberships_contains_paid_content":false,"footnotes":"","jetpack_publicize_message":"","jetpack_publicize_feature_enabled":true,"jetpack_social_post_already_shared":true,"jetpack_social_options":{"image_generator_settings":{"template":"highway","default_image_id":0,"font":"","enabled":false},"version":2}},"categories":[9],"tags":[],"class_list":["post-79720","post","type-post","status-publish","format-standard","has-post-thumbnail","hentry","category-reflexao"],"acf":[],"jetpack_publicize_connections":[],"jetpack_featured_media_url":"https:\/\/i0.wp.com\/blogdoeloiltoncajuhy.com.br\/site\/wp-content\/uploads\/2024\/03\/Imagem_Tempo_Pexels-Lisa-Pinciroli-20451677.jpg?fit=453%2C680&ssl=1","jetpack_sharing_enabled":true,"publishpress_future_workflow_manual_trigger":{"enabledWorkflows":[]},"_links":{"self":[{"href":"https:\/\/blogdoeloiltoncajuhy.com.br\/site\/wp-json\/wp\/v2\/posts\/79720","targetHints":{"allow":["GET"]}}],"collection":[{"href":"https:\/\/blogdoeloiltoncajuhy.com.br\/site\/wp-json\/wp\/v2\/posts"}],"about":[{"href":"https:\/\/blogdoeloiltoncajuhy.com.br\/site\/wp-json\/wp\/v2\/types\/post"}],"author":[{"embeddable":true,"href":"https:\/\/blogdoeloiltoncajuhy.com.br\/site\/wp-json\/wp\/v2\/users\/2"}],"replies":[{"embeddable":true,"href":"https:\/\/blogdoeloiltoncajuhy.com.br\/site\/wp-json\/wp\/v2\/comments?post=79720"}],"version-history":[{"count":1,"href":"https:\/\/blogdoeloiltoncajuhy.com.br\/site\/wp-json\/wp\/v2\/posts\/79720\/revisions"}],"predecessor-version":[{"id":79722,"href":"https:\/\/blogdoeloiltoncajuhy.com.br\/site\/wp-json\/wp\/v2\/posts\/79720\/revisions\/79722"}],"wp:featuredmedia":[{"embeddable":true,"href":"https:\/\/blogdoeloiltoncajuhy.com.br\/site\/wp-json\/wp\/v2\/media\/79721"}],"wp:attachment":[{"href":"https:\/\/blogdoeloiltoncajuhy.com.br\/site\/wp-json\/wp\/v2\/media?parent=79720"}],"wp:term":[{"taxonomy":"category","embeddable":true,"href":"https:\/\/blogdoeloiltoncajuhy.com.br\/site\/wp-json\/wp\/v2\/categories?post=79720"},{"taxonomy":"post_tag","embeddable":true,"href":"https:\/\/blogdoeloiltoncajuhy.com.br\/site\/wp-json\/wp\/v2\/tags?post=79720"}],"curies":[{"name":"wp","href":"https:\/\/api.w.org\/{rel}","templated":true}]}}