{"id":79709,"date":"2024-03-13T08:25:46","date_gmt":"2024-03-13T11:25:46","guid":{"rendered":"https:\/\/blogdoeloiltoncajuhy.com.br\/site\/?p=79709"},"modified":"2024-03-13T08:25:48","modified_gmt":"2024-03-13T11:25:48","slug":"policial-militar-morre-apos-ser-atingido-com-tiro-na-cabeca-em-tentativa-de-assalto-na-bahia","status":"publish","type":"post","link":"https:\/\/blogdoeloiltoncajuhy.com.br\/site\/policial-militar-morre-apos-ser-atingido-com-tiro-na-cabeca-em-tentativa-de-assalto-na-bahia\/","title":{"rendered":"Policial militar morre ap\u00f3s ser atingido com tiro na cabe\u00e7a em tentativa de assalto na Bahia"},"content":{"rendered":"\n<p class=\"has-medium-font-size\"><strong>Crime aconteceu na noite de ter\u00e7a-feira (12), em Feira de Santana.<\/strong><\/p>\n\n\n\n<p><strong>Por g1 BA e TV Bahia<\/strong><\/p>\n\n\n\n<figure class=\"wp-block-image aligncenter size-full is-resized\"><a href=\"https:\/\/i0.wp.com\/blogdoeloiltoncajuhy.com.br\/site\/wp-content\/uploads\/2024\/03\/PM-morre-apos-ser-atingido-com-tiro-%E2%80%94-Foto-Reproducao-Redes-Sociais.jpeg?ssl=1\"><img data-recalc-dims=\"1\" fetchpriority=\"high\" decoding=\"async\" width=\"700\" height=\"589\" src=\"https:\/\/i0.wp.com\/blogdoeloiltoncajuhy.com.br\/site\/wp-content\/uploads\/2024\/03\/PM-morre-apos-ser-atingido-com-tiro-%E2%80%94-Foto-Reproducao-Redes-Sociais.jpeg?resize=700%2C589&#038;ssl=1\" alt=\"\" class=\"wp-image-79710\" style=\"width:572px;height:auto\" srcset=\"https:\/\/i0.wp.com\/blogdoeloiltoncajuhy.com.br\/site\/wp-content\/uploads\/2024\/03\/PM-morre-apos-ser-atingido-com-tiro-%E2%80%94-Foto-Reproducao-Redes-Sociais.jpeg?w=700&amp;ssl=1 700w, https:\/\/i0.wp.com\/blogdoeloiltoncajuhy.com.br\/site\/wp-content\/uploads\/2024\/03\/PM-morre-apos-ser-atingido-com-tiro-%E2%80%94-Foto-Reproducao-Redes-Sociais.jpeg?resize=300%2C252&amp;ssl=1 300w\" sizes=\"(max-width: 700px) 100vw, 700px\" \/><\/a><figcaption class=\"wp-element-caption\"><sub>Policial militar morre ap\u00f3s ser atingido com tiro na cabe\u00e7a em tentativa de assalto na Bahia \u2014 Foto: Reprodu\u00e7\u00e3o\/Redes Sociais<\/sub><\/figcaption><\/figure>\n\n\n\n<p>Um cabo da Pol\u00edcia Militar morreu ap\u00f3s ser atingido com um tiro na cabe\u00e7a, durante uma tentativa de assalto, na noite de ter\u00e7a-feira (12), em Feira de Santana. Segundo informa\u00e7\u00f5es iniciais da PM, o crime aconteceu no bairro de Feira 10. A v\u00edtima foi identificada como Alan Vicente. Informa\u00e7\u00f5es iniciais s\u00e3o de que Alan chegava em casa, de moto, com uma filha de 9 anos, quando foi abordado pelos assaltantes.<\/p>\n\n\n\n<p>O cabo da PM foi socorrido por equipes da Rondas Especiais (Rondesp) Leste e levado para o Hospital Cleriston Andrade, onde foi encaminhado para fazer uma cirurgia, mas n\u00e3o resistiu aos ferimentos.<\/p>\n\n\n\n<p>Imagens feitas por moradores atrav\u00e9s de celulares mostram o momento que o policial foi socorrido pelos companheiros.<\/p>\n","protected":false},"excerpt":{"rendered":"<p>Crime aconteceu na noite de ter\u00e7a-feira (12), em Feira de Santana. Por g1 BA e TV Bahia Um cabo da Pol\u00edcia Militar morreu ap\u00f3s ser atingido com um tiro na cabe\u00e7a, durante uma tentativa de assalto, na noite de ter\u00e7a-feira (12), em Feira de Santana. Segundo informa\u00e7\u00f5es iniciais da PM, o crime aconteceu no bairro [&hellip;]<\/p>\n","protected":false},"author":2,"featured_media":79710,"comment_status":"open","ping_status":"open","sticky":false,"template":"","format":"standard","meta":{"_acf_changed":false,"_monsterinsights_skip_tracking":false,"_monsterinsights_sitenote_active":false,"_monsterinsights_sitenote_note":"","_monsterinsights_sitenote_category":0,"_jetpack_memberships_contains_paid_content":false,"footnotes":"","jetpack_publicize_message":"","jetpack_publicize_feature_enabled":true,"jetpack_social_post_already_shared":true,"jetpack_social_options":{"image_generator_settings":{"template":"highway","default_image_id":0,"font":"","enabled":false},"version":2}},"categories":[15],"tags":[],"class_list":["post-79709","post","type-post","status-publish","format-standard","has-post-thumbnail","hentry","category-policia"],"acf":[],"jetpack_publicize_connections":[],"jetpack_featured_media_url":"https:\/\/i0.wp.com\/blogdoeloiltoncajuhy.com.br\/site\/wp-content\/uploads\/2024\/03\/PM-morre-apos-ser-atingido-com-tiro-%E2%80%94-Foto-Reproducao-Redes-Sociais.jpeg?fit=700%2C589&ssl=1","jetpack_sharing_enabled":true,"publishpress_future_workflow_manual_trigger":{"enabledWorkflows":[]},"_links":{"self":[{"href":"https:\/\/blogdoeloiltoncajuhy.com.br\/site\/wp-json\/wp\/v2\/posts\/79709","targetHints":{"allow":["GET"]}}],"collection":[{"href":"https:\/\/blogdoeloiltoncajuhy.com.br\/site\/wp-json\/wp\/v2\/posts"}],"about":[{"href":"https:\/\/blogdoeloiltoncajuhy.com.br\/site\/wp-json\/wp\/v2\/types\/post"}],"author":[{"embeddable":true,"href":"https:\/\/blogdoeloiltoncajuhy.com.br\/site\/wp-json\/wp\/v2\/users\/2"}],"replies":[{"embeddable":true,"href":"https:\/\/blogdoeloiltoncajuhy.com.br\/site\/wp-json\/wp\/v2\/comments?post=79709"}],"version-history":[{"count":1,"href":"https:\/\/blogdoeloiltoncajuhy.com.br\/site\/wp-json\/wp\/v2\/posts\/79709\/revisions"}],"predecessor-version":[{"id":79711,"href":"https:\/\/blogdoeloiltoncajuhy.com.br\/site\/wp-json\/wp\/v2\/posts\/79709\/revisions\/79711"}],"wp:featuredmedia":[{"embeddable":true,"href":"https:\/\/blogdoeloiltoncajuhy.com.br\/site\/wp-json\/wp\/v2\/media\/79710"}],"wp:attachment":[{"href":"https:\/\/blogdoeloiltoncajuhy.com.br\/site\/wp-json\/wp\/v2\/media?parent=79709"}],"wp:term":[{"taxonomy":"category","embeddable":true,"href":"https:\/\/blogdoeloiltoncajuhy.com.br\/site\/wp-json\/wp\/v2\/categories?post=79709"},{"taxonomy":"post_tag","embeddable":true,"href":"https:\/\/blogdoeloiltoncajuhy.com.br\/site\/wp-json\/wp\/v2\/tags?post=79709"}],"curies":[{"name":"wp","href":"https:\/\/api.w.org\/{rel}","templated":true}]}}