{"id":79706,"date":"2024-03-13T08:20:28","date_gmt":"2024-03-13T11:20:28","guid":{"rendered":"https:\/\/blogdoeloiltoncajuhy.com.br\/site\/?p=79706"},"modified":"2024-03-13T08:20:30","modified_gmt":"2024-03-13T11:20:30","slug":"programa-oferece-mais-de-19-mil-vagas-de-curso-preparatorio-para-vestibular-na-bahia","status":"publish","type":"post","link":"https:\/\/blogdoeloiltoncajuhy.com.br\/site\/programa-oferece-mais-de-19-mil-vagas-de-curso-preparatorio-para-vestibular-na-bahia\/","title":{"rendered":"Programa oferece mais de 19 mil vagas de curso preparat\u00f3rio para vestibular na Bahia"},"content":{"rendered":"\n<p class=\"has-medium-font-size\"><strong>Oportunidades do &#8216;Universidade para Todos&#8217; ser\u00e3o distribu\u00eddas em 215 munic\u00edpios do estado. Veja como se inscrever.<\/strong><\/p>\n\n\n\n<p><strong>Por g1 BA<\/strong><\/p>\n\n\n\n<figure class=\"wp-block-image aligncenter size-full\"><a href=\"https:\/\/i0.wp.com\/blogdoeloiltoncajuhy.com.br\/site\/wp-content\/uploads\/2024\/03\/Estudantes_alunos_sala-de-aula_Foto_Amanda-Chung.jpg?ssl=1\"><img data-recalc-dims=\"1\" fetchpriority=\"high\" decoding=\"async\" width=\"700\" height=\"468\" src=\"https:\/\/i0.wp.com\/blogdoeloiltoncajuhy.com.br\/site\/wp-content\/uploads\/2024\/03\/Estudantes_alunos_sala-de-aula_Foto_Amanda-Chung.jpg?resize=700%2C468&#038;ssl=1\" alt=\"\" class=\"wp-image-79707\" srcset=\"https:\/\/i0.wp.com\/blogdoeloiltoncajuhy.com.br\/site\/wp-content\/uploads\/2024\/03\/Estudantes_alunos_sala-de-aula_Foto_Amanda-Chung.jpg?w=700&amp;ssl=1 700w, https:\/\/i0.wp.com\/blogdoeloiltoncajuhy.com.br\/site\/wp-content\/uploads\/2024\/03\/Estudantes_alunos_sala-de-aula_Foto_Amanda-Chung.jpg?resize=300%2C201&amp;ssl=1 300w\" sizes=\"(max-width: 700px) 100vw, 700px\" \/><\/a><figcaption class=\"wp-element-caption\"><sub>Estudantes da rede p\u00fablica da Bahia \u2014 Foto: Amanda Chung<\/sub><\/figcaption><\/figure>\n\n\n\n<p>O Programa Universidade para Todos (UPT) oferece 19.426 vagas para estudantes da Bahia que buscam se preparar para o vestibular em 2024. As oportunidades ser\u00e3o distribu\u00eddas em 215 munic\u00edpios do estado, espalhados no 27 Territ\u00f3rios de Identidade.<\/p>\n\n\n\n<p>De acordo com o governo baiano, houve um aumento de 460 vagas em rela\u00e7\u00e3o \u00e0s ofertas do ano passado.<\/p>\n\n\n\n<p>Para este ano, as inscri\u00e7\u00f5es come\u00e7aram nesta ter\u00e7a-feira (12) e v\u00e3o at\u00e9 o dia 19 de mar\u00e7o atrav\u00e9s do Portal da Educa\u00e7\u00e3o.<\/p>\n\n\n\n<p class=\"has-black-color has-text-color has-link-color wp-elements-0ab1cc34af5d31eec6b1bf74d6764075\"><strong>Podem se inscrever:<\/strong><\/p>\n\n\n\n<ul class=\"wp-block-list\">\n<li>o candidato da rede p\u00fablica do Estado regularmente matriculado, em 2024, no 3\u00ba ano do Ensino M\u00e9dio regular estadual ou municipal (ou suas modalidades correspondentes);<\/li>\n\n\n\n<li>o candidato da rede p\u00fablica do Estado regularmente matriculado, em 2024, no 4\u00ba ano da Educa\u00e7\u00e3o Profissional Integrada ao Ensino M\u00e9dio estadual ou municipal (ou suas modalidades correspondentes);<\/li>\n\n\n\n<li>egressos do Ensino M\u00e9dio estadual ou municipal do Estado da Bahia.<\/li>\n<\/ul>\n\n\n\n<p><\/p>\n\n\n\n<p>N\u00e3o ser\u00e1 permitida a inscri\u00e7\u00e3o de candidato que esteja cursando ou que tenha conclu\u00eddo curso de n\u00edvel superior.<\/p>\n\n\n\n<h2 class=\"wp-block-heading\"><mark style=\"background-color:rgba(0, 0, 0, 0)\" class=\"has-inline-color has-black-color\">Detalhes sobre a inscri\u00e7\u00e3o<\/mark><\/h2>\n\n\n\n<p>Ao <a href=\"http:\/\/www.educacao.ba.gov.br\/universidadeparatodos\" data-type=\"link\" data-id=\"http:\/\/www.educacao.ba.gov.br\/universidadeparatodos\"><strong><mark style=\"background-color:rgba(0, 0, 0, 0)\" class=\"has-inline-color has-vivid-cyan-blue-color\">acessar o portal para efetuar a inscri\u00e7\u00e3o<\/mark><\/strong><\/a>, o candidato dever\u00e1 optar por um \u00fanico munic\u00edpio, local de funcionamento e turno que deseja cursar, al\u00e9m de preencher integralmente o formul\u00e1rio.<\/p>\n\n\n\n<p>O candidato tamb\u00e9m ter\u00e1 que informar o n\u00famero do seu Cadastro de Pessoa F\u00edsica (CPF) e criar uma senha de 6 a 8 d\u00edgitos, o que dar\u00e1 origem a um nome de usu\u00e1rio para acesso ao endere\u00e7o de inscri\u00e7\u00e3o.<\/p>\n\n\n\n<h2 class=\"wp-block-heading\"><mark style=\"background-color:rgba(0, 0, 0, 0)\" class=\"has-inline-color has-black-color\">Sele\u00e7\u00e3o e matr\u00edcula<\/mark><\/h2>\n\n\n\n<p>A rela\u00e7\u00e3o oficial dos candidatos selecionados ser\u00e1 disponibilizada no dia 28 de mar\u00e7o, no endere\u00e7o <a href=\"http:\/\/www.educacao.ba.gov.br\/universidadeparatodos\" data-type=\"link\" data-id=\"www.educacao.ba.gov.br\/universidadeparatodos\"><strong><mark style=\"background-color:rgba(0, 0, 0, 0)\" class=\"has-inline-color has-vivid-cyan-blue-color\">www.educacao.ba.gov.br\/universidadeparatodos<\/mark><\/strong><\/a> e nos sites das universidades p\u00fablicas parceiras. O candidato contemplado e convocado dever\u00e1 realizar a matr\u00edcula no per\u00edodo de 3 a 12 de abril.<\/p>\n\n\n\n<p>Uma novidade deste ano s\u00e3o as parcerias com a Universidade Federal do Oeste da Bahia (Ufob) e a Universidade Federal do Sul da Bahia (UFSB), que passam a integrar o programa, juntamente com a Universidade Estadual de Feira de Santana (Uefs), Universidade Estadual do Sudoeste da Bahia (Uesb), Universidade Estadual de Santa Cruz (Uesc), Universidade do Estado da Bahia (Uneb) e Universidade Federal do Rec\u00f4ncavo da Bahia (UFRB).<\/p>\n","protected":false},"excerpt":{"rendered":"<p>Oportunidades do &#8216;Universidade para Todos&#8217; ser\u00e3o distribu\u00eddas em 215 munic\u00edpios do estado. Veja como se inscrever. Por g1 BA O Programa Universidade para Todos (UPT) oferece 19.426 vagas para estudantes da Bahia que buscam se preparar para o vestibular em 2024. As oportunidades ser\u00e3o distribu\u00eddas em 215 munic\u00edpios do estado, espalhados no 27 Territ\u00f3rios de [&hellip;]<\/p>\n","protected":false},"author":2,"featured_media":79707,"comment_status":"open","ping_status":"open","sticky":false,"template":"","format":"standard","meta":{"_acf_changed":false,"_monsterinsights_skip_tracking":false,"_monsterinsights_sitenote_active":false,"_monsterinsights_sitenote_note":"","_monsterinsights_sitenote_category":0,"_jetpack_memberships_contains_paid_content":false,"footnotes":"","jetpack_publicize_message":"","jetpack_publicize_feature_enabled":true,"jetpack_social_post_already_shared":true,"jetpack_social_options":{"image_generator_settings":{"template":"highway","default_image_id":0,"font":"","enabled":false},"version":2}},"categories":[14],"tags":[],"class_list":["post-79706","post","type-post","status-publish","format-standard","has-post-thumbnail","hentry","category-educacao"],"acf":[],"jetpack_publicize_connections":[],"jetpack_featured_media_url":"https:\/\/i0.wp.com\/blogdoeloiltoncajuhy.com.br\/site\/wp-content\/uploads\/2024\/03\/Estudantes_alunos_sala-de-aula_Foto_Amanda-Chung.jpg?fit=700%2C468&ssl=1","jetpack_sharing_enabled":true,"publishpress_future_workflow_manual_trigger":{"enabledWorkflows":[]},"_links":{"self":[{"href":"https:\/\/blogdoeloiltoncajuhy.com.br\/site\/wp-json\/wp\/v2\/posts\/79706","targetHints":{"allow":["GET"]}}],"collection":[{"href":"https:\/\/blogdoeloiltoncajuhy.com.br\/site\/wp-json\/wp\/v2\/posts"}],"about":[{"href":"https:\/\/blogdoeloiltoncajuhy.com.br\/site\/wp-json\/wp\/v2\/types\/post"}],"author":[{"embeddable":true,"href":"https:\/\/blogdoeloiltoncajuhy.com.br\/site\/wp-json\/wp\/v2\/users\/2"}],"replies":[{"embeddable":true,"href":"https:\/\/blogdoeloiltoncajuhy.com.br\/site\/wp-json\/wp\/v2\/comments?post=79706"}],"version-history":[{"count":1,"href":"https:\/\/blogdoeloiltoncajuhy.com.br\/site\/wp-json\/wp\/v2\/posts\/79706\/revisions"}],"predecessor-version":[{"id":79708,"href":"https:\/\/blogdoeloiltoncajuhy.com.br\/site\/wp-json\/wp\/v2\/posts\/79706\/revisions\/79708"}],"wp:featuredmedia":[{"embeddable":true,"href":"https:\/\/blogdoeloiltoncajuhy.com.br\/site\/wp-json\/wp\/v2\/media\/79707"}],"wp:attachment":[{"href":"https:\/\/blogdoeloiltoncajuhy.com.br\/site\/wp-json\/wp\/v2\/media?parent=79706"}],"wp:term":[{"taxonomy":"category","embeddable":true,"href":"https:\/\/blogdoeloiltoncajuhy.com.br\/site\/wp-json\/wp\/v2\/categories?post=79706"},{"taxonomy":"post_tag","embeddable":true,"href":"https:\/\/blogdoeloiltoncajuhy.com.br\/site\/wp-json\/wp\/v2\/tags?post=79706"}],"curies":[{"name":"wp","href":"https:\/\/api.w.org\/{rel}","templated":true}]}}