{"id":79553,"date":"2024-03-05T16:25:18","date_gmt":"2024-03-05T19:25:18","guid":{"rendered":"https:\/\/blogdoeloiltoncajuhy.com.br\/site\/?p=79553"},"modified":"2024-03-05T16:25:20","modified_gmt":"2024-03-05T19:25:20","slug":"sesab-confirma-9a-morte-por-dengue-no-estado-122-municipios-estao-em-epidemia","status":"publish","type":"post","link":"https:\/\/blogdoeloiltoncajuhy.com.br\/site\/sesab-confirma-9a-morte-por-dengue-no-estado-122-municipios-estao-em-epidemia\/","title":{"rendered":"Sesab confirma 9\u00aa morte por dengue no estado; 122 munic\u00edpios est\u00e3o em epidemia"},"content":{"rendered":"\n<p class=\"has-medium-font-size\"><strong>Informa\u00e7\u00e3o foi confirmada pela Sesab nesta ter\u00e7a-feira (5).<\/strong><\/p>\n\n\n\n<p><strong>Por g1 BA<\/strong><\/p>\n\n\n\n<figure class=\"wp-block-image aligncenter size-full\"><a href=\"https:\/\/i0.wp.com\/blogdoeloiltoncajuhy.com.br\/site\/wp-content\/uploads\/2024\/02\/Dengue-aedes-foto-Getty-Images.jpg\"><img data-recalc-dims=\"1\" fetchpriority=\"high\" decoding=\"async\" width=\"726\" height=\"409\" src=\"https:\/\/i0.wp.com\/blogdoeloiltoncajuhy.com.br\/site\/wp-content\/uploads\/2024\/02\/Dengue-aedes-foto-Getty-Images.jpg?resize=726%2C409\" alt=\"\" class=\"wp-image-79489\" srcset=\"https:\/\/i0.wp.com\/blogdoeloiltoncajuhy.com.br\/site\/wp-content\/uploads\/2024\/02\/Dengue-aedes-foto-Getty-Images.jpg?w=726&amp;ssl=1 726w, https:\/\/i0.wp.com\/blogdoeloiltoncajuhy.com.br\/site\/wp-content\/uploads\/2024\/02\/Dengue-aedes-foto-Getty-Images.jpg?resize=300%2C169&amp;ssl=1 300w\" sizes=\"(max-width: 726px) 100vw, 726px\" \/><\/a><figcaption class=\"wp-element-caption\"><sub>Foto: Getty Images<\/sub><\/figcaption><\/figure>\n\n\n\n<p>A nona morte por dengue foi confirmada na Bahia nesta ter\u00e7a-feira (5). De acordo com a Secretaria da Sa\u00fade do Estado (Sesab), a paciente era de Vit\u00f3ria da Conquista, cidade que fica na regi\u00e3o sudoeste. Ainda conforme a Sesab, 122 munic\u00edpios do estado est\u00e3o em epidemia. <strong><em>[Saiba mais ao final da mat\u00e9ria]<\/em><\/strong><\/p>\n\n\n\n<p>Esta \u00e9 a segunda morte pela doen\u00e7a registrada no munic\u00edpio. O sudoeste concentra o maior n\u00famero de mortes, com casos em Jacaraci e Barra do Cho\u00e7a, por exemplo.<\/p>\n\n\n\n<p class=\"has-black-color has-text-color has-link-color wp-elements-ca9c8a54936654adc347e1b7c0c23830\"><strong>Relembre as cidades que registraram morte por dengue:<\/strong><\/p>\n\n\n\n<ul class=\"wp-block-list\">\n<li>Jacaraci, no sudoeste da Bahia (2);<\/li>\n\n\n\n<li>Ibiassuc\u00ea, no sudoeste da Bahia;<\/li>\n\n\n\n<li>Vit\u00f3ria da Conquista, no sudoeste da Bahia (2);<\/li>\n\n\n\n<li>Barra do Cho\u00e7a, no sudoeste da Bahia;<\/li>\n\n\n\n<li>Pirip\u00e1, no sudoeste da Bahia;<\/li>\n\n\n\n<li>Irec\u00ea, no norte da Bahia;<\/li>\n\n\n\n<li>Feira de Santana.<\/li>\n<\/ul>\n\n\n\n<p><\/p>\n\n\n\n<p>At\u00e9 ent\u00e3o, o caso mais recente era o da farmac\u00eautica Gabriela Gomes Santos, em Barra do Cho\u00e7a. Ela estava gr\u00e1vida de quatro meses.<\/p>\n\n\n\n<p>Dias antes de Gabriela, uma crian\u00e7a de 5 anos tamb\u00e9m morreu em Jacaraci.<\/p>\n\n\n\n<h2 class=\"wp-block-heading\"><strong><mark style=\"background-color:rgba(0, 0, 0, 0)\" class=\"has-inline-color has-black-color\">Epidemia<\/mark><\/strong><\/h2>\n\n\n\n<figure class=\"wp-block-image aligncenter size-full is-resized\"><a href=\"https:\/\/i0.wp.com\/blogdoeloiltoncajuhy.com.br\/site\/wp-content\/uploads\/2024\/03\/Larvas-de-mosquito-da-dengue-%E2%80%94-Foto-Reproducao-TV-Cabo-Branco.jpg?ssl=1\"><img data-recalc-dims=\"1\" decoding=\"async\" width=\"680\" height=\"387\" src=\"https:\/\/i0.wp.com\/blogdoeloiltoncajuhy.com.br\/site\/wp-content\/uploads\/2024\/03\/Larvas-de-mosquito-da-dengue-%E2%80%94-Foto-Reproducao-TV-Cabo-Branco.jpg?resize=680%2C387&#038;ssl=1\" alt=\"\" class=\"wp-image-79554\" style=\"width:747px;height:auto\" srcset=\"https:\/\/i0.wp.com\/blogdoeloiltoncajuhy.com.br\/site\/wp-content\/uploads\/2024\/03\/Larvas-de-mosquito-da-dengue-%E2%80%94-Foto-Reproducao-TV-Cabo-Branco.jpg?w=680&amp;ssl=1 680w, https:\/\/i0.wp.com\/blogdoeloiltoncajuhy.com.br\/site\/wp-content\/uploads\/2024\/03\/Larvas-de-mosquito-da-dengue-%E2%80%94-Foto-Reproducao-TV-Cabo-Branco.jpg?resize=300%2C171&amp;ssl=1 300w\" sizes=\"(max-width: 680px) 100vw, 680px\" \/><\/a><figcaption class=\"wp-element-caption\"><sub>Larvas de mosquito da dengue \u2014 Foto: Reprodu\u00e7\u00e3o\/TV Cabo Branco<\/sub><\/figcaption><\/figure>\n\n\n\n<p>De acordo com a Sesab, 122 munic\u00edpios baianos est\u00e3o em estado de epidemia da dengue. Outros 51 est\u00e3o em risco e 34 em alerta.<\/p>\n\n\n\n<p>Foram contabilizados quase 30 mil casos prov\u00e1veis at\u00e9 o dia 2 de mar\u00e7o deste ano, o que corresponde a um aumento de 209,3 % em compara\u00e7\u00e3o ao mesmo per\u00edodo do ano anterior. <strong><mark style=\"background-color:rgba(0, 0, 0, 0)\" class=\"has-inline-color has-black-color\">Veja a lista completa:<\/mark><\/strong><\/p>\n\n\n\n<ul class=\"wp-block-list\">\n<li>Abar\u00e9<\/li>\n\n\n\n<li>Adustina<\/li>\n\n\n\n<li>\u00c1gua Fria<\/li>\n\n\n\n<li>Alcoba\u00e7a<\/li>\n\n\n\n<li>Am\u00e9rica Dourada<\/li>\n\n\n\n<li>Anag\u00e9<\/li>\n\n\n\n<li>Aracatu<\/li>\n\n\n\n<li>Araci<\/li>\n\n\n\n<li>Barra<\/li>\n\n\n\n<li>Barra do Cho\u00e7a<\/li>\n\n\n\n<li>Barra do Mendes<\/li>\n\n\n\n<li>Barreiras<\/li>\n\n\n\n<li>Barro Alto<\/li>\n\n\n\n<li>Barro Preto<\/li>\n\n\n\n<li>Belo Campo<\/li>\n\n\n\n<li>Bom Jesus da Lapa<\/li>\n\n\n\n<li>Boninal<\/li>\n\n\n\n<li>Bonito<\/li>\n\n\n\n<li>Botupor\u00e3<\/li>\n\n\n\n<li>Brej\u00f5es<\/li>\n\n\n\n<li>Brumado<\/li>\n\n\n\n<li>Caatiba<\/li>\n\n\n\n<li>Cacul\u00e9<\/li>\n\n\n\n<li>Caetanos<\/li>\n\n\n\n<li>Caetit\u00e9<\/li>\n\n\n\n<li>Cafarnaum<\/li>\n\n\n\n<li>Campo Formoso<\/li>\n\n\n\n<li>Canarana<\/li>\n\n\n\n<li>Cara\u00edbas<\/li>\n\n\n\n<li>Caravelas<\/li>\n\n\n\n<li>Carinhanha<\/li>\n\n\n\n<li>Caturama<\/li>\n\n\n\n<li>Chorroch\u00f3<\/li>\n\n\n\n<li>Cocos<\/li>\n\n\n\n<li>Conde<\/li>\n\n\n\n<li>Conde\u00faba<\/li>\n\n\n\n<li>Cordeiros<\/li>\n\n\n\n<li>Coribe<\/li>\n\n\n\n<li>Encruzilhada<\/li>\n\n\n\n<li>Feira da Mata<\/li>\n\n\n\n<li>Feira de Santana<\/li>\n\n\n\n<li>Formosa do Rio Preto<\/li>\n\n\n\n<li>Guanambi<\/li>\n\n\n\n<li>Ibiassuc\u00ea<\/li>\n\n\n\n<li>Ibicoara<\/li>\n\n\n\n<li>Ibipitanga<\/li>\n\n\n\n<li>Ibitiara<\/li>\n\n\n\n<li>Igapor\u00e3<\/li>\n\n\n\n<li>Ipia\u00fa<\/li>\n\n\n\n<li>Iramaia<\/li>\n\n\n\n<li>Iraquara<\/li>\n\n\n\n<li>Irec\u00ea<\/li>\n\n\n\n<li>Itaberaba<\/li>\n\n\n\n<li>Itaju\u00edpe<\/li>\n\n\n\n<li>Itamb\u00e9<\/li>\n\n\n\n<li>Itapetinga<\/li>\n\n\n\n<li>Iui\u00fa<\/li>\n\n\n\n<li>Jaborandi<\/li>\n\n\n\n<li>Jacaraci<\/li>\n\n\n\n<li>Jacobina<\/li>\n\n\n\n<li>Lajed\u00e3o<\/li>\n\n\n\n<li>Lic\u00ednio de Almeida<\/li>\n\n\n\n<li>Livramento de Nossa Senhora<\/li>\n\n\n\n<li>Maca\u00fabas<\/li>\n\n\n\n<li>Macurur\u00e9<\/li>\n\n\n\n<li>Maiquinique<\/li>\n\n\n\n<li>Mairi<\/li>\n\n\n\n<li>Malhada<\/li>\n\n\n\n<li>Manoel Vitorino<\/li>\n\n\n\n<li>Marac\u00e1s<\/li>\n\n\n\n<li>Mara\u00fa<\/li>\n\n\n\n<li>Matina<\/li>\n\n\n\n<li>Miguel Calmon<\/li>\n\n\n\n<li>Mirangaba<\/li>\n\n\n\n<li>Morpar\u00e1<\/li>\n\n\n\n<li>Morro do Chap\u00e9u<\/li>\n\n\n\n<li>Mortugaba<\/li>\n\n\n\n<li>Mucug\u00ea<\/li>\n\n\n\n<li>Mulungu do Morro<\/li>\n\n\n\n<li>Nova Vi\u00e7osa<\/li>\n\n\n\n<li>Novo Horizonte<\/li>\n\n\n\n<li>Palmas de Monte Alto<\/li>\n\n\n\n<li>Paramirim<\/li>\n\n\n\n<li>Piat\u00e3<\/li>\n\n\n\n<li>Pinda\u00ed<\/li>\n\n\n\n<li>Pirip\u00e1<\/li>\n\n\n\n<li>Piritiba<\/li>\n\n\n\n<li>Planaltino<\/li>\n\n\n\n<li>Planalto<\/li>\n\n\n\n<li>Po\u00e7\u00f5es<\/li>\n\n\n\n<li>Pojuca<\/li>\n\n\n\n<li>Porto Seguro<\/li>\n\n\n\n<li>Presidente J\u00e2nio Quadros<\/li>\n\n\n\n<li>Quijingue<\/li>\n\n\n\n<li>Quixabeira<\/li>\n\n\n\n<li>Rafael Jambeiro<\/li>\n\n\n\n<li>Riacho de Santana<\/li>\n\n\n\n<li>Rodelas<\/li>\n\n\n\n<li>Santa B\u00e1rbara<\/li>\n\n\n\n<li>Santa Cruz Cabr\u00e1lia<\/li>\n\n\n\n<li>Santa Maria da Vit\u00f3ria<\/li>\n\n\n\n<li>Santa Rita de C\u00e1ssia<\/li>\n\n\n\n<li>Santo Ant\u00f4nio de Jesus<\/li>\n\n\n\n<li>Santo Est\u00eav\u00e3o<\/li>\n\n\n\n<li>Seabra<\/li>\n\n\n\n<li>Serra Dourada<\/li>\n\n\n\n<li>Serrinha<\/li>\n\n\n\n<li>Serrol\u00e2ndia<\/li>\n\n\n\n<li>Tanque Novo<\/li>\n\n\n\n<li>Tapiramut\u00e1<\/li>\n\n\n\n<li>Teixeira de Freitas<\/li>\n\n\n\n<li>Tremedal<\/li>\n\n\n\n<li>Ubat\u00e3<\/li>\n\n\n\n<li>Urandi<\/li>\n\n\n\n<li>Uru\u00e7uca<\/li>\n\n\n\n<li>Valen\u00e7a<\/li>\n\n\n\n<li>V\u00e1rzea da Ro\u00e7a<\/li>\n\n\n\n<li>V\u00e1rzea Nova<\/li>\n\n\n\n<li>Vereda<\/li>\n\n\n\n<li>Vit\u00f3ria da Conquista<\/li>\n\n\n\n<li>Wanderley<\/li>\n\n\n\n<li>Xique-Xique<\/li>\n<\/ul>\n","protected":false},"excerpt":{"rendered":"<p>Informa\u00e7\u00e3o foi confirmada pela Sesab nesta ter\u00e7a-feira (5). Por g1 BA A nona morte por dengue foi confirmada na Bahia nesta ter\u00e7a-feira (5). De acordo com a Secretaria da Sa\u00fade do Estado (Sesab), a paciente era de Vit\u00f3ria da Conquista, cidade que fica na regi\u00e3o sudoeste. Ainda conforme a Sesab, 122 munic\u00edpios do estado est\u00e3o [&hellip;]<\/p>\n","protected":false},"author":2,"featured_media":61645,"comment_status":"open","ping_status":"open","sticky":false,"template":"","format":"standard","meta":{"_acf_changed":false,"_monsterinsights_skip_tracking":false,"_monsterinsights_sitenote_active":false,"_monsterinsights_sitenote_note":"","_monsterinsights_sitenote_category":0,"_jetpack_memberships_contains_paid_content":false,"footnotes":"","jetpack_publicize_message":"","jetpack_publicize_feature_enabled":true,"jetpack_social_post_already_shared":true,"jetpack_social_options":{"image_generator_settings":{"template":"highway","default_image_id":0,"font":"","enabled":false},"version":2}},"categories":[7],"tags":[],"class_list":["post-79553","post","type-post","status-publish","format-standard","has-post-thumbnail","hentry","category-saude"],"acf":[],"jetpack_publicize_connections":[],"jetpack_featured_media_url":"https:\/\/i0.wp.com\/blogdoeloiltoncajuhy.com.br\/site\/wp-content\/uploads\/2021\/12\/Aedes-aegypti-17122021.jpg?fit=1008%2C667&ssl=1","jetpack_sharing_enabled":true,"publishpress_future_workflow_manual_trigger":{"enabledWorkflows":[]},"_links":{"self":[{"href":"https:\/\/blogdoeloiltoncajuhy.com.br\/site\/wp-json\/wp\/v2\/posts\/79553","targetHints":{"allow":["GET"]}}],"collection":[{"href":"https:\/\/blogdoeloiltoncajuhy.com.br\/site\/wp-json\/wp\/v2\/posts"}],"about":[{"href":"https:\/\/blogdoeloiltoncajuhy.com.br\/site\/wp-json\/wp\/v2\/types\/post"}],"author":[{"embeddable":true,"href":"https:\/\/blogdoeloiltoncajuhy.com.br\/site\/wp-json\/wp\/v2\/users\/2"}],"replies":[{"embeddable":true,"href":"https:\/\/blogdoeloiltoncajuhy.com.br\/site\/wp-json\/wp\/v2\/comments?post=79553"}],"version-history":[{"count":1,"href":"https:\/\/blogdoeloiltoncajuhy.com.br\/site\/wp-json\/wp\/v2\/posts\/79553\/revisions"}],"predecessor-version":[{"id":79555,"href":"https:\/\/blogdoeloiltoncajuhy.com.br\/site\/wp-json\/wp\/v2\/posts\/79553\/revisions\/79555"}],"wp:featuredmedia":[{"embeddable":true,"href":"https:\/\/blogdoeloiltoncajuhy.com.br\/site\/wp-json\/wp\/v2\/media\/61645"}],"wp:attachment":[{"href":"https:\/\/blogdoeloiltoncajuhy.com.br\/site\/wp-json\/wp\/v2\/media?parent=79553"}],"wp:term":[{"taxonomy":"category","embeddable":true,"href":"https:\/\/blogdoeloiltoncajuhy.com.br\/site\/wp-json\/wp\/v2\/categories?post=79553"},{"taxonomy":"post_tag","embeddable":true,"href":"https:\/\/blogdoeloiltoncajuhy.com.br\/site\/wp-json\/wp\/v2\/tags?post=79553"}],"curies":[{"name":"wp","href":"https:\/\/api.w.org\/{rel}","templated":true}]}}