{"id":79551,"date":"2024-03-05T15:09:25","date_gmt":"2024-03-05T18:09:25","guid":{"rendered":"https:\/\/blogdoeloiltoncajuhy.com.br\/site\/?p=79551"},"modified":"2024-03-05T15:09:27","modified_gmt":"2024-03-05T18:09:27","slug":"concurso-do-ibama-segue-em-pauta-para-ser-realizado-ainda-em-2024","status":"publish","type":"post","link":"https:\/\/blogdoeloiltoncajuhy.com.br\/site\/concurso-do-ibama-segue-em-pauta-para-ser-realizado-ainda-em-2024\/","title":{"rendered":"Concurso do Ibama segue em pauta para ser realizado ainda em 2024"},"content":{"rendered":"\n<p class=\"has-medium-font-size\"><strong>Est\u00e1 em pauta o concurso do Instituto Brasileiro do Meio Ambiente e Recursos Naturais (Ibama) para cargos de analistas, com inicial de R$ 8,5 mil.<\/strong><\/p>\n\n\n\n<p><strong>JC Concursos<\/strong><\/p>\n\n\n\n<figure class=\"wp-block-image aligncenter size-full is-resized\"><a href=\"https:\/\/i0.wp.com\/blogdoeloiltoncajuhy.com.br\/site\/wp-content\/uploads\/2023\/09\/ibama-foto-carla-marques-ibama-pe.webp\"><img data-recalc-dims=\"1\" fetchpriority=\"high\" decoding=\"async\" width=\"768\" height=\"574\" src=\"https:\/\/i0.wp.com\/blogdoeloiltoncajuhy.com.br\/site\/wp-content\/uploads\/2023\/09\/ibama-foto-carla-marques-ibama-pe.webp?resize=768%2C574\" alt=\"\" class=\"wp-image-76687\" style=\"width:664px;height:auto\" srcset=\"https:\/\/i0.wp.com\/blogdoeloiltoncajuhy.com.br\/site\/wp-content\/uploads\/2023\/09\/ibama-foto-carla-marques-ibama-pe.webp?w=768&amp;ssl=1 768w, https:\/\/i0.wp.com\/blogdoeloiltoncajuhy.com.br\/site\/wp-content\/uploads\/2023\/09\/ibama-foto-carla-marques-ibama-pe.webp?resize=300%2C224&amp;ssl=1 300w\" sizes=\"(max-width: 768px) 100vw, 768px\" \/><\/a><figcaption class=\"wp-element-caption\"><sub>Foto: Carla Marques\/Ibama-PE<\/sub><\/figcaption><\/figure>\n\n\n\n<p>Segue em pauta a realiza\u00e7\u00e3o de um novo concurso Ibama (Instituto Brasileiro do Meio Ambiente e Recursos Naturais) ainda em 2024. O certame era um dos mais aguardados em 2023 e estava previsto para fazer parte do Concurso Nacional Unificado, o que acabou n\u00e3o se concretizando.<\/p>\n\n\n\n<p>No final de janeiro, a ministra do Meio Ambiente e Mudan\u00e7a Clim\u00e1tica, Marina Silva, ressaltou que a contrata\u00e7\u00e3o de servidores para o Ibama e para o Instituto Chico Mendes de Conserva\u00e7\u00e3o da Biodiversidade (ICMBio) \u00e9 essencial para o Programa de Acelera\u00e7\u00e3o do Crescimento (PAC).<\/p>\n\n\n\n<p>Atualmente, o Ibama conta com apenas 52% do quadro preenchido por servidores em atividade.<\/p>\n\n\n\n<p>O instituto conta com um pedido em tramita\u00e7\u00e3o no Minist\u00e9rio da Gest\u00e3o para o preenchimento de 2.408 vagas, distribu\u00eddas da seguinte forma:<\/p>\n\n\n\n<ul class=\"wp-block-list\">\n<li>analista ambiental \u2013 1.503 vagas;<\/li>\n\n\n\n<li>analista administrativo \u2013 905 vagas.<\/li>\n<\/ul>\n\n\n\n<p><\/p>\n\n\n\n<p>Para os dois casos, ambos com exig\u00eancia de n\u00edvel superior, a remunera\u00e7\u00e3o atual \u00e9 de R$ 8.547,64, j\u00e1 com gratifica\u00e7\u00e3o de desempenho e aux\u00edlio-alimenta\u00e7\u00e3o de R$ 458.<\/p>\n\n\n\n<p>Em 4 de outubro, foi aprovado, no Congresso Nacional, o projeto de lei 4426\/23, que transforma cargos, o que pode refor\u00e7ar a necessidade de contrata\u00e7\u00f5es. O projeto foi sancionado pelo presidente Luiz In\u00e1cio Lula da Silva em 14 de novembro, por meio da lei ordin\u00e1ria 14724.<\/p>\n\n\n\n<p>De acordo com a lei de cria\u00e7\u00e3o das vagas, do quadro de pessoal do Ibama est\u00e3o sendo criadas mais 2.115 vagas de analistas, com necessidade de n\u00edvel superior.<\/p>\n\n\n\n<p>Destas, 519 s\u00e3o provenientes da transforma\u00e7\u00e3o de 1.174 vagas de t\u00e9cnico administrativo, de ensino m\u00e9dio, sendo 366 para analista administrativo e 153 para analista ambiental.<\/p>\n\n\n\n<p>Outras 697 s\u00e3o para analistas na \u00e1rea de especialistas em meio ambiente, pela transforma\u00e7\u00e3o de 498 vagas de n\u00edvel superior e 456 de ensino m\u00e9dio.<\/p>\n\n\n\n<p>Tamb\u00e9m est\u00e3o sendo criadas 620 vagas de analistas (424 analistas ambientais e 196 analistas administrativos) pela transforma\u00e7\u00e3o de 489 vagas de n\u00edvel superior e 456 de ensino m\u00e9dio, provenientes de cargos vagos inicialmente n\u00e3o pertencentes ao quadro de especialistas.<\/p>\n\n\n\n<p>S\u00e3o criadas, ainda, 260 vagas de analistas administrativos, pela transforma\u00e7\u00e3o de 589 t\u00e9cnicos administrativos.<\/p>\n\n\n\n<p class=\"has-black-color has-text-color has-link-color has-medium-font-size wp-elements-506b041339c362674865ed92496055ee\"><strong>\u00daltima sele\u00e7\u00e3o<\/strong><\/p>\n\n\n\n<p>O \u00faltimo concurso Ibama para efetivos ocorreu em 2021, quando foram oferecidas 568 vagas, sendo 432 para quem possui ensino m\u00e9dio e 136 para n\u00edvel superior, com remunera\u00e7\u00f5es de at\u00e9 R$ 8.547,64. A banca organizadora, na ocasi\u00e3o, foi o Cebraspe.<\/p>\n\n\n\n<p>No caso de ensino m\u00e9dio, a sele\u00e7\u00e3o foi para o preenchimento de 432 vagas para o cargo de t\u00e9cnico ambiental, com remunera\u00e7\u00e3o inicial de R$ 4.063,34.<\/p>\n\n\n\n<p>Para n\u00edvel superior foram 96 vagas para analista ambiental e 40 para analista administrativo, ambos com iniciais de R$ 8.547,64.<\/p>\n\n\n\n<p class=\"has-black-color has-text-color has-link-color has-medium-font-size wp-elements-5f864d9ff2fe365a2996e3b24fb3e78b\"><strong>Resumo do Concurso Ibama 2024<\/strong><\/p>\n\n\n\n<p><strong><mark style=\"background-color:rgba(0, 0, 0, 0)\" class=\"has-inline-color has-black-color\">Ibama<\/mark><\/strong> &#8211; Instituto Brasileiro do Meio Ambiente e dos Recursos Naturais Renov\u00e1veis<br><strong><mark style=\"background-color:rgba(0, 0, 0, 0)\" class=\"has-inline-color has-black-color\">Vagas:<\/mark><\/strong> 2.408<br><strong><mark style=\"background-color:rgba(0, 0, 0, 0)\" class=\"has-inline-color has-black-color\">Taxa de inscri\u00e7\u00e3o:<\/mark><\/strong> N\u00e3o definido<br><strong><mark style=\"background-color:rgba(0, 0, 0, 0)\" class=\"has-inline-color has-black-color\">Cargos:<\/mark><\/strong> Analistas<br><strong><mark style=\"background-color:rgba(0, 0, 0, 0)\" class=\"has-inline-color has-black-color\">\u00c1reas de Atua\u00e7\u00e3o:<\/mark><\/strong> Administrativa<br><strong><mark style=\"background-color:rgba(0, 0, 0, 0)\" class=\"has-inline-color has-black-color\">Escolaridade:<\/mark><\/strong> Ensino Superior<br><strong><mark style=\"background-color:rgba(0, 0, 0, 0)\" class=\"has-inline-color has-black-color\">Faixa de sal\u00e1rio:<\/mark><\/strong> At\u00e9 R$ 8547,00<br><strong><mark style=\"background-color:rgba(0, 0, 0, 0)\" class=\"has-inline-color has-black-color\">Estados com vagas:<\/mark><\/strong> AC, AL, AP, AM, BA, CE, DF, ES, GO\u200d, MA, MT, MS, MG, PA, PB, PR, PE, PI, RJ, RN, RS, RO, RR, SC, SP, SE, TO<\/p>\n","protected":false},"excerpt":{"rendered":"<p>Est\u00e1 em pauta o concurso do Instituto Brasileiro do Meio Ambiente e Recursos Naturais (Ibama) para cargos de analistas, com inicial de R$ 8,5 mil. JC Concursos Segue em pauta a realiza\u00e7\u00e3o de um novo concurso Ibama (Instituto Brasileiro do Meio Ambiente e Recursos Naturais) ainda em 2024. O certame era um dos mais aguardados [&hellip;]<\/p>\n","protected":false},"author":2,"featured_media":72381,"comment_status":"open","ping_status":"open","sticky":false,"template":"","format":"standard","meta":{"_acf_changed":false,"_monsterinsights_skip_tracking":false,"_monsterinsights_sitenote_active":false,"_monsterinsights_sitenote_note":"","_monsterinsights_sitenote_category":0,"_jetpack_memberships_contains_paid_content":false,"footnotes":"","jetpack_publicize_message":"","jetpack_publicize_feature_enabled":true,"jetpack_social_post_already_shared":true,"jetpack_social_options":{"image_generator_settings":{"template":"highway","default_image_id":0,"font":"","enabled":false},"version":2}},"categories":[32],"tags":[],"class_list":["post-79551","post","type-post","status-publish","format-standard","has-post-thumbnail","hentry","category-emprego"],"acf":[],"jetpack_publicize_connections":[],"jetpack_featured_media_url":"https:\/\/i0.wp.com\/blogdoeloiltoncajuhy.com.br\/site\/wp-content\/uploads\/2023\/02\/IBAMA-Foto-divulgacao.jpeg?fit=830%2C450&ssl=1","jetpack_sharing_enabled":true,"publishpress_future_workflow_manual_trigger":{"enabledWorkflows":[]},"_links":{"self":[{"href":"https:\/\/blogdoeloiltoncajuhy.com.br\/site\/wp-json\/wp\/v2\/posts\/79551","targetHints":{"allow":["GET"]}}],"collection":[{"href":"https:\/\/blogdoeloiltoncajuhy.com.br\/site\/wp-json\/wp\/v2\/posts"}],"about":[{"href":"https:\/\/blogdoeloiltoncajuhy.com.br\/site\/wp-json\/wp\/v2\/types\/post"}],"author":[{"embeddable":true,"href":"https:\/\/blogdoeloiltoncajuhy.com.br\/site\/wp-json\/wp\/v2\/users\/2"}],"replies":[{"embeddable":true,"href":"https:\/\/blogdoeloiltoncajuhy.com.br\/site\/wp-json\/wp\/v2\/comments?post=79551"}],"version-history":[{"count":1,"href":"https:\/\/blogdoeloiltoncajuhy.com.br\/site\/wp-json\/wp\/v2\/posts\/79551\/revisions"}],"predecessor-version":[{"id":79552,"href":"https:\/\/blogdoeloiltoncajuhy.com.br\/site\/wp-json\/wp\/v2\/posts\/79551\/revisions\/79552"}],"wp:featuredmedia":[{"embeddable":true,"href":"https:\/\/blogdoeloiltoncajuhy.com.br\/site\/wp-json\/wp\/v2\/media\/72381"}],"wp:attachment":[{"href":"https:\/\/blogdoeloiltoncajuhy.com.br\/site\/wp-json\/wp\/v2\/media?parent=79551"}],"wp:term":[{"taxonomy":"category","embeddable":true,"href":"https:\/\/blogdoeloiltoncajuhy.com.br\/site\/wp-json\/wp\/v2\/categories?post=79551"},{"taxonomy":"post_tag","embeddable":true,"href":"https:\/\/blogdoeloiltoncajuhy.com.br\/site\/wp-json\/wp\/v2\/tags?post=79551"}],"curies":[{"name":"wp","href":"https:\/\/api.w.org\/{rel}","templated":true}]}}