{"id":79541,"date":"2024-03-05T09:21:36","date_gmt":"2024-03-05T12:21:36","guid":{"rendered":"https:\/\/blogdoeloiltoncajuhy.com.br\/site\/?p=79541"},"modified":"2024-03-05T09:21:38","modified_gmt":"2024-03-05T12:21:38","slug":"vale-tudo-remake-tem-diretor-definido-roteiro-aprovado-e-pre-producao-iniciada-na-globo","status":"publish","type":"post","link":"https:\/\/blogdoeloiltoncajuhy.com.br\/site\/vale-tudo-remake-tem-diretor-definido-roteiro-aprovado-e-pre-producao-iniciada-na-globo\/","title":{"rendered":"&#8216;Vale Tudo&#8217;: remake tem diretor definido, roteiro aprovado e pr\u00e9-produ\u00e7\u00e3o iniciada na Globo"},"content":{"rendered":"\n<p class=\"has-medium-font-size\"><strong>Novela faz parte da comemora\u00e7\u00e3o dos 60 anos da emissora; estreia est\u00e1 prevista para 2025.<\/strong><\/p>\n\n\n\n<p><strong>F5\/Folha de S.Paulo<\/strong><\/p>\n\n\n\n<figure class=\"wp-block-image aligncenter size-full is-resized\"><a href=\"https:\/\/i0.wp.com\/blogdoeloiltoncajuhy.com.br\/site\/wp-content\/uploads\/2024\/03\/Beatriz-Segall-TV-Globo.jpg?ssl=1\"><img data-recalc-dims=\"1\" fetchpriority=\"high\" decoding=\"async\" width=\"680\" height=\"454\" src=\"https:\/\/i0.wp.com\/blogdoeloiltoncajuhy.com.br\/site\/wp-content\/uploads\/2024\/03\/Beatriz-Segall-TV-Globo.jpg?resize=680%2C454&#038;ssl=1\" alt=\"\" class=\"wp-image-79542\" style=\"width:785px;height:auto\" srcset=\"https:\/\/i0.wp.com\/blogdoeloiltoncajuhy.com.br\/site\/wp-content\/uploads\/2024\/03\/Beatriz-Segall-TV-Globo.jpg?w=680&amp;ssl=1 680w, https:\/\/i0.wp.com\/blogdoeloiltoncajuhy.com.br\/site\/wp-content\/uploads\/2024\/03\/Beatriz-Segall-TV-Globo.jpg?resize=300%2C200&amp;ssl=1 300w\" sizes=\"(max-width: 680px) 100vw, 680px\" \/><\/a><figcaption class=\"wp-element-caption\"><sub>Beatriz Segall como Odete Roitman na vers\u00e3o original de &#8220;Vale Tudo&#8221; &#8211; Foto: TV Globo<\/sub><\/figcaption><\/figure>\n\n\n\n<p>Agora n\u00e3o tem mais volta: a Globo come\u00e7ou a pr\u00e9-produ\u00e7\u00e3o do remake da novela &#8220;Vale Tudo&#8221;, que ocupar\u00e1 o hor\u00e1rio das nove logo ap\u00f3s &#8220;Mania de Voc\u00ea&#8221;, trama de Jo\u00e3o Emanuel Carneiro que estreia no m\u00eas de outubro, ap\u00f3s &#8220;Renascer&#8221;, atualmente no ar.<\/p>\n\n\n\n<p>Ap\u00f3s pedidos de ajustes, o primeiro bloco de cap\u00edtulos feitos pela autora Manuela Dias foi aprovado. O texto foi bastante elogiado por conseguir manter a ess\u00eancia do original.<\/p>\n\n\n\n<p>A Globo definiu tamb\u00e9m quem ser\u00e1 o diretor art\u00edstico da refilmagem. Ser\u00e1 Paulo Silvestrini, que recentemente foi o respons\u00e1vel por comandar os trabalhos em &#8220;Vai na F\u00e9&#8221; (2023), sucesso do hor\u00e1rio das 19h.<\/p>\n\n\n\n<p>Paulo come\u00e7ou a pensar em alguns nomes para o elenco. Leandra Leal \u2014 atriz da confian\u00e7a de Manuela Dias, com quem j\u00e1 trabalhou em produ\u00e7\u00f5es como &#8220;Justi\u00e7a&#8221;\u2014 foi convidada para fazer Heleninha Roitman, papel que coube a Renata Sorrah na vers\u00e3o original.<\/p>\n\n\n\n<p>Outro nome que aparece nos planos da produ\u00e7\u00e3o \u00e9 o de Chay Suede, outro ator com quem Manuela gosta de trabalhar. Chay \u00e9 pensado para ser C\u00e9sar Ribeiro, interpretado em 1988 por Carlos Alberto Riccelli.<\/p>\n\n\n\n<figure class=\"wp-block-image aligncenter size-full is-resized\"><a href=\"https:\/\/i0.wp.com\/blogdoeloiltoncajuhy.com.br\/site\/wp-content\/uploads\/2024\/03\/Regina-Duarte-e-Gloria-Pires-TV-Globo.png?ssl=1\"><img data-recalc-dims=\"1\" decoding=\"async\" width=\"798\" height=\"514\" src=\"https:\/\/i0.wp.com\/blogdoeloiltoncajuhy.com.br\/site\/wp-content\/uploads\/2024\/03\/Regina-Duarte-e-Gloria-Pires-TV-Globo.png?resize=798%2C514&#038;ssl=1\" alt=\"\" class=\"wp-image-79543\" style=\"width:761px;height:auto\" srcset=\"https:\/\/i0.wp.com\/blogdoeloiltoncajuhy.com.br\/site\/wp-content\/uploads\/2024\/03\/Regina-Duarte-e-Gloria-Pires-TV-Globo.png?w=798&amp;ssl=1 798w, https:\/\/i0.wp.com\/blogdoeloiltoncajuhy.com.br\/site\/wp-content\/uploads\/2024\/03\/Regina-Duarte-e-Gloria-Pires-TV-Globo.png?resize=300%2C193&amp;ssl=1 300w, https:\/\/i0.wp.com\/blogdoeloiltoncajuhy.com.br\/site\/wp-content\/uploads\/2024\/03\/Regina-Duarte-e-Gloria-Pires-TV-Globo.png?resize=768%2C495&amp;ssl=1 768w\" sizes=\"(max-width: 798px) 100vw, 798px\" \/><\/a><figcaption class=\"wp-element-caption\"><sub>Raquel (Regina Duarte) com a filha Maria de F\u00e1tima (Gloria Pires) &#8211; Foto: TV Globo<\/sub><\/figcaption><\/figure>\n\n\n\n<p>Outros pap\u00e9is importantes, como o da vil\u00e3 Odete Roitman, s\u00f3 ser\u00e3o pensados mais adiante. At\u00e9 porque a prioridade da Globo \u00e9 escalar nomes para &#8220;Mania de Voc\u00ea&#8221;, que vem primeiro no hor\u00e1rio.<\/p>\n\n\n\n<p>O remake de &#8220;Vale Tudo&#8221;, juntamente com a comemora\u00e7\u00e3o pelo anivers\u00e1rio da Globo, tamb\u00e9m tem uma quest\u00e3o mercadol\u00f3gica. A vers\u00e3o original de 1988 tem qualidade considerada abaixo do padr\u00e3o adotado pela Globo.<\/p>\n\n\n\n<p>Suas imagens s\u00e3o consideradas escuras, o que impossibilitou reprises em TV aberta e afastou interessados do mercado de televis\u00e3o estrangeiro a comprarem a produ\u00e7\u00e3o.<\/p>\n\n\n\n<p>Com a nova vers\u00e3o, a TV aproveita o apelo da hist\u00f3ria no hor\u00e1rio nobre e tem um produto considerado interessante para ser negociado para seus parceiros. N\u00e3o existe qualquer discuss\u00e3o ainda sobre poss\u00edveis atores para interpretar pap\u00e9is, como a ic\u00f4nica vil\u00e3 Odete Roitmann, imortalizada por Beatriz Segall (1926-2018).<\/p>\n\n\n\n<p>&#8220;Vale Tudo&#8221; contava a hist\u00f3ria de Raquel, interpretada por Regina Duarte, que \u00e9 abandonada pelo marido e se v\u00ea obrigada a criar sozinha sua filha, a ambiciosa Maria de F\u00e1tima, vivida por Gl\u00f3ria Pires. Seu final teve teor de suspense gra\u00e7as a pergunta que fez o Brasil parar: quem teria matado Odete Roitmann? A revela\u00e7\u00e3o veio no \u00faltimo cap\u00edtulo.<\/p>\n\n\n\n<p>Al\u00e9m da exibi\u00e7\u00e3o original, &#8220;Vale Tudo&#8221; teve tr\u00eas reprises: uma na Globo em 1992 (quando os padr\u00f5es de exig\u00eancia de qualidade de imagens n\u00e3o eram eram t\u00e3o altos como a partir da d\u00e9cada seguinte) e outras duas no canal Viva, em 2010 e 2018.<\/p>\n\n\n\n<p>Em 2022, a Globo chegou a cogitar uma reprise da trama no Vale a Pena Ver de Novo, no lugar da reexibi\u00e7\u00e3o de &#8220;O Clone&#8221; (2001), mas a imagem escura para TV aberta descartaram os planos.<\/p>\n","protected":false},"excerpt":{"rendered":"<p>Novela faz parte da comemora\u00e7\u00e3o dos 60 anos da emissora; estreia est\u00e1 prevista para 2025. F5\/Folha de S.Paulo Agora n\u00e3o tem mais volta: a Globo come\u00e7ou a pr\u00e9-produ\u00e7\u00e3o do remake da novela &#8220;Vale Tudo&#8221;, que ocupar\u00e1 o hor\u00e1rio das nove logo ap\u00f3s &#8220;Mania de Voc\u00ea&#8221;, trama de Jo\u00e3o Emanuel Carneiro que estreia no m\u00eas de [&hellip;]<\/p>\n","protected":false},"author":2,"featured_media":79542,"comment_status":"open","ping_status":"open","sticky":false,"template":"","format":"standard","meta":{"_acf_changed":false,"_monsterinsights_skip_tracking":false,"_monsterinsights_sitenote_active":false,"_monsterinsights_sitenote_note":"","_monsterinsights_sitenote_category":0,"_jetpack_memberships_contains_paid_content":false,"footnotes":"","jetpack_publicize_message":"","jetpack_publicize_feature_enabled":true,"jetpack_social_post_already_shared":true,"jetpack_social_options":{"image_generator_settings":{"template":"highway","default_image_id":0,"font":"","enabled":false},"version":2}},"categories":[8],"tags":[],"class_list":["post-79541","post","type-post","status-publish","format-standard","has-post-thumbnail","hentry","category-cultura"],"acf":[],"jetpack_publicize_connections":[],"jetpack_featured_media_url":"https:\/\/i0.wp.com\/blogdoeloiltoncajuhy.com.br\/site\/wp-content\/uploads\/2024\/03\/Beatriz-Segall-TV-Globo.jpg?fit=680%2C454&ssl=1","jetpack_sharing_enabled":true,"publishpress_future_workflow_manual_trigger":{"enabledWorkflows":[]},"_links":{"self":[{"href":"https:\/\/blogdoeloiltoncajuhy.com.br\/site\/wp-json\/wp\/v2\/posts\/79541","targetHints":{"allow":["GET"]}}],"collection":[{"href":"https:\/\/blogdoeloiltoncajuhy.com.br\/site\/wp-json\/wp\/v2\/posts"}],"about":[{"href":"https:\/\/blogdoeloiltoncajuhy.com.br\/site\/wp-json\/wp\/v2\/types\/post"}],"author":[{"embeddable":true,"href":"https:\/\/blogdoeloiltoncajuhy.com.br\/site\/wp-json\/wp\/v2\/users\/2"}],"replies":[{"embeddable":true,"href":"https:\/\/blogdoeloiltoncajuhy.com.br\/site\/wp-json\/wp\/v2\/comments?post=79541"}],"version-history":[{"count":1,"href":"https:\/\/blogdoeloiltoncajuhy.com.br\/site\/wp-json\/wp\/v2\/posts\/79541\/revisions"}],"predecessor-version":[{"id":79544,"href":"https:\/\/blogdoeloiltoncajuhy.com.br\/site\/wp-json\/wp\/v2\/posts\/79541\/revisions\/79544"}],"wp:featuredmedia":[{"embeddable":true,"href":"https:\/\/blogdoeloiltoncajuhy.com.br\/site\/wp-json\/wp\/v2\/media\/79542"}],"wp:attachment":[{"href":"https:\/\/blogdoeloiltoncajuhy.com.br\/site\/wp-json\/wp\/v2\/media?parent=79541"}],"wp:term":[{"taxonomy":"category","embeddable":true,"href":"https:\/\/blogdoeloiltoncajuhy.com.br\/site\/wp-json\/wp\/v2\/categories?post=79541"},{"taxonomy":"post_tag","embeddable":true,"href":"https:\/\/blogdoeloiltoncajuhy.com.br\/site\/wp-json\/wp\/v2\/tags?post=79541"}],"curies":[{"name":"wp","href":"https:\/\/api.w.org\/{rel}","templated":true}]}}