{"id":79534,"date":"2024-03-05T09:00:40","date_gmt":"2024-03-05T12:00:40","guid":{"rendered":"https:\/\/blogdoeloiltoncajuhy.com.br\/site\/?p=79534"},"modified":"2024-03-05T09:01:39","modified_gmt":"2024-03-05T12:01:39","slug":"ex-comandante-do-exercito-complica-bolsonaro-e-cita-discussao-sobre-minuta-golpista","status":"publish","type":"post","link":"https:\/\/blogdoeloiltoncajuhy.com.br\/site\/ex-comandante-do-exercito-complica-bolsonaro-e-cita-discussao-sobre-minuta-golpista\/","title":{"rendered":"Ex-comandante do Ex\u00e9rcito complica Bolsonaro e cita discuss\u00e3o sobre minuta golpista"},"content":{"rendered":"\n<p class=\"has-medium-font-size\"><strong>General Freire Gomes respondeu a cerca de 250 perguntas durante depoimento de 7 horas \u00e0 PF.<\/strong><\/p>\n\n\n\n<p><strong>Folha de S.Paulo<\/strong><\/p>\n\n\n\n<p>Ex-comandante do Ex\u00e9rcito, o general Marco Ant\u00f4nio Freire Gomes, disse \u00e0 Pol\u00edcia Federal que foi convocado pelo ex-presidente Jair Bolsonaro (PL) para reuni\u00e3o em que se discutiram propostas golpistas, incluindo uma minuta com medida para reverter a elei\u00e7\u00e3o de Lula (PT), em dezembro de 2022.<\/p>\n\n\n\n<p>Pessoas pr\u00f3ximas ao general afirmam que Freire Gomes respondeu a cerca de 250 perguntas sobre os dias finais de sua chefia no Ex\u00e9rcito, em depoimento que durou mais de sete horas na \u00faltima sexta-feira (1\u00ba).<\/p>\n\n\n\n<p>Ele implicou Bolsonaro como respons\u00e1vel pela manuten\u00e7\u00e3o dos acampamentos golpistas e se eximiu da responsabilidade pela participa\u00e7\u00e3o das For\u00e7as Armadas como fiscalizadoras das elei\u00e7\u00f5es, a\u00e7\u00e3o que colocou em d\u00favida a confian\u00e7a das urnas eletr\u00f4nicas.<\/p>\n\n\n\n<figure class=\"wp-block-image aligncenter size-full is-resized\"><a href=\"https:\/\/i0.wp.com\/blogdoeloiltoncajuhy.com.br\/site\/wp-content\/uploads\/2024\/03\/General-Freire-Gomes-e-ex-presidente-Jair-Bolsonaro-Foto-Gabriela-Bilo-Folhapress.jpg?ssl=1\"><img data-recalc-dims=\"1\" fetchpriority=\"high\" decoding=\"async\" width=\"680\" height=\"454\" src=\"https:\/\/i0.wp.com\/blogdoeloiltoncajuhy.com.br\/site\/wp-content\/uploads\/2024\/03\/General-Freire-Gomes-e-ex-presidente-Jair-Bolsonaro-Foto-Gabriela-Bilo-Folhapress.jpg?resize=680%2C454&#038;ssl=1\" alt=\"\" class=\"wp-image-79535\" style=\"width:758px;height:auto\" srcset=\"https:\/\/i0.wp.com\/blogdoeloiltoncajuhy.com.br\/site\/wp-content\/uploads\/2024\/03\/General-Freire-Gomes-e-ex-presidente-Jair-Bolsonaro-Foto-Gabriela-Bilo-Folhapress.jpg?w=680&amp;ssl=1 680w, https:\/\/i0.wp.com\/blogdoeloiltoncajuhy.com.br\/site\/wp-content\/uploads\/2024\/03\/General-Freire-Gomes-e-ex-presidente-Jair-Bolsonaro-Foto-Gabriela-Bilo-Folhapress.jpg?resize=300%2C200&amp;ssl=1 300w\" sizes=\"(max-width: 680px) 100vw, 680px\" \/><\/a><figcaption class=\"wp-element-caption\"><sub>General Freire Gomes e ex-presidente Jair Bolsonaro durante evento do Dia do Soldado, em Bras\u00edlia &#8211; Foto: Gabriela Bil\u00f3\/Folhapress<\/sub><\/figcaption><\/figure>\n\n\n\n<p>Generais ouvidos pela <strong>Folha<\/strong> afirmam que, apesar do desgaste institucional de um ex-comandante do Ex\u00e9rcito depor \u00e0 Pol\u00edcia Federal, foi a primeira vez que Freire Gomes teve a oportunidade de contar sua vers\u00e3o dos fatos ap\u00f3s uma s\u00e9rie de especula\u00e7\u00f5es serem levantadas.<\/p>\n\n\n\n<p>Eles ainda dizem que o depoimento era relevante para o general demonstrar que n\u00e3o foi omisso diante de apelos golpistas feitos por Bolsonaro, aliados do ex-presidente e militares.<\/p>\n\n\n\n<p>Como a <strong>Folha<\/strong> mostrou, Freire Gomes j\u00e1 vinha atribuindo a Bolsonaro a responsabilidade pela manuten\u00e7\u00e3o de acampamentos golpistas em frente aos quarteis.<\/p>\n\n\n\n<p>O relato do general ignorou, por\u00e9m, que ele pr\u00f3prio disse a todos os generais da ativa em 10 de novembro de 2022 que os acampamentos n\u00e3o deveriam ser reprimidos \u2014 tamb\u00e9m n\u00e3o levou em considera\u00e7\u00e3o a nota dos comandantes das For\u00e7as Armadas, no dia seguinte, que continha tom considerado elogioso aos manifestantes em frente ao QG do Ex\u00e9rcito.<\/p>\n\n\n\n<figure class=\"wp-block-image aligncenter size-full\"><a href=\"https:\/\/i0.wp.com\/blogdoeloiltoncajuhy.com.br\/site\/wp-content\/uploads\/2024\/03\/Militares_fotos_Fabio-Rodrigues-Agencia-Brasil-Pedro-Ladeira-Folhapress-Divulgacao-Divulgacao-Agencia-Brasil-e-Divulgacao-Comando-Militar-da-Amazonia.jpg?ssl=1\"><img data-recalc-dims=\"1\" decoding=\"async\" width=\"680\" height=\"450\" src=\"https:\/\/i0.wp.com\/blogdoeloiltoncajuhy.com.br\/site\/wp-content\/uploads\/2024\/03\/Militares_fotos_Fabio-Rodrigues-Agencia-Brasil-Pedro-Ladeira-Folhapress-Divulgacao-Divulgacao-Agencia-Brasil-e-Divulgacao-Comando-Militar-da-Amazonia.jpg?resize=680%2C450&#038;ssl=1\" alt=\"\" class=\"wp-image-79536\" srcset=\"https:\/\/i0.wp.com\/blogdoeloiltoncajuhy.com.br\/site\/wp-content\/uploads\/2024\/03\/Militares_fotos_Fabio-Rodrigues-Agencia-Brasil-Pedro-Ladeira-Folhapress-Divulgacao-Divulgacao-Agencia-Brasil-e-Divulgacao-Comando-Militar-da-Amazonia.jpg?w=680&amp;ssl=1 680w, https:\/\/i0.wp.com\/blogdoeloiltoncajuhy.com.br\/site\/wp-content\/uploads\/2024\/03\/Militares_fotos_Fabio-Rodrigues-Agencia-Brasil-Pedro-Ladeira-Folhapress-Divulgacao-Divulgacao-Agencia-Brasil-e-Divulgacao-Comando-Militar-da-Amazonia.jpg?resize=300%2C199&amp;ssl=1 300w\" sizes=\"(max-width: 680px) 100vw, 680px\" \/><\/a><figcaption class=\"wp-element-caption\"><sub>Fotos: Fabio Rodrigues\/Ag\u00eancia Brasil, Pedro Ladeira\/Folhapress, Divulga\u00e7\u00e3o, Divulga\u00e7\u00e3o\/Ag\u00eancia Brasil e Divulga\u00e7\u00e3o\/Comando Militar da Amaz\u00f4nia<\/sub><\/figcaption><\/figure>\n\n\n\n<p>O general Freire Gomes \u00e9 citado no relat\u00f3rio da Pol\u00edcia Federal sobre o planejamento de um golpe de Estado como um dos militares que teriam sido contr\u00e1rios \u00e0s investidas contra o resultado eleitoral.<\/p>\n\n\n\n<p>A resist\u00eancia do militar foi criticada pelo general Walter Braga Netto, que era candidato a vice-presidente na chapa de Bolsonaro.<\/p>\n\n\n\n<p>&#8220;A culpa pelo que est\u00e1 acontecendo e acontecer\u00e1 \u00e9 [sic] do Gen Freire Gomes. Omiss\u00e3o e indecis\u00e3o n\u00e3o cabem a um combatente&#8221;, escreveu Braga Netto em mensagem encontrada pela Pol\u00edcia Federal. O ex-ministro ainda chamou o chefe militar de &#8220;cag\u00e3o&#8221;.<\/p>\n\n\n\n<p>A Pol\u00edcia Federal tamb\u00e9m identificou mensagens de \u00e1udio enviadas por Mauro Cid a Freire Gomes que indicavam que o general sabia das minutas de decreto golpistas \u2014 o que gerou suspeitas de que o ex-comandante poderia ter sido omisso diante dos planos antidemocr\u00e1ticos.<\/p>\n\n\n\n<p>&#8220;O presidente tem recebido v\u00e1rias press\u00f5es para tomar uma medida mais, mais pesada, onde ele vai, obviamente, utilizando as For\u00e7as, n\u00e9? Mas ele sabe, ele ainda continua com aquela ideia que ele saiu da \u00faltima reuni\u00e3o, mas a press\u00e3o que ele recebe \u00e9 de todo mundo. Ele est\u00e1\u2026 \u00c9 cara do agro. S\u00e3o alguns deputados, n\u00e9? \u00c9 n\u00e9\u2026 Ent\u00e3o \u00e9 a press\u00e3o que ele tem recebido \u00e9 muito grande. E hoje o que que ele fez hoje de manh\u00e3? Ele enxugou o decreto n\u00e9? Aqueles &#8216;considerandos&#8217; que o senhor viu e enxugou o decreto, fez um decreto muito mais \u00e9 resumido, n\u00e9?&#8221;, disse Cid.<\/p>\n\n\n\n<figure class=\"wp-block-image aligncenter size-full\"><a href=\"https:\/\/i0.wp.com\/blogdoeloiltoncajuhy.com.br\/site\/wp-content\/uploads\/2024\/03\/PF_passaporte-Bolsonaro_Arquivo-Pessoal.jpg?ssl=1\"><img data-recalc-dims=\"1\" decoding=\"async\" width=\"680\" height=\"456\" src=\"https:\/\/i0.wp.com\/blogdoeloiltoncajuhy.com.br\/site\/wp-content\/uploads\/2024\/03\/PF_passaporte-Bolsonaro_Arquivo-Pessoal.jpg?resize=680%2C456&#038;ssl=1\" alt=\"\" class=\"wp-image-79537\" srcset=\"https:\/\/i0.wp.com\/blogdoeloiltoncajuhy.com.br\/site\/wp-content\/uploads\/2024\/03\/PF_passaporte-Bolsonaro_Arquivo-Pessoal.jpg?w=680&amp;ssl=1 680w, https:\/\/i0.wp.com\/blogdoeloiltoncajuhy.com.br\/site\/wp-content\/uploads\/2024\/03\/PF_passaporte-Bolsonaro_Arquivo-Pessoal.jpg?resize=300%2C201&amp;ssl=1 300w\" sizes=\"(max-width: 680px) 100vw, 680px\" \/><\/a><figcaption class=\"wp-element-caption\"><sub>Pol\u00edcia Federal vai \u00e0 casa de Bolsonaro em Angra dos Reis-RJ apreender o passaporte do ex-presidente &#8211; Arquivo Pessoal<\/sub><\/figcaption><\/figure>\n\n\n\n<p>Para prestar o depoimento na sexta, Freire Gomes voltou de uma viagem \u00e0 Espanha, onde visitava familiares. Ele conversou com militares mais pr\u00f3ximos, que mant\u00eam cargos relevantes na estrutura do Ex\u00e9rcito, e se mostrou disposto a colaborar com as investiga\u00e7\u00f5es.<\/p>\n\n\n\n<p>O ex-comandante da Aeron\u00e1utica Carlos Baptista J\u00fanior est\u00e1 em situa\u00e7\u00e3o semelhante. Ele prestou depoimento por quase dez horas \u00e0 Pol\u00edcia Federal em meados de fevereiro e tamb\u00e9m confirmou a participa\u00e7\u00e3o em reuni\u00f5es de tom golpista no Pal\u00e1cio da Alvorada.<\/p>\n\n\n\n<p>Baptista J\u00fanior e Freire Gomes afirmaram a interlocutores terem apresentado oposi\u00e7\u00e3o \u00e0s inten\u00e7\u00f5es antidemocr\u00e1ticas; o \u00fanico que teria manifestado apoio \u00e0s investidas, segundo a dela\u00e7\u00e3o do tenente-coronel Mauro Cid, foi o ex-comandante da Marinha Almir Garnier Santos. O almirante foi chamado a depor \u00e0 PF no \u00faltimo dia 22. Ele, por\u00e9m, optou pelo sil\u00eancio.<\/p>\n\n\n\n<p>Investigadores querem concluir rapidamente as apura\u00e7\u00f5es que miram Bolsonaro. A meta \u00e9 finalizar os tr\u00eas inqu\u00e9ritos que t\u00eam o ex-presidente na mira at\u00e9 junho. O \u00faltimo que deve ser encerrado \u00e9 justamente o das mil\u00edcias digitais, que trata da investiga\u00e7\u00e3o sobre uma trama para dar um golpe de Estado.<\/p>\n\n\n\n<p>Os outros dois envolvem o recebimento de um pacote de joias da Ar\u00e1bia Saudita e a fraude no cart\u00e3o de vacina\u00e7\u00e3o do ex-mandat\u00e1rio. Esses inqu\u00e9ritos devem ser conclu\u00eddos antes, pelo cronograma estabelecido pela PF.<\/p>\n\n\n\n<p>Al\u00e9m desses militares, a pol\u00edcia colheu depoimento de outros generais, ex-ministros, ex-assessores, e aliados de Bolsonaro. Ao menos 24 pessoas prestaram depoimento no m\u00eas passado. A maioria optou pelo sil\u00eancio, como fez o ex-presidente, mas ao menos quatro pessoas falaram.<\/p>\n\n\n\n<p>Segundo investigadores, houve entre os depoentes quem demonstrasse interesse em colaborar com a PF por meio de dela\u00e7\u00e3o premiada. Quem acompanha o caso, por\u00e9m, pondera que foram demonstradas apenas inten\u00e7\u00f5es iniciais e que essas colabora\u00e7\u00f5es podem n\u00e3o avan\u00e7ar.<\/p>\n\n\n\n<figure class=\"wp-block-image aligncenter size-full is-resized\"><a href=\"https:\/\/i0.wp.com\/blogdoeloiltoncajuhy.com.br\/site\/wp-content\/uploads\/2024\/02\/Bolsonaro_Reproducao.png\"><img data-recalc-dims=\"1\" loading=\"lazy\" decoding=\"async\" width=\"784\" height=\"403\" src=\"https:\/\/i0.wp.com\/blogdoeloiltoncajuhy.com.br\/site\/wp-content\/uploads\/2024\/02\/Bolsonaro_Reproducao.png?resize=784%2C403\" alt=\"\" class=\"wp-image-79248\" style=\"width:718px;height:auto\" srcset=\"https:\/\/i0.wp.com\/blogdoeloiltoncajuhy.com.br\/site\/wp-content\/uploads\/2024\/02\/Bolsonaro_Reproducao.png?w=784&amp;ssl=1 784w, https:\/\/i0.wp.com\/blogdoeloiltoncajuhy.com.br\/site\/wp-content\/uploads\/2024\/02\/Bolsonaro_Reproducao.png?resize=300%2C154&amp;ssl=1 300w, https:\/\/i0.wp.com\/blogdoeloiltoncajuhy.com.br\/site\/wp-content\/uploads\/2024\/02\/Bolsonaro_Reproducao.png?resize=768%2C395&amp;ssl=1 768w\" sizes=\"(max-width: 784px) 100vw, 784px\" \/><\/a><figcaption class=\"wp-element-caption\"><sub>Bolsonaro em reuni\u00e3o com ministros &#8211; Reprodu\u00e7\u00e3o<\/sub><\/figcaption><\/figure>\n\n\n\n<p>Embora tenha ficado calado no depoimento, Bolsonaro aproveitou um ato que organizou na avenida Paulista, no dia 25 de fevereiro, para se defender das acusa\u00e7\u00f5es de que tramou um golpe.<\/p>\n\n\n\n<p>Mas, na avalia\u00e7\u00e3o de investigadores, ele acabou produzindo prova contra si mesmo. Isso porque, para a PF, ele admitiu ter conhecimento sobre a exist\u00eancia de uma minuta golpista.<\/p>\n\n\n\n<p>&#8220;Agora o golpe \u00e9 porque tem uma minuta do decreto de estado de defesa. Golpe usando a Constitui\u00e7\u00e3o? Tenha paci\u00eancia&#8221;, afirmou Bolsonaro durante o protesto.<\/p>\n\n\n\n<p>A PF pretende inserir a fala no contexto da investiga\u00e7\u00e3o. A defesa de Bolsonaro, por sua vez, afirma que ele tomou conhecimento da minuta apenas em 2023, por meio de investiga\u00e7\u00f5es da pol\u00edcia.<\/p>\n\n\n\n<p>Dos militares intimados a depor, o general Braga Netto, que foi candidato a vice-presidente em 2022, decidiu ficar calado. Sua defesa disse que solicitou o &#8220;acesso absoluto e integral a toda investiga\u00e7\u00e3o para que possa prestar os devidos esclarecimentos&#8221;.<\/p>\n\n\n\n<p>Os generais Augusto Heleno, Mario Fernandes e Paulo S\u00e9rgio Nogueira, o ex-comandante da Marinha Almir Garnier Santos e outros militares alvos da investiga\u00e7\u00e3o tamb\u00e9m ficaram em sil\u00eancio.<\/p>\n\n\n\n<p>J\u00e1 o presidente do PL, Valdemar Costa Neto, disse que ele &#8220;respondeu todas as perguntas que lhe foram feitas&#8221;. A mesma coisa fez o ex-ministro da Justi\u00e7a e ex-secret\u00e1rio de Seguran\u00e7a P\u00fablica do DF, Anderson Torres, que &#8220;respondeu serenamente a todas as perguntas que lhe foram formuladas&#8221;, segundo sua defesa.<\/p>\n\n\n\n<figure class=\"wp-block-image aligncenter size-full\"><a href=\"https:\/\/i0.wp.com\/blogdoeloiltoncajuhy.com.br\/site\/wp-content\/uploads\/2024\/03\/Bolsonaro-av.-Paulista-250224_Bruno-Santos-Folhapress.jpg?ssl=1\"><img data-recalc-dims=\"1\" loading=\"lazy\" decoding=\"async\" width=\"680\" height=\"446\" src=\"https:\/\/i0.wp.com\/blogdoeloiltoncajuhy.com.br\/site\/wp-content\/uploads\/2024\/03\/Bolsonaro-av.-Paulista-250224_Bruno-Santos-Folhapress.jpg?resize=680%2C446&#038;ssl=1\" alt=\"\" class=\"wp-image-79538\" srcset=\"https:\/\/i0.wp.com\/blogdoeloiltoncajuhy.com.br\/site\/wp-content\/uploads\/2024\/03\/Bolsonaro-av.-Paulista-250224_Bruno-Santos-Folhapress.jpg?w=680&amp;ssl=1 680w, https:\/\/i0.wp.com\/blogdoeloiltoncajuhy.com.br\/site\/wp-content\/uploads\/2024\/03\/Bolsonaro-av.-Paulista-250224_Bruno-Santos-Folhapress.jpg?resize=300%2C197&amp;ssl=1 300w\" sizes=\"(max-width: 680px) 100vw, 680px\" \/><\/a><figcaption class=\"wp-element-caption\"><sub>Bolsonaro discursa na Av. Paulista no ato do dia 25 de fevereiro &#8211; Foto: Bruno Santos\/Folhapress<\/sub><\/figcaption><\/figure>\n","protected":false},"excerpt":{"rendered":"<p>General Freire Gomes respondeu a cerca de 250 perguntas durante depoimento de 7 horas \u00e0 PF. Folha de S.Paulo Ex-comandante do Ex\u00e9rcito, o general Marco Ant\u00f4nio Freire Gomes, disse \u00e0 Pol\u00edcia Federal que foi convocado pelo ex-presidente Jair Bolsonaro (PL) para reuni\u00e3o em que se discutiram propostas golpistas, incluindo uma minuta com medida para reverter [&hellip;]<\/p>\n","protected":false},"author":2,"featured_media":79535,"comment_status":"open","ping_status":"open","sticky":false,"template":"","format":"standard","meta":{"_acf_changed":false,"_monsterinsights_skip_tracking":false,"_monsterinsights_sitenote_active":false,"_monsterinsights_sitenote_note":"","_monsterinsights_sitenote_category":0,"_jetpack_memberships_contains_paid_content":false,"footnotes":"","jetpack_publicize_message":"","jetpack_publicize_feature_enabled":true,"jetpack_social_post_already_shared":true,"jetpack_social_options":{"image_generator_settings":{"template":"highway","default_image_id":0,"font":"","enabled":false},"version":2}},"categories":[3],"tags":[],"class_list":["post-79534","post","type-post","status-publish","format-standard","has-post-thumbnail","hentry","category-politica"],"acf":[],"jetpack_publicize_connections":[],"jetpack_featured_media_url":"https:\/\/i0.wp.com\/blogdoeloiltoncajuhy.com.br\/site\/wp-content\/uploads\/2024\/03\/General-Freire-Gomes-e-ex-presidente-Jair-Bolsonaro-Foto-Gabriela-Bilo-Folhapress.jpg?fit=680%2C454&ssl=1","jetpack_sharing_enabled":true,"publishpress_future_workflow_manual_trigger":{"enabledWorkflows":[]},"_links":{"self":[{"href":"https:\/\/blogdoeloiltoncajuhy.com.br\/site\/wp-json\/wp\/v2\/posts\/79534","targetHints":{"allow":["GET"]}}],"collection":[{"href":"https:\/\/blogdoeloiltoncajuhy.com.br\/site\/wp-json\/wp\/v2\/posts"}],"about":[{"href":"https:\/\/blogdoeloiltoncajuhy.com.br\/site\/wp-json\/wp\/v2\/types\/post"}],"author":[{"embeddable":true,"href":"https:\/\/blogdoeloiltoncajuhy.com.br\/site\/wp-json\/wp\/v2\/users\/2"}],"replies":[{"embeddable":true,"href":"https:\/\/blogdoeloiltoncajuhy.com.br\/site\/wp-json\/wp\/v2\/comments?post=79534"}],"version-history":[{"count":2,"href":"https:\/\/blogdoeloiltoncajuhy.com.br\/site\/wp-json\/wp\/v2\/posts\/79534\/revisions"}],"predecessor-version":[{"id":79540,"href":"https:\/\/blogdoeloiltoncajuhy.com.br\/site\/wp-json\/wp\/v2\/posts\/79534\/revisions\/79540"}],"wp:featuredmedia":[{"embeddable":true,"href":"https:\/\/blogdoeloiltoncajuhy.com.br\/site\/wp-json\/wp\/v2\/media\/79535"}],"wp:attachment":[{"href":"https:\/\/blogdoeloiltoncajuhy.com.br\/site\/wp-json\/wp\/v2\/media?parent=79534"}],"wp:term":[{"taxonomy":"category","embeddable":true,"href":"https:\/\/blogdoeloiltoncajuhy.com.br\/site\/wp-json\/wp\/v2\/categories?post=79534"},{"taxonomy":"post_tag","embeddable":true,"href":"https:\/\/blogdoeloiltoncajuhy.com.br\/site\/wp-json\/wp\/v2\/tags?post=79534"}],"curies":[{"name":"wp","href":"https:\/\/api.w.org\/{rel}","templated":true}]}}