{"id":79498,"date":"2024-03-01T10:19:26","date_gmt":"2024-03-01T13:19:26","guid":{"rendered":"https:\/\/blogdoeloiltoncajuhy.com.br\/site\/?p=79498"},"modified":"2024-03-01T10:19:28","modified_gmt":"2024-03-01T13:19:28","slug":"martinho-da-vila-entra-na-justica-contra-o-inss-apos-ter-sua-aposentadoria-suspensa","status":"publish","type":"post","link":"https:\/\/blogdoeloiltoncajuhy.com.br\/site\/martinho-da-vila-entra-na-justica-contra-o-inss-apos-ter-sua-aposentadoria-suspensa\/","title":{"rendered":"Martinho da Vila entra na Justi\u00e7a contra o INSS ap\u00f3s ter sua aposentadoria suspensa"},"content":{"rendered":"\n<p class=\"has-medium-font-size\"><strong>Aus\u00eancia da prova de vida do cantor teria sido a motivo de suspens\u00e3o.<\/strong><\/p>\n\n\n\n<p><strong>Por g1 Rio<\/strong><\/p>\n\n\n\n<figure class=\"wp-block-image aligncenter size-full is-resized\"><a href=\"https:\/\/i0.wp.com\/blogdoeloiltoncajuhy.com.br\/site\/wp-content\/uploads\/2024\/03\/Martinho-da-Vila-%E2%80%94-Foto-Reproducao-Instagram.png?ssl=1\"><img data-recalc-dims=\"1\" fetchpriority=\"high\" decoding=\"async\" width=\"800\" height=\"751\" src=\"https:\/\/i0.wp.com\/blogdoeloiltoncajuhy.com.br\/site\/wp-content\/uploads\/2024\/03\/Martinho-da-Vila-%E2%80%94-Foto-Reproducao-Instagram.png?resize=800%2C751&#038;ssl=1\" alt=\"\" class=\"wp-image-79499\" style=\"width:632px;height:auto\" srcset=\"https:\/\/i0.wp.com\/blogdoeloiltoncajuhy.com.br\/site\/wp-content\/uploads\/2024\/03\/Martinho-da-Vila-%E2%80%94-Foto-Reproducao-Instagram.png?w=819&amp;ssl=1 819w, https:\/\/i0.wp.com\/blogdoeloiltoncajuhy.com.br\/site\/wp-content\/uploads\/2024\/03\/Martinho-da-Vila-%E2%80%94-Foto-Reproducao-Instagram.png?resize=300%2C282&amp;ssl=1 300w, https:\/\/i0.wp.com\/blogdoeloiltoncajuhy.com.br\/site\/wp-content\/uploads\/2024\/03\/Martinho-da-Vila-%E2%80%94-Foto-Reproducao-Instagram.png?resize=768%2C721&amp;ssl=1 768w\" sizes=\"(max-width: 800px) 100vw, 800px\" \/><\/a><figcaption class=\"wp-element-caption\"><sub>Martinho da Vila \u2014 Foto: Reprodu\u00e7\u00e3o\/Instagram<\/sub><\/figcaption><\/figure>\n\n\n\n<p>O sambista Martinho da Vila entrou com um processo contra o Instituto Nacional do Seguro Social (INSS) por ter sua aposentadoria suspensa ap\u00f3s aus\u00eancia de prova de vida. O processo pede a devolu\u00e7\u00e3o de cerca de R$80 mil.<\/p>\n\n\n\n<p>O caso foi noticiado pela coluna de <strong>Ancelmo Gois no jornal O Globo<\/strong>. A interrup\u00e7\u00e3o dos pagamentos foi confirmada ao g1 pelo pr\u00f3prio \u00f3rg\u00e3o, que disse que j\u00e1 reativou o benef\u00edcio.<\/p>\n\n\n\n<p>O cantor entrou com o processo na Justi\u00e7a Federal em setembro de 2023 para reaver sua pens\u00e3o, que havia deixado de ser paga desde 2021, segundo o colunista.<\/p>\n\n\n\n<p>Em nota, o INSS informa que o benef\u00edcio do artista foi reativado e o pagamento de dezembro de 2023 e janeiro deste ano foram pagos, com previs\u00e3o do pagamento do m\u00eas de fevereiro para mar\u00e7o. Os demais per\u00edodos ser\u00e3o disponibilizados em at\u00e9 15 dias na institui\u00e7\u00e3o banc\u00e1ria.<\/p>\n\n\n\n<p>Sobre os demais per\u00edodos, o INSS afirma est\u00e1 calculando os valores para o pagamento dos atrasados, que ser\u00e3o disponibilizados em at\u00e9 15 dias na institui\u00e7\u00e3o banc\u00e1ria.<\/p>\n\n\n\n<p>O INSS disse ainda que &#8220;\u00e9 importante que o senhor Martinho logo saque com urg\u00eancia as parcelas j\u00e1 dispon\u00edveis para que o sistema n\u00e3o suspenda o pagamento por n\u00e3o recebimento por parte do segurado&#8221;.<\/p>\n\n\n\n<p>&#8220;O senhor Martinho pode acompanhar a situa\u00e7\u00e3o do cr\u00e9dito em &#8220;Extrato de Pagamento&#8221; pelo Meu INSS ou ligar para a Central Telef\u00f4nica 135, que funciona de segunda a s\u00e1bado, das 7h \u00e0s 22h. O INSS lamenta o ocorrido e reitera que trabalha constantemente para melhorar a presta\u00e7\u00e3o de servi\u00e7o \u00e0 popula\u00e7\u00e3o brasileira&#8221;, acrescentou o instituto.<\/p>\n\n\n\n<p>Procurado pelo g1, a assessoria do artista informou que Martinho j\u00e1 tem advogados resolvendo o caso e que n\u00e3o vai falar sobre esse assunto.<\/p>\n","protected":false},"excerpt":{"rendered":"<p>Aus\u00eancia da prova de vida do cantor teria sido a motivo de suspens\u00e3o. Por g1 Rio O sambista Martinho da Vila entrou com um processo contra o Instituto Nacional do Seguro Social (INSS) por ter sua aposentadoria suspensa ap\u00f3s aus\u00eancia de prova de vida. O processo pede a devolu\u00e7\u00e3o de cerca de R$80 mil. O [&hellip;]<\/p>\n","protected":false},"author":2,"featured_media":79499,"comment_status":"open","ping_status":"open","sticky":false,"template":"","format":"standard","meta":{"_acf_changed":false,"_monsterinsights_skip_tracking":false,"_monsterinsights_sitenote_active":false,"_monsterinsights_sitenote_note":"","_monsterinsights_sitenote_category":0,"_jetpack_memberships_contains_paid_content":false,"footnotes":"","jetpack_publicize_message":"","jetpack_publicize_feature_enabled":true,"jetpack_social_post_already_shared":true,"jetpack_social_options":{"image_generator_settings":{"template":"highway","default_image_id":0,"font":"","enabled":false},"version":2}},"categories":[8],"tags":[],"class_list":["post-79498","post","type-post","status-publish","format-standard","has-post-thumbnail","hentry","category-cultura"],"acf":[],"jetpack_publicize_connections":[],"jetpack_featured_media_url":"https:\/\/i0.wp.com\/blogdoeloiltoncajuhy.com.br\/site\/wp-content\/uploads\/2024\/03\/Martinho-da-Vila-%E2%80%94-Foto-Reproducao-Instagram.png?fit=819%2C769&ssl=1","jetpack_sharing_enabled":true,"publishpress_future_workflow_manual_trigger":{"enabledWorkflows":[]},"_links":{"self":[{"href":"https:\/\/blogdoeloiltoncajuhy.com.br\/site\/wp-json\/wp\/v2\/posts\/79498","targetHints":{"allow":["GET"]}}],"collection":[{"href":"https:\/\/blogdoeloiltoncajuhy.com.br\/site\/wp-json\/wp\/v2\/posts"}],"about":[{"href":"https:\/\/blogdoeloiltoncajuhy.com.br\/site\/wp-json\/wp\/v2\/types\/post"}],"author":[{"embeddable":true,"href":"https:\/\/blogdoeloiltoncajuhy.com.br\/site\/wp-json\/wp\/v2\/users\/2"}],"replies":[{"embeddable":true,"href":"https:\/\/blogdoeloiltoncajuhy.com.br\/site\/wp-json\/wp\/v2\/comments?post=79498"}],"version-history":[{"count":1,"href":"https:\/\/blogdoeloiltoncajuhy.com.br\/site\/wp-json\/wp\/v2\/posts\/79498\/revisions"}],"predecessor-version":[{"id":79500,"href":"https:\/\/blogdoeloiltoncajuhy.com.br\/site\/wp-json\/wp\/v2\/posts\/79498\/revisions\/79500"}],"wp:featuredmedia":[{"embeddable":true,"href":"https:\/\/blogdoeloiltoncajuhy.com.br\/site\/wp-json\/wp\/v2\/media\/79499"}],"wp:attachment":[{"href":"https:\/\/blogdoeloiltoncajuhy.com.br\/site\/wp-json\/wp\/v2\/media?parent=79498"}],"wp:term":[{"taxonomy":"category","embeddable":true,"href":"https:\/\/blogdoeloiltoncajuhy.com.br\/site\/wp-json\/wp\/v2\/categories?post=79498"},{"taxonomy":"post_tag","embeddable":true,"href":"https:\/\/blogdoeloiltoncajuhy.com.br\/site\/wp-json\/wp\/v2\/tags?post=79498"}],"curies":[{"name":"wp","href":"https:\/\/api.w.org\/{rel}","templated":true}]}}