{"id":79495,"date":"2024-03-01T10:14:31","date_gmt":"2024-03-01T13:14:31","guid":{"rendered":"https:\/\/blogdoeloiltoncajuhy.com.br\/site\/?p=79495"},"modified":"2024-03-01T10:14:34","modified_gmt":"2024-03-01T13:14:34","slug":"oitava-morte-por-dengue-e-confirmada-na-bahia-vitima-era-farmaceutica-e-estava-gravida-de-quatro-meses","status":"publish","type":"post","link":"https:\/\/blogdoeloiltoncajuhy.com.br\/site\/oitava-morte-por-dengue-e-confirmada-na-bahia-vitima-era-farmaceutica-e-estava-gravida-de-quatro-meses\/","title":{"rendered":"Oitava morte por dengue \u00e9 confirmada na Bahia; v\u00edtima era farmac\u00eautica e estava gr\u00e1vida de quatro meses"},"content":{"rendered":"\n<p class=\"has-medium-font-size\"><strong>Paciente era moradora de Barra do Cho\u00e7a, no sudoeste do estado. Regi\u00e3o \u00e9 a que mais concentra mortes por dengue.<\/strong><\/p>\n\n\n\n<p><strong>Por g1 BA e TV Sudoeste<\/strong><\/p>\n\n\n\n<figure class=\"wp-block-image aligncenter size-full is-resized\"><a href=\"https:\/\/i0.wp.com\/blogdoeloiltoncajuhy.com.br\/site\/wp-content\/uploads\/2024\/03\/Oitava-morte-por-dengue-na-Bahia.png?ssl=1\"><img data-recalc-dims=\"1\" fetchpriority=\"high\" decoding=\"async\" width=\"751\" height=\"469\" src=\"https:\/\/i0.wp.com\/blogdoeloiltoncajuhy.com.br\/site\/wp-content\/uploads\/2024\/03\/Oitava-morte-por-dengue-na-Bahia.png?resize=751%2C469&#038;ssl=1\" alt=\"\" class=\"wp-image-79496\" style=\"width:671px;height:auto\" srcset=\"https:\/\/i0.wp.com\/blogdoeloiltoncajuhy.com.br\/site\/wp-content\/uploads\/2024\/03\/Oitava-morte-por-dengue-na-Bahia.png?w=751&amp;ssl=1 751w, https:\/\/i0.wp.com\/blogdoeloiltoncajuhy.com.br\/site\/wp-content\/uploads\/2024\/03\/Oitava-morte-por-dengue-na-Bahia.png?resize=300%2C187&amp;ssl=1 300w\" sizes=\"(max-width: 751px) 100vw, 751px\" \/><\/a><figcaption class=\"wp-element-caption\"><sub>Oitava v\u00edtima da dengue na Bahia era farmac\u00eautica e estava gr\u00e1vida \u2014 Foto: Redes sociais<\/sub><\/figcaption><\/figure>\n\n\n\n<p>A oitava morte por dengue foi confirmada pela Secretaria de Sa\u00fade do Estado (Sesab) nesta sexta-feira (1\u00ba). A v\u00edtima era uma farmac\u00eautica de 29 anos e estava gr\u00e1vida de quatro meses.<\/p>\n\n\n\n<p>Gabriela Gomes Santo era moradora de Barra do Cho\u00e7a, no sudoeste da Bahia. A regi\u00e3o \u00e9 a que mais concentra mortes pela doen\u00e7a.<\/p>\n\n\n\n<p>Segundo a Secretaria de Sa\u00fade de Barra do Cho\u00e7a, a paciente deu entrada no Hospital Municipal Jos\u00e9 Maria de Magalh\u00e3es Neto, em estado grave. Ela recebeu o diagn\u00f3stico de dengue grave.<\/p>\n\n\n\n<p>Ainda segundo a secretaria municipal, Gabriela tinha anemia falciforme, o que agravou ainda mais o quadro. A morte dela foi registrada dia 20 de fevereiro, mas a confirma\u00e7\u00e3o foi feita nesta sexta-feira.<\/p>\n\n\n\n<p>Al\u00e9m de trabalhar como farmac\u00eautica, Gabriela fazia mestrado em Bioci\u00eancias na Universidade Federal da Bahia (Ufba).<\/p>\n\n\n\n<h2 class=\"wp-block-heading\">Outras mortes<\/h2>\n\n\n\n<figure class=\"wp-block-image aligncenter size-full is-resized\"><a href=\"https:\/\/i0.wp.com\/blogdoeloiltoncajuhy.com.br\/site\/wp-content\/uploads\/2015\/12\/mosquito-da-dengue.jpg\"><img data-recalc-dims=\"1\" decoding=\"async\" width=\"609\" height=\"340\" src=\"https:\/\/i0.wp.com\/blogdoeloiltoncajuhy.com.br\/site\/wp-content\/uploads\/2015\/12\/mosquito-da-dengue.jpg?resize=609%2C340\" alt=\"\" class=\"wp-image-6675\" style=\"width:702px;height:auto\" srcset=\"https:\/\/i0.wp.com\/blogdoeloiltoncajuhy.com.br\/site\/wp-content\/uploads\/2015\/12\/mosquito-da-dengue.jpg?w=609&amp;ssl=1 609w, https:\/\/i0.wp.com\/blogdoeloiltoncajuhy.com.br\/site\/wp-content\/uploads\/2015\/12\/mosquito-da-dengue.jpg?resize=300%2C167&amp;ssl=1 300w, https:\/\/i0.wp.com\/blogdoeloiltoncajuhy.com.br\/site\/wp-content\/uploads\/2015\/12\/mosquito-da-dengue.jpg?resize=250%2C140&amp;ssl=1 250w\" sizes=\"(max-width: 609px) 100vw, 609px\" \/><\/a><figcaption class=\"wp-element-caption\"><sub>Reprodu\u00e7\u00e3o<\/sub><\/figcaption><\/figure>\n\n\n\n<p>Gabriela foi a oitava v\u00edtima da dengue no estado em 2024. Dos oito \u00f3bitos confirmados, cinco s\u00e3o da regi\u00e3o sudoeste. <strong><mark style=\"background-color:rgba(0, 0, 0, 0)\" class=\"has-inline-color has-black-color\">Relembre as outras sete v\u00edtimas:<\/mark><\/strong><\/p>\n\n\n\n<ul class=\"wp-block-list\">\n<li>Crian\u00e7a de 5 anos, moradora de Jacaraci, no sudoeste da Bahia;<\/li>\n\n\n\n<li>Adolescente de 17 anos, moradora de Feira de Santana, a 100 km de Salvador;<\/li>\n\n\n\n<li>Idoso de 87 anos, morador de Ibiassuc\u00ea, no sudoeste da Bahia;<\/li>\n\n\n\n<li>Um paciente sem idade confirmada em Jacaraci, no sudoeste da Bahia;<\/li>\n\n\n\n<li>Um paciente sem idade confirmada em Vit\u00f3ria da Conquista, no sudoeste da Bahia;<\/li>\n\n\n\n<li>Um paciente sem idade confirmada em Pirip\u00e1, no sudoeste da Bahia;<\/li>\n\n\n\n<li>Um paciente sem idade confirmada em Irec\u00ea, no norte da Bahia.<\/li>\n<\/ul>\n\n\n\n<p><\/p>\n\n\n\n<h2 class=\"wp-block-heading\">N\u00famero de casos<\/h2>\n\n\n\n<p>De acordo com o \u00faltimo boletim divulgado pela Sesab na quinta-feira (28), s\u00e3o 16.771 casos prov\u00e1veis de dengue no estado .<\/p>\n\n\n\n<p>O n\u00famero contempla o per\u00edodo de 1\u00ba de janeiro at\u00e9 24 de fevereiro de 2024 e \u00e9 quase o dobro em compara\u00e7\u00e3o ao mesmo per\u00edodo do ano anterior.<\/p>\n\n\n\n<p>Atualmente, 64 cidades est\u00e3o em estado de epidemia. <strong><mark style=\"background-color:rgba(0, 0, 0, 0)\" class=\"has-inline-color has-black-color\">S\u00e3o elas:<\/mark><\/strong><\/p>\n\n\n\n<ul class=\"wp-block-list\">\n<li>Adustina<\/li>\n\n\n\n<li>Am\u00e9rica Dourada<\/li>\n\n\n\n<li>Anag\u00e9<\/li>\n\n\n\n<li>Araci<\/li>\n\n\n\n<li>Barra do Cho\u00e7a<\/li>\n\n\n\n<li>Barra do Mendes<\/li>\n\n\n\n<li>Barro Alto<\/li>\n\n\n\n<li>Belo Campo<\/li>\n\n\n\n<li>Bom Jesus da Lapa<\/li>\n\n\n\n<li>Bonito<\/li>\n\n\n\n<li>Brej\u00f5es<\/li>\n\n\n\n<li>Brumado<\/li>\n\n\n\n<li>Caetit\u00e9<\/li>\n\n\n\n<li>Cafarnaum<\/li>\n\n\n\n<li>Campo Formoso<\/li>\n\n\n\n<li>Canarana<\/li>\n\n\n\n<li>Carinhanha<\/li>\n\n\n\n<li>Concei\u00e7\u00e3o do Almeida<\/li>\n\n\n\n<li>Conde\u00faba<\/li>\n\n\n\n<li>Coribe<\/li>\n\n\n\n<li>Encruzilhada<\/li>\n\n\n\n<li>Feira de Santana<\/li>\n\n\n\n<li>Formosa do Rio Preto<\/li>\n\n\n\n<li>Ibiassuc\u00ea<\/li>\n\n\n\n<li>Ibicara\u00ed<\/li>\n\n\n\n<li>Ibicoara<\/li>\n\n\n\n<li>Ibipitanga<\/li>\n\n\n\n<li>Ibitiara<\/li>\n\n\n\n<li>Igapor\u00e3<\/li>\n\n\n\n<li>Iramaia<\/li>\n\n\n\n<li>Iraquara<\/li>\n\n\n\n<li>Irec\u00ea<\/li>\n\n\n\n<li>Itamb\u00e9<\/li>\n\n\n\n<li>Itapetinga<\/li>\n\n\n\n<li>Jacaraci<\/li>\n\n\n\n<li>Lajed\u00e3o<\/li>\n\n\n\n<li>Lic\u00ednio de Almeida<\/li>\n\n\n\n<li>Maca\u00fabas<\/li>\n\n\n\n<li>Maetinga<\/li>\n\n\n\n<li>Manoel Vitorino<\/li>\n\n\n\n<li>Marac\u00e1s<\/li>\n\n\n\n<li>Matina<\/li>\n\n\n\n<li>Miguel Calmon<\/li>\n\n\n\n<li>Morro do Chap\u00e9u<\/li>\n\n\n\n<li>Mortugaba<\/li>\n\n\n\n<li>Mucug\u00ea<\/li>\n\n\n\n<li>Mulungu do Morro<\/li>\n\n\n\n<li>Novo Horizonte<\/li>\n\n\n\n<li>Palmas de Monte Alto<\/li>\n\n\n\n<li>Piat\u00e3<\/li>\n\n\n\n<li>Pinda\u00ed<\/li>\n\n\n\n<li>Pirip\u00e1<\/li>\n\n\n\n<li>Piritiba<\/li>\n\n\n\n<li>Planalto<\/li>\n\n\n\n<li>Quixabeira<\/li>\n\n\n\n<li>Rodelas<\/li>\n\n\n\n<li>Santa Maria da Vit\u00f3ria<\/li>\n\n\n\n<li>Santa Rita de C\u00e1ssia<\/li>\n\n\n\n<li>Serrinha<\/li>\n\n\n\n<li>Serrol\u00e2ndia<\/li>\n\n\n\n<li>Tanque Novo<\/li>\n\n\n\n<li>Tapiramut\u00e1<\/li>\n\n\n\n<li>Uru\u00e7uca<\/li>\n\n\n\n<li>Vit\u00f3ria da Conquista<\/li>\n<\/ul>\n","protected":false},"excerpt":{"rendered":"<p>Paciente era moradora de Barra do Cho\u00e7a, no sudoeste do estado. Regi\u00e3o \u00e9 a que mais concentra mortes por dengue. Por g1 BA e TV Sudoeste A oitava morte por dengue foi confirmada pela Secretaria de Sa\u00fade do Estado (Sesab) nesta sexta-feira (1\u00ba). A v\u00edtima era uma farmac\u00eautica de 29 anos e estava gr\u00e1vida de [&hellip;]<\/p>\n","protected":false},"author":2,"featured_media":79496,"comment_status":"open","ping_status":"open","sticky":false,"template":"","format":"standard","meta":{"_acf_changed":false,"_monsterinsights_skip_tracking":false,"_monsterinsights_sitenote_active":false,"_monsterinsights_sitenote_note":"","_monsterinsights_sitenote_category":0,"_jetpack_memberships_contains_paid_content":false,"footnotes":"","jetpack_publicize_message":"","jetpack_publicize_feature_enabled":true,"jetpack_social_post_already_shared":true,"jetpack_social_options":{"image_generator_settings":{"template":"highway","default_image_id":0,"font":"","enabled":false},"version":2}},"categories":[7],"tags":[],"class_list":["post-79495","post","type-post","status-publish","format-standard","has-post-thumbnail","hentry","category-saude"],"acf":[],"jetpack_publicize_connections":[],"jetpack_featured_media_url":"https:\/\/i0.wp.com\/blogdoeloiltoncajuhy.com.br\/site\/wp-content\/uploads\/2024\/03\/Oitava-morte-por-dengue-na-Bahia.png?fit=751%2C469&ssl=1","jetpack_sharing_enabled":true,"publishpress_future_workflow_manual_trigger":{"enabledWorkflows":[]},"_links":{"self":[{"href":"https:\/\/blogdoeloiltoncajuhy.com.br\/site\/wp-json\/wp\/v2\/posts\/79495","targetHints":{"allow":["GET"]}}],"collection":[{"href":"https:\/\/blogdoeloiltoncajuhy.com.br\/site\/wp-json\/wp\/v2\/posts"}],"about":[{"href":"https:\/\/blogdoeloiltoncajuhy.com.br\/site\/wp-json\/wp\/v2\/types\/post"}],"author":[{"embeddable":true,"href":"https:\/\/blogdoeloiltoncajuhy.com.br\/site\/wp-json\/wp\/v2\/users\/2"}],"replies":[{"embeddable":true,"href":"https:\/\/blogdoeloiltoncajuhy.com.br\/site\/wp-json\/wp\/v2\/comments?post=79495"}],"version-history":[{"count":1,"href":"https:\/\/blogdoeloiltoncajuhy.com.br\/site\/wp-json\/wp\/v2\/posts\/79495\/revisions"}],"predecessor-version":[{"id":79497,"href":"https:\/\/blogdoeloiltoncajuhy.com.br\/site\/wp-json\/wp\/v2\/posts\/79495\/revisions\/79497"}],"wp:featuredmedia":[{"embeddable":true,"href":"https:\/\/blogdoeloiltoncajuhy.com.br\/site\/wp-json\/wp\/v2\/media\/79496"}],"wp:attachment":[{"href":"https:\/\/blogdoeloiltoncajuhy.com.br\/site\/wp-json\/wp\/v2\/media?parent=79495"}],"wp:term":[{"taxonomy":"category","embeddable":true,"href":"https:\/\/blogdoeloiltoncajuhy.com.br\/site\/wp-json\/wp\/v2\/categories?post=79495"},{"taxonomy":"post_tag","embeddable":true,"href":"https:\/\/blogdoeloiltoncajuhy.com.br\/site\/wp-json\/wp\/v2\/tags?post=79495"}],"curies":[{"name":"wp","href":"https:\/\/api.w.org\/{rel}","templated":true}]}}