{"id":79467,"date":"2024-02-28T14:17:13","date_gmt":"2024-02-28T17:17:13","guid":{"rendered":"https:\/\/blogdoeloiltoncajuhy.com.br\/site\/?p=79467"},"modified":"2024-02-28T14:17:15","modified_gmt":"2024-02-28T17:17:15","slug":"senhor-do-bonfim-recebe-5a-conferencia-estadual-de-ciencia-tecnologia-e-inovacao-nesta-quinta-29","status":"publish","type":"post","link":"https:\/\/blogdoeloiltoncajuhy.com.br\/site\/senhor-do-bonfim-recebe-5a-conferencia-estadual-de-ciencia-tecnologia-e-inovacao-nesta-quinta-29\/","title":{"rendered":"Senhor do Bonfim recebe 5\u00aa Confer\u00eancia Estadual de Ci\u00eancia, Tecnologia e Inova\u00e7\u00e3o nesta quinta (29)"},"content":{"rendered":"\n<p class=\"has-medium-font-size\"><strong>A\u00e7\u00e3o pretende reunir representantes de institui\u00e7\u00f5es cient\u00edficas, empresas, sociedade civil organizada e setor p\u00fablico.<\/strong><\/p>\n\n\n\n<p><strong>Secom\/BA<\/strong><\/p>\n\n\n\n<figure class=\"wp-block-image aligncenter size-full\"><a href=\"https:\/\/i0.wp.com\/blogdoeloiltoncajuhy.com.br\/site\/wp-content\/uploads\/2024\/02\/GOVBA_Conferencia-CTI.jpeg?ssl=1\"><img data-recalc-dims=\"1\" fetchpriority=\"high\" decoding=\"async\" width=\"680\" height=\"383\" src=\"https:\/\/i0.wp.com\/blogdoeloiltoncajuhy.com.br\/site\/wp-content\/uploads\/2024\/02\/GOVBA_Conferencia-CTI.jpeg?resize=680%2C383&#038;ssl=1\" alt=\"\" class=\"wp-image-79468\" srcset=\"https:\/\/i0.wp.com\/blogdoeloiltoncajuhy.com.br\/site\/wp-content\/uploads\/2024\/02\/GOVBA_Conferencia-CTI.jpeg?w=680&amp;ssl=1 680w, https:\/\/i0.wp.com\/blogdoeloiltoncajuhy.com.br\/site\/wp-content\/uploads\/2024\/02\/GOVBA_Conferencia-CTI.jpeg?resize=300%2C169&amp;ssl=1 300w\" sizes=\"(max-width: 680px) 100vw, 680px\" \/><\/a><figcaption class=\"wp-element-caption\"><sub>Divulga\u00e7\u00e3o<\/sub><\/figcaption><\/figure>\n\n\n\n<p>Mapear e compreender as necessidades cient\u00edficas, tecnol\u00f3gicas e inovadoras de cada munic\u00edpio, visando o desenvolvimento de pol\u00edticas p\u00fablicas de Ci\u00eancia, Tecnologia e Inova\u00e7\u00e3o (CT&amp;I) mais assertivas. \u00c9 com esse prop\u00f3sito em foco que o Governo do Estado, atrav\u00e9s da Secretaria de Ci\u00eancia, Tecnologia e Inova\u00e7\u00e3o (Secti), realizar\u00e1 a 5\u00aa Confer\u00eancia Estadual de Ci\u00eancia, Tecnologia e Inova\u00e7\u00e3o (CECTI). A primeira etapa incluir\u00e1 11 Confer\u00eancias Macroterritoriais que ser\u00e3o realizadas de 27 de fevereiro a 16 de mar\u00e7o, agrupando os 27 territ\u00f3rios de identidade. Nesta quinta-feira (29), a partir das 8h, Senhor do Bonfim ser\u00e1 palco de uma das plen\u00e1rias da CECTI, na Universidade do Estado da Bahia (Uneb).<\/p>\n\n\n\n<p>O objetivo da a\u00e7\u00e3o, que \u00e9 parte integrante da 5\u00aa Confer\u00eancia Nacional de Ci\u00eancia, Tecnologia e Inova\u00e7\u00e3o, que ocorrer\u00e1 entre os dias 04 e 06 de junho, \u00e9 orientar a elabora\u00e7\u00e3o da Estrat\u00e9gia Nacional de Ci\u00eancia, Tecnologia e Inova\u00e7\u00e3o (ENCTI) para 2024-2035 e formular uma Nova Pol\u00edtica Estadual de CT&amp;I. Os quatro eixos tem\u00e1ticos abordar\u00e3o a recupera\u00e7\u00e3o, expans\u00e3o e consolida\u00e7\u00e3o do Sistema Nacional de CT&amp;I, a reindustrializa\u00e7\u00e3o com enfoque na inova\u00e7\u00e3o empresarial, o papel da CT&amp;I em programas estrat\u00e9gicos nacionais e seu impacto no desenvolvimento social. Ap\u00f3s as plen\u00e1rias macroterritoriais, a etapa estadual ocorrer\u00e1 nos dias 04 e 05 de abril, seguida pela regional Nordeste, no mesmo m\u00eas.<\/p>\n\n\n\n<p>Para o secret\u00e1rio da Secti, Andr\u00e9 Joazeiro, a realiza\u00e7\u00e3o da confer\u00eancia ser\u00e1 um passo importante para que a Bahia avance ainda mais nas \u00e1reas de CT&amp;I. \u201cA confer\u00eancia dar\u00e1 o direcionamento para a elabora\u00e7\u00e3o da nossa pol\u00edtica de CT&amp;I e os caminhos para o desenvolvimento socioecon\u00f4mico do estado, garantindo os preceitos da sustentabilidade e da interioriza\u00e7\u00e3o da pol\u00edtica. Pretendemos atrair a juventude para este di\u00e1logo, com o objetivo de garantir a contribui\u00e7\u00e3o dos estudantes da periferia e do interior nas pautas de pesquisa e desenvolvimento\u201d, projeta.<\/p>\n\n\n\n<p>Edson Valadares, coordenador da CECTI e assessor de Planejamento e Gest\u00e3o da Secti, explica como participar do evento. \u201cA 5\u00aa Confer\u00eancia ser\u00e1 uma oportunidade para que todos os segmentos sociais possam contribuir para o desenvolvimento da nacional e estadual de forma direta. Qualquer cidad\u00e3o interessado em participar das discuss\u00f5es e apresentar propostas relacionadas aos quatro eixos tem\u00e1ticos deve preencher um formul\u00e1rio de credenciamento, dispon\u00edvel no site da Secti. Em seguida, \u00e9 necess\u00e1rio comparecer no dia e hor\u00e1rio programados para uma das 11 plen\u00e1rias macroterritoriais ou para as confer\u00eancias livres que ser\u00e3o realizadas entre os meses de fevereiro e mar\u00e7o&#8221;.<\/p>\n\n\n\n<p>A iniciativa faz parte do Programa Bahia Mais Inovadora, que disp\u00f5e de recurso de R$ 1 bilh\u00e3o para as \u00e1reas de ci\u00eancia, tecnologia e inova\u00e7\u00e3o em todas as regi\u00f5es do estado. As Confer\u00eancias Macroterritoriais, onde ser\u00e3o eleitos os delegados para a etapa estadual, s\u00e3o abertas ao p\u00fablico e visam atrair uma ampla gama de participantes, incluindo institui\u00e7\u00f5es cient\u00edficas, empresas, empreendedores, sociedade civil e representantes do setor p\u00fablico. Al\u00e9m disso, a iniciativa tamb\u00e9m vai contar com as Confer\u00eancias Livres. Previstas para mar\u00e7o e abril, em formato h\u00edbrido, as plen\u00e1rias abordar\u00e3o temas como &#8220;Ind\u00fastria de Jogos Digitais&#8221;, &#8220;Juventude, Tecnologia e Sustentabilidade&#8221;, &#8220;Povos e Comunidades Tradicionais e as CT&amp;I&#8221;, entre outras.<\/p>\n\n\n\n<p class=\"has-black-color has-text-color has-link-color wp-elements-6d02c0c904b51698e1bf94e73b9ca7a4\"><strong>DATAS, MUNIC\u00cdPIOS, LOCAIS E MACROTERRIT\u00d3RIOS DAS PLEN\u00c1RIAS<\/strong><\/p>\n\n\n\n<ul class=\"wp-block-list\">\n<li>27\/02 \u2013 Serrinha (Uneb) &#8211; Sisal, Semi \u00c1rido Nordeste II e Itaparica<\/li>\n\n\n\n<li>27\/02 \u2013 Eun\u00e1polis (Uneb) &#8211; Extremo Sul e Costa do Descobrimento<\/li>\n\n\n\n<li>27\/02 \u2013 Irec\u00ea (Uneb) &#8211; Irec\u00ea e Velho Chico<\/li>\n\n\n\n<li>27\/02 \u2013 Juazeiro (Uneb) &#8211; Sert\u00e3o do S\u00e3o Francisco<\/li>\n\n\n\n<li>29\/02 \u2013 Ilh\u00e9us (Uesc) &#8211; Litoral Sul, Baixo Sul, Vale do Jiquiric\u00e1 e M\u00e9dio Rio de Contas<\/li>\n\n\n\n<li>29\/02 \u2013 Seabra (Ifba) &#8211; Chapada Diamantina, Piemonte de Paragua\u00e7u e Bacia do Paramirim<\/li>\n\n\n\n<li>29\/02 \u2013 Senhor do Bonfim (Uneb) &#8211; Bacia do Jacu\u00edpe, Piemonte Diamantina e Piemonte Norte Itapicuru<\/li>\n\n\n\n<li>01\/03 \u2013 Vit\u00f3ria da Conquista (Uesb) &#8211; M\u00e9dio Sudoeste, Sudoeste Baiano e Sert\u00e3o Produtivo<\/li>\n\n\n\n<li>05\/03 \u2013 Barreiras (Uneb) &#8211; Bacia do Rio Grande e Bacia do Rio Corrente<\/li>\n\n\n\n<li>07\/03 \u2013 Feira de Santana (Uefs) &#8211; Rec\u00f4ncavo, Agreste, Litoral Norte e Portal do Sert\u00e3o<\/li>\n\n\n\n<li>16\/03 \u2013 Lauro de Freitas (CEEPTIC) &#8211; Territ\u00f3rio Metropolitano de Salvador<\/li>\n<\/ul>\n","protected":false},"excerpt":{"rendered":"<p>A\u00e7\u00e3o pretende reunir representantes de institui\u00e7\u00f5es cient\u00edficas, empresas, sociedade civil organizada e setor p\u00fablico. Secom\/BA Mapear e compreender as necessidades cient\u00edficas, tecnol\u00f3gicas e inovadoras de cada munic\u00edpio, visando o desenvolvimento de pol\u00edticas p\u00fablicas de Ci\u00eancia, Tecnologia e Inova\u00e7\u00e3o (CT&amp;I) mais assertivas. \u00c9 com esse prop\u00f3sito em foco que o Governo do Estado, atrav\u00e9s da Secretaria [&hellip;]<\/p>\n","protected":false},"author":2,"featured_media":79468,"comment_status":"open","ping_status":"open","sticky":false,"template":"","format":"standard","meta":{"_acf_changed":false,"_monsterinsights_skip_tracking":false,"_monsterinsights_sitenote_active":false,"_monsterinsights_sitenote_note":"","_monsterinsights_sitenote_category":0,"_jetpack_memberships_contains_paid_content":false,"footnotes":"","jetpack_publicize_message":"","jetpack_publicize_feature_enabled":true,"jetpack_social_post_already_shared":true,"jetpack_social_options":{"image_generator_settings":{"template":"highway","default_image_id":0,"font":"","enabled":false},"version":2}},"categories":[4],"tags":[],"class_list":["post-79467","post","type-post","status-publish","format-standard","has-post-thumbnail","hentry","category-local"],"acf":[],"jetpack_publicize_connections":[],"jetpack_featured_media_url":"https:\/\/i0.wp.com\/blogdoeloiltoncajuhy.com.br\/site\/wp-content\/uploads\/2024\/02\/GOVBA_Conferencia-CTI.jpeg?fit=680%2C383&ssl=1","jetpack_sharing_enabled":true,"publishpress_future_workflow_manual_trigger":{"enabledWorkflows":[]},"_links":{"self":[{"href":"https:\/\/blogdoeloiltoncajuhy.com.br\/site\/wp-json\/wp\/v2\/posts\/79467","targetHints":{"allow":["GET"]}}],"collection":[{"href":"https:\/\/blogdoeloiltoncajuhy.com.br\/site\/wp-json\/wp\/v2\/posts"}],"about":[{"href":"https:\/\/blogdoeloiltoncajuhy.com.br\/site\/wp-json\/wp\/v2\/types\/post"}],"author":[{"embeddable":true,"href":"https:\/\/blogdoeloiltoncajuhy.com.br\/site\/wp-json\/wp\/v2\/users\/2"}],"replies":[{"embeddable":true,"href":"https:\/\/blogdoeloiltoncajuhy.com.br\/site\/wp-json\/wp\/v2\/comments?post=79467"}],"version-history":[{"count":1,"href":"https:\/\/blogdoeloiltoncajuhy.com.br\/site\/wp-json\/wp\/v2\/posts\/79467\/revisions"}],"predecessor-version":[{"id":79469,"href":"https:\/\/blogdoeloiltoncajuhy.com.br\/site\/wp-json\/wp\/v2\/posts\/79467\/revisions\/79469"}],"wp:featuredmedia":[{"embeddable":true,"href":"https:\/\/blogdoeloiltoncajuhy.com.br\/site\/wp-json\/wp\/v2\/media\/79468"}],"wp:attachment":[{"href":"https:\/\/blogdoeloiltoncajuhy.com.br\/site\/wp-json\/wp\/v2\/media?parent=79467"}],"wp:term":[{"taxonomy":"category","embeddable":true,"href":"https:\/\/blogdoeloiltoncajuhy.com.br\/site\/wp-json\/wp\/v2\/categories?post=79467"},{"taxonomy":"post_tag","embeddable":true,"href":"https:\/\/blogdoeloiltoncajuhy.com.br\/site\/wp-json\/wp\/v2\/tags?post=79467"}],"curies":[{"name":"wp","href":"https:\/\/api.w.org\/{rel}","templated":true}]}}