{"id":79435,"date":"2024-02-27T11:24:24","date_gmt":"2024-02-27T14:24:24","guid":{"rendered":"https:\/\/blogdoeloiltoncajuhy.com.br\/site\/?p=79435"},"modified":"2024-02-27T11:24:26","modified_gmt":"2024-02-27T14:24:26","slug":"senhor-do-bonfim-briga-politica-impede-pagamentos-de-leis-culturais-artistas-protestam","status":"publish","type":"post","link":"https:\/\/blogdoeloiltoncajuhy.com.br\/site\/senhor-do-bonfim-briga-politica-impede-pagamentos-de-leis-culturais-artistas-protestam\/","title":{"rendered":"Senhor do Bonfim: Briga pol\u00edtica impede pagamentos de Leis culturais; artistas protestam"},"content":{"rendered":"\n<p class=\"has-text-align-center has-medium-font-size\"><strong>Atritos entre presidente da C\u00e2mara e secret\u00e1rio de Cultura prejudica artistas.<\/strong><\/p>\n\n\n\n<p><strong>Blog do Eloilton Cajuhy<\/strong><\/p>\n\n\n\n<figure class=\"wp-block-gallery aligncenter has-nested-images columns-default is-cropped wp-block-gallery-1 is-layout-flex wp-block-gallery-is-layout-flex\">\n<figure class=\"wp-block-image size-large\"><a href=\"https:\/\/i0.wp.com\/blogdoeloiltoncajuhy.com.br\/site\/wp-content\/uploads\/2024\/02\/Galeguinho.webp?ssl=1\"><img data-recalc-dims=\"1\" fetchpriority=\"high\" decoding=\"async\" width=\"446\" height=\"277\" data-id=\"79436\" src=\"https:\/\/i0.wp.com\/blogdoeloiltoncajuhy.com.br\/site\/wp-content\/uploads\/2024\/02\/Galeguinho.webp?resize=446%2C277&#038;ssl=1\" alt=\"\" class=\"wp-image-79436\" srcset=\"https:\/\/i0.wp.com\/blogdoeloiltoncajuhy.com.br\/site\/wp-content\/uploads\/2024\/02\/Galeguinho.webp?w=446&amp;ssl=1 446w, https:\/\/i0.wp.com\/blogdoeloiltoncajuhy.com.br\/site\/wp-content\/uploads\/2024\/02\/Galeguinho.webp?resize=300%2C186&amp;ssl=1 300w\" sizes=\"(max-width: 446px) 100vw, 446px\" \/><\/a><figcaption class=\"wp-element-caption\">Idailton Galeguinho<\/figcaption><\/figure>\n\n\n\n<figure class=\"wp-block-image size-large\"><a href=\"https:\/\/i0.wp.com\/blogdoeloiltoncajuhy.com.br\/site\/wp-content\/uploads\/2024\/02\/Weslen-Aquino.png?ssl=1\"><img data-recalc-dims=\"1\" decoding=\"async\" width=\"497\" height=\"255\" data-id=\"79437\" src=\"https:\/\/i0.wp.com\/blogdoeloiltoncajuhy.com.br\/site\/wp-content\/uploads\/2024\/02\/Weslen-Aquino.png?resize=497%2C255&#038;ssl=1\" alt=\"\" class=\"wp-image-79437\" srcset=\"https:\/\/i0.wp.com\/blogdoeloiltoncajuhy.com.br\/site\/wp-content\/uploads\/2024\/02\/Weslen-Aquino.png?w=497&amp;ssl=1 497w, https:\/\/i0.wp.com\/blogdoeloiltoncajuhy.com.br\/site\/wp-content\/uploads\/2024\/02\/Weslen-Aquino.png?resize=300%2C154&amp;ssl=1 300w\" sizes=\"(max-width: 497px) 100vw, 497px\" \/><\/a><figcaption class=\"wp-element-caption\">Weslen Aquino<\/figcaption><\/figure>\n<\/figure>\n\n\n\n<p>Artistas bonfinenses contemplados com projetos das Leis culturais &#8220;Aldir Blanc&#8221; e &#8220;Paulo Gustavo&#8221; est\u00e3o protestando a falta de pagamento que j\u00e1 deveria ter sido feito por parte da secretaria municipal de Cultura.<\/p>\n\n\n\n<p>Na \u00faltima sexta-feira (23) uma discuss\u00e3o na prefeitura envolvendo o presidente da C\u00e2mara Idailton Galeguinho e o secret\u00e1rio de Cultura Weslen Aquino, que acabou se tornando p\u00fablica, foi o estopim do problema.<\/p>\n\n\n\n<p>Segundo noticiado na imprensa local e confirmado por Weslen numa r\u00e1dio na manh\u00e3 desta ter\u00e7a-feira (27), Galeguinho teria rasgado o projeto que j\u00e1 foi aprovado na C\u00e2mara para pagamento dos artistas. Com isso, a prefeitura n\u00e3o cumpriu o prometido, que era efetuar esse pagamento na segunda-feira, 26. Ali\u00e1s, o governo municipal havia prometido realiz\u00e1-lo no dia 8, mas a promessa tamb\u00e9m n\u00e3o foi cumprida.<\/p>\n\n\n\n<p>Diante da briga entre o secret\u00e1rio de Cultura e o presidente da C\u00e2mara, quem est\u00e1 sendo prejudicado s\u00e3o os artistas que est\u00e3o impossibilitados de tocarem seus projetos por falta dos recursos.<\/p>\n\n\n\n<p>Na entrevista concedida por Weslen Aquino, na manh\u00e3 desta ter\u00e7a, ele garantiu que, &#8220;se o problema for a presen\u00e7a do secret\u00e1rio de Cultura, eu entrego o cargo&#8221;, amea\u00e7ou.<\/p>\n\n\n\n<p>Tamb\u00e9m na manh\u00e3 desta ter\u00e7a-feira, Andr\u00e9 Marcelo, do Conselho Municipal de Cultura, divulgou uma nota protestando a falta de pagamento dos projetos dos artistas.<\/p>\n\n\n\n<p class=\"has-black-color has-text-color has-link-color has-medium-font-size wp-elements-2fc1592d077922e76844831015ed5188\"><strong>Confira:<\/strong><\/p>\n\n\n\n<p><em>\u201cCad\u00ea o dinheiro da Lei Paulo Gustavo? Nossos artistas pedem respeito! A prefeitura ainda n\u00e3o fez o pagamento dos recursos da Lei Paulo Gustavo! Diversos munic\u00edpios j\u00e1 receberam, mas Senhor do Bonfim-BA n\u00e3o pagou! A prefeitura fez um compromisso de pag\u00e1-los dia 08\/02, n\u00e3o cumpriu, devido a um projeto de lei que precisaria ser aprovado na c\u00e2mara. A bendita lei foi votada por todos os vereadores e aprovada por unanimidade.<\/em><\/p>\n\n\n\n<p><em>Depois, renovou esse compromisso para pagar ontem dia 26\/02. N\u00e3o cumpriu. Hoje, dia 27\/02, a classe art\u00edstica contemplada no edital se depara com uma briga pol\u00edtica para derrubar o atual secret\u00e1rio de Cultura. O presidente da c\u00e2mara de vereadores Idailton Galeguinho rasgou e n\u00e3o enviou o projeto aprovado para a prefeitura realizar os pagamentos. E a\u00ed?<\/em><\/p>\n\n\n\n<p><em>Nessa hist\u00f3ria s\u00f3 quem est\u00e1 se prejudicando s\u00e3o os artistas, trabalhadores de cultura, m\u00e3es, pais de fam\u00edlia que trabalham para levar alegria a uma sociedade falida. E a\u00ed senhor prefeito Laercio? Voc\u00ea at\u00e9 mandou os artistas comprarem fiado no seu discurso no primeiro momento que era pra ser realizado o pagamento dia 08\/02 garantindo que o pagamento seria realizado dia 26\/02.<\/em><\/p>\n\n\n\n<p><em>E a\u00ed todos os vereadores? Ir\u00e3o ficar calados vendo essa falta de respeito do legislativo para com os artistas de sua terra? Um recurso federal n\u00e3o pode ser taxado para uma briguinha pol\u00edtica municipal e, um presidente da c\u00e2mara respons\u00e1vel que se prese, N\u00c3O PODE SIMPLISMENTE RASGAR UM DOCUMENTO P\u00daBLICO POR CONTA DE SEU EGO!<\/em><\/p>\n\n\n\n<p><em>TODOS da classe art\u00edstica estamos esperando que os respons\u00e1veis se prontifiquem e se movimentem para que artistas recebam seus recursos por direito&#8221;.<\/em><\/p>\n\n\n\n<p class=\"has-text-align-center has-black-color has-text-color has-link-color wp-elements-cfc66ac7b9864964e848a17cabb8896d\"><strong>Andr\u00e9 Marcelo<br>Conselheiro Municipal de Cultura<\/strong><\/p>\n\n\n\n<p class=\"has-black-color has-text-color has-link-color has-medium-font-size wp-elements-fa70bcd3cd414510a5f0933ee498e1fa\"><strong>Prefeitura se manifesta<\/strong><\/p>\n\n\n\n<p>A prefeitura de Senhor do Bonfim tamb\u00e9m publicou uma nota esclarecendo que &#8220;devido ao n\u00e3o encaminhamento para san\u00e7\u00e3o do Projeto de Lei do Executivo N\u00ba 005\/2024 pelo Poder Legislativo, embora devidamente aprovado desde o \u00faltimo dia 22 (quinta-feira), n\u00e3o ser\u00e1 poss\u00edvel proceder com os pagamentos na data programada&#8221;.<\/p>\n\n\n\n<p>O governo, diz a nota, &#8220;lamenta o ocorrido&#8221; e informou &#8220;que t\u00e3o logo receba a reda\u00e7\u00e3o final do projeto aprovado, proceder\u00e1 com a san\u00e7\u00e3o e publica\u00e7\u00e3o da lei, e consequentemente, com o pagamento imediato dos respectivos valores aos seus destinat\u00e1rios&#8221;.<\/p>\n","protected":false},"excerpt":{"rendered":"<p>Atritos entre presidente da C\u00e2mara e secret\u00e1rio de Cultura prejudica artistas. Blog do Eloilton Cajuhy Artistas bonfinenses contemplados com projetos das Leis culturais &#8220;Aldir Blanc&#8221; e &#8220;Paulo Gustavo&#8221; est\u00e3o protestando a falta de pagamento que j\u00e1 deveria ter sido feito por parte da secretaria municipal de Cultura. Na \u00faltima sexta-feira (23) uma discuss\u00e3o na prefeitura [&hellip;]<\/p>\n","protected":false},"author":2,"featured_media":79438,"comment_status":"open","ping_status":"open","sticky":false,"template":"","format":"standard","meta":{"_acf_changed":false,"_monsterinsights_skip_tracking":false,"_monsterinsights_sitenote_active":false,"_monsterinsights_sitenote_note":"","_monsterinsights_sitenote_category":0,"_jetpack_memberships_contains_paid_content":false,"footnotes":"","jetpack_publicize_message":"","jetpack_publicize_feature_enabled":true,"jetpack_social_post_already_shared":true,"jetpack_social_options":{"image_generator_settings":{"template":"highway","default_image_id":0,"font":"","enabled":false},"version":2}},"categories":[3],"tags":[],"class_list":["post-79435","post","type-post","status-publish","format-standard","has-post-thumbnail","hentry","category-politica"],"acf":[],"jetpack_publicize_connections":[],"jetpack_featured_media_url":"https:\/\/i0.wp.com\/blogdoeloiltoncajuhy.com.br\/site\/wp-content\/uploads\/2024\/02\/Cultura_reproducao.jpg?fit=640%2C360&ssl=1","jetpack_sharing_enabled":true,"publishpress_future_workflow_manual_trigger":{"enabledWorkflows":[]},"_links":{"self":[{"href":"https:\/\/blogdoeloiltoncajuhy.com.br\/site\/wp-json\/wp\/v2\/posts\/79435","targetHints":{"allow":["GET"]}}],"collection":[{"href":"https:\/\/blogdoeloiltoncajuhy.com.br\/site\/wp-json\/wp\/v2\/posts"}],"about":[{"href":"https:\/\/blogdoeloiltoncajuhy.com.br\/site\/wp-json\/wp\/v2\/types\/post"}],"author":[{"embeddable":true,"href":"https:\/\/blogdoeloiltoncajuhy.com.br\/site\/wp-json\/wp\/v2\/users\/2"}],"replies":[{"embeddable":true,"href":"https:\/\/blogdoeloiltoncajuhy.com.br\/site\/wp-json\/wp\/v2\/comments?post=79435"}],"version-history":[{"count":1,"href":"https:\/\/blogdoeloiltoncajuhy.com.br\/site\/wp-json\/wp\/v2\/posts\/79435\/revisions"}],"predecessor-version":[{"id":79439,"href":"https:\/\/blogdoeloiltoncajuhy.com.br\/site\/wp-json\/wp\/v2\/posts\/79435\/revisions\/79439"}],"wp:featuredmedia":[{"embeddable":true,"href":"https:\/\/blogdoeloiltoncajuhy.com.br\/site\/wp-json\/wp\/v2\/media\/79438"}],"wp:attachment":[{"href":"https:\/\/blogdoeloiltoncajuhy.com.br\/site\/wp-json\/wp\/v2\/media?parent=79435"}],"wp:term":[{"taxonomy":"category","embeddable":true,"href":"https:\/\/blogdoeloiltoncajuhy.com.br\/site\/wp-json\/wp\/v2\/categories?post=79435"},{"taxonomy":"post_tag","embeddable":true,"href":"https:\/\/blogdoeloiltoncajuhy.com.br\/site\/wp-json\/wp\/v2\/tags?post=79435"}],"curies":[{"name":"wp","href":"https:\/\/api.w.org\/{rel}","templated":true}]}}