{"id":79410,"date":"2024-02-26T10:35:23","date_gmt":"2024-02-26T13:35:23","guid":{"rendered":"https:\/\/blogdoeloiltoncajuhy.com.br\/site\/?p=79410"},"modified":"2024-02-26T10:35:25","modified_gmt":"2024-02-26T13:35:25","slug":"revisao-da-vida-toda-do-inss-volta-ao-plenario-do-stf-nesta-semana-com-incerteza-sobre-julgamento","status":"publish","type":"post","link":"https:\/\/blogdoeloiltoncajuhy.com.br\/site\/revisao-da-vida-toda-do-inss-volta-ao-plenario-do-stf-nesta-semana-com-incerteza-sobre-julgamento\/","title":{"rendered":"Revis\u00e3o da vida toda do INSS volta ao plen\u00e1rio do STF nesta semana com incerteza sobre julgamento"},"content":{"rendered":"\n<p class=\"has-medium-font-size\"><strong>Ministros se re\u00fanem na quarta (28) para decidir sobre recurso da Previd\u00eancia contra decis\u00e3o tomada em 2022.<\/strong><\/p>\n\n\n\n<figure class=\"wp-block-image aligncenter size-full is-resized\"><a href=\"https:\/\/i0.wp.com\/blogdoeloiltoncajuhy.com.br\/site\/wp-content\/uploads\/2018\/09\/stf.jpg\"><img data-recalc-dims=\"1\" fetchpriority=\"high\" decoding=\"async\" width=\"600\" height=\"400\" src=\"https:\/\/i0.wp.com\/blogdoeloiltoncajuhy.com.br\/site\/wp-content\/uploads\/2018\/09\/stf.jpg?resize=600%2C400\" alt=\"\" class=\"wp-image-28102\" style=\"width:729px;height:auto\" srcset=\"https:\/\/i0.wp.com\/blogdoeloiltoncajuhy.com.br\/site\/wp-content\/uploads\/2018\/09\/stf.jpg?w=600&amp;ssl=1 600w, https:\/\/i0.wp.com\/blogdoeloiltoncajuhy.com.br\/site\/wp-content\/uploads\/2018\/09\/stf.jpg?resize=300%2C200&amp;ssl=1 300w, https:\/\/i0.wp.com\/blogdoeloiltoncajuhy.com.br\/site\/wp-content\/uploads\/2018\/09\/stf.jpg?resize=250%2C167&amp;ssl=1 250w\" sizes=\"(max-width: 600px) 100vw, 600px\" \/><\/a><figcaption class=\"wp-element-caption\"><sub>Divulga\u00e7\u00e3o<\/sub><\/figcaption><\/figure>\n\n\n\n<p>O processo que discute a revis\u00e3o da vida toda do Instituto Nacional do Seguro Social (INSS) volta ao plen\u00e1rio do Supremo Tribunal Federal (STF) nesta semana sob incertezas. Com mais de dez a\u00e7\u00f5es na pauta de quarta-feira (28), dia em que est\u00e1 marcado o julgamento, a decis\u00e3o pode ser adiada novamente.<\/p>\n\n\n\n<p>Al\u00e9m disso, uma a\u00e7\u00e3o de 1999 \u2014 que discute a constitucionalidade do fator previdenci\u00e1rio \u2014 pode ser entrave para a revis\u00e3o. O processo 2.111 foi colocado na pauta pelo presidente da corte, Lu\u00eds Roberto Barroso, ap\u00f3s 25 anos \u00e0 espera de uma resposta.<\/p>\n\n\n\n<p>A revis\u00e3o da vida toda \u00e9 uma a\u00e7\u00e3o judicial na qual aposentados pedem para incluir no c\u00e1lculo do seu benef\u00edcio contribui\u00e7\u00f5es previdenci\u00e1rias antigas, de antes de julho de 1994, para ter aposentadoria maior. A tese foi aprovada pelo STF em dezembro de 2022, por 6 votos a 5.<\/p>\n\n\n\n<p>O que ser\u00e1 julgado no plen\u00e1rio s\u00e3o os embargos de declara\u00e7\u00e3o \u2014 esp\u00e9cie de recurso para que se esclare\u00e7a alguns pontos do julgamento \u2014 da Advocacia-Geral da Uni\u00e3o (AGU), que representa do INSS na Justi\u00e7a.<\/p>\n\n\n\n<p>Para a advogada Gisele Kravchychyn, presidente do IBDP e defensora do aposentado que levou a a\u00e7\u00e3o ao Supremo, a estrat\u00e9gia do ministro Barroso de votar os dois processos \u2014vida toda e fator previdenci\u00e1rio\u2014 de forma conjunta pode trazer &#8220;problemas&#8221; para a tese.<\/p>\n\n\n\n<p>O motivo \u00e9 o voto do pr\u00f3prio Barroso na a\u00e7\u00e3o 2.111. O ministro entende que, a depender do posicionamento da corte sobre o artigo 3\u00ba da lei 9.876, de 1999, que criou o fator previdenci\u00e1rio, a decis\u00e3o poder\u00e1 inviabilizar a corre\u00e7\u00e3o.<\/p>\n\n\n\n<p>O advogado Jo\u00e3o Badari, do escrit\u00f3rio Aith, Badari e Luchi, que participa do processo como representante do Ieprev (Instituto de Estudos Previdenci\u00e1rios), por outro lado, diz estar confiante porque, segundo ele, seis ministros j\u00e1 se manifestaram na ADI e disseram que ela n\u00e3o interfere na revis\u00e3o da vida toda.<\/p>\n\n\n\n<p>Para ele, no entanto, o problema \u00e9 a quantidade de processos pautados para o mesmo dia. &#8220;Eu acho dif\u00edcil julgar dia 28 porque ela estava como primeiro processo a ser julgado, mas o presidente, o ministro Barroso, colocou agora como o 11\u00ba da pauta&#8221;, diz.<\/p>\n","protected":false},"excerpt":{"rendered":"<p>Ministros se re\u00fanem na quarta (28) para decidir sobre recurso da Previd\u00eancia contra decis\u00e3o tomada em 2022. O processo que discute a revis\u00e3o da vida toda do Instituto Nacional do Seguro Social (INSS) volta ao plen\u00e1rio do Supremo Tribunal Federal (STF) nesta semana sob incertezas. Com mais de dez a\u00e7\u00f5es na pauta de quarta-feira (28), [&hellip;]<\/p>\n","protected":false},"author":2,"featured_media":67000,"comment_status":"open","ping_status":"open","sticky":false,"template":"","format":"standard","meta":{"_acf_changed":false,"_monsterinsights_skip_tracking":false,"_monsterinsights_sitenote_active":false,"_monsterinsights_sitenote_note":"","_monsterinsights_sitenote_category":0,"_jetpack_memberships_contains_paid_content":false,"footnotes":"","jetpack_publicize_message":"","jetpack_publicize_feature_enabled":true,"jetpack_social_post_already_shared":true,"jetpack_social_options":{"image_generator_settings":{"template":"highway","default_image_id":0,"font":"","enabled":false},"version":2}},"categories":[5],"tags":[],"class_list":["post-79410","post","type-post","status-publish","format-standard","has-post-thumbnail","hentry","category-cotidiano"],"acf":[],"jetpack_publicize_connections":[],"jetpack_featured_media_url":"https:\/\/i0.wp.com\/blogdoeloiltoncajuhy.com.br\/site\/wp-content\/uploads\/2022\/07\/stf_1908200973.jpg?fit=1170%2C700&ssl=1","jetpack_sharing_enabled":true,"publishpress_future_workflow_manual_trigger":{"enabledWorkflows":[]},"_links":{"self":[{"href":"https:\/\/blogdoeloiltoncajuhy.com.br\/site\/wp-json\/wp\/v2\/posts\/79410","targetHints":{"allow":["GET"]}}],"collection":[{"href":"https:\/\/blogdoeloiltoncajuhy.com.br\/site\/wp-json\/wp\/v2\/posts"}],"about":[{"href":"https:\/\/blogdoeloiltoncajuhy.com.br\/site\/wp-json\/wp\/v2\/types\/post"}],"author":[{"embeddable":true,"href":"https:\/\/blogdoeloiltoncajuhy.com.br\/site\/wp-json\/wp\/v2\/users\/2"}],"replies":[{"embeddable":true,"href":"https:\/\/blogdoeloiltoncajuhy.com.br\/site\/wp-json\/wp\/v2\/comments?post=79410"}],"version-history":[{"count":1,"href":"https:\/\/blogdoeloiltoncajuhy.com.br\/site\/wp-json\/wp\/v2\/posts\/79410\/revisions"}],"predecessor-version":[{"id":79411,"href":"https:\/\/blogdoeloiltoncajuhy.com.br\/site\/wp-json\/wp\/v2\/posts\/79410\/revisions\/79411"}],"wp:featuredmedia":[{"embeddable":true,"href":"https:\/\/blogdoeloiltoncajuhy.com.br\/site\/wp-json\/wp\/v2\/media\/67000"}],"wp:attachment":[{"href":"https:\/\/blogdoeloiltoncajuhy.com.br\/site\/wp-json\/wp\/v2\/media?parent=79410"}],"wp:term":[{"taxonomy":"category","embeddable":true,"href":"https:\/\/blogdoeloiltoncajuhy.com.br\/site\/wp-json\/wp\/v2\/categories?post=79410"},{"taxonomy":"post_tag","embeddable":true,"href":"https:\/\/blogdoeloiltoncajuhy.com.br\/site\/wp-json\/wp\/v2\/tags?post=79410"}],"curies":[{"name":"wp","href":"https:\/\/api.w.org\/{rel}","templated":true}]}}