{"id":7937,"date":"2016-02-26T18:25:11","date_gmt":"2016-02-26T21:25:11","guid":{"rendered":"http:\/\/blogdoeloiltoncajuhy.com.br\/site\/?p=7937"},"modified":"2016-02-26T18:25:11","modified_gmt":"2016-02-26T21:25:11","slug":"homem-e-preso-acusado-de-furtar-agua-da-embasa","status":"publish","type":"post","link":"https:\/\/blogdoeloiltoncajuhy.com.br\/site\/homem-e-preso-acusado-de-furtar-agua-da-embasa\/","title":{"rendered":"Homem \u00e9 preso acusado de furtar \u00e1gua da Embasa"},"content":{"rendered":"<p><em><strong>Pris\u00e3o realizada em flagrante pela Pol\u00edcia Civil ocorreu durante a\u00e7\u00e3o conjunta<\/strong><\/em><\/p>\n<p><a href=\"https:\/\/i0.wp.com\/blogdoeloiltoncajuhy.com.br\/site\/wp-content\/uploads\/2015\/12\/pol%C3%ADcia.jpg\" rel=\"attachment wp-att-6606\"><img data-recalc-dims=\"1\" fetchpriority=\"high\" decoding=\"async\" class=\"wp-image-6606 size-medium alignright\" src=\"https:\/\/i0.wp.com\/blogdoeloiltoncajuhy.com.br\/site\/wp-content\/uploads\/2015\/12\/pol%C3%ADcia.jpg?resize=300%2C210\" alt=\"pol\u00edcia\" width=\"300\" height=\"210\" srcset=\"https:\/\/i0.wp.com\/blogdoeloiltoncajuhy.com.br\/site\/wp-content\/uploads\/2015\/12\/pol%C3%ADcia.jpg?resize=300%2C210&amp;ssl=1 300w, https:\/\/i0.wp.com\/blogdoeloiltoncajuhy.com.br\/site\/wp-content\/uploads\/2015\/12\/pol%C3%ADcia.jpg?resize=250%2C175&amp;ssl=1 250w, https:\/\/i0.wp.com\/blogdoeloiltoncajuhy.com.br\/site\/wp-content\/uploads\/2015\/12\/pol%C3%ADcia.jpg?w=385&amp;ssl=1 385w\" sizes=\"(max-width: 300px) 100vw, 300px\" \/><\/a>A Empresa Baiana de \u00c1guas e Saneamento (Embasa) iniciou, na \u00faltima quarta-feira (24), em Monte Santo, uma opera\u00e7\u00e3o para combater liga\u00e7\u00f5es clandestinas e outras irregularidades.<\/p>\n<p>Numa a\u00e7\u00e3o conjunta, realizada ontem (25), envolvendo t\u00e9cnicos da empresa e policiais civis da 25\u00aa Coordenadoria Regional de Pol\u00edcia, um servidor p\u00fablico do munic\u00edpio foi flagrado furtando \u00e1gua por meio de uma fraude em uma rede de distribui\u00e7\u00e3o que atende a comunidade de Tapera (zona rural).<\/p>\n<p>O acusado est\u00e1 preso temporariamente na Delegacia de Euclides da Cunha e poder\u00e1 responder por crime de furto de \u00e1gua e dano qualificado. O homem j\u00e1 havia cometido a mesma infra\u00e7\u00e3o outras tr\u00eas vezes, a \u00faltima descoberta no in\u00edcio deste m\u00eas durante uma inspe\u00e7\u00e3o da empresa no local onde ele possui uma cria\u00e7\u00e3o de porcos.<\/p>\n<p>Segundo o gerente da Embasa de Monte Santo, Marcos da Silva, uma den\u00fancia an\u00f4nima apontou a irregularidade, comprovada durante a a\u00e7\u00e3o. &#8220;Esta colabora\u00e7\u00e3o da popula\u00e7\u00e3o \u00e9 importante, j\u00e1 que ela \u00e9 a principal prejudicada por fraudes como esta que podem afetar o abastecimento na \u00e1rea\u201d, afirmou.<\/p>\n<p>Um estudo j\u00e1 em andamento ir\u00e1 estimar o volume de \u00e1gua furtado e determinar\u00e1 o valor da multa a ser aplicada ao infrator.<\/p>\n<p><em>*Ascom Embasa<\/em><\/p>\n","protected":false},"excerpt":{"rendered":"<p>Pris\u00e3o realizada em flagrante pela Pol\u00edcia Civil ocorreu durante a\u00e7\u00e3o conjunta A Empresa Baiana de \u00c1guas e Saneamento (Embasa) iniciou, na \u00faltima quarta-feira (24), em Monte Santo, uma opera\u00e7\u00e3o para combater liga\u00e7\u00f5es clandestinas e outras irregularidades. Numa a\u00e7\u00e3o conjunta, realizada ontem (25), envolvendo t\u00e9cnicos da empresa e policiais civis da 25\u00aa Coordenadoria Regional de Pol\u00edcia, [&hellip;]<\/p>\n","protected":false},"author":2,"featured_media":0,"comment_status":"open","ping_status":"open","sticky":false,"template":"","format":"standard","meta":{"_acf_changed":false,"_monsterinsights_skip_tracking":false,"_monsterinsights_sitenote_active":false,"_monsterinsights_sitenote_note":"","_monsterinsights_sitenote_category":0,"_jetpack_memberships_contains_paid_content":false,"footnotes":"","jetpack_publicize_message":"","jetpack_publicize_feature_enabled":true,"jetpack_social_post_already_shared":true,"jetpack_social_options":{"image_generator_settings":{"template":"highway","default_image_id":0,"font":"","enabled":false},"version":2}},"categories":[5,1,11],"tags":[],"class_list":["post-7937","post","type-post","status-publish","format-standard","hentry","category-cotidiano","category-noticias","category-regional"],"acf":[],"jetpack_publicize_connections":[],"jetpack_featured_media_url":"","jetpack_sharing_enabled":true,"publishpress_future_workflow_manual_trigger":{"enabledWorkflows":[]},"_links":{"self":[{"href":"https:\/\/blogdoeloiltoncajuhy.com.br\/site\/wp-json\/wp\/v2\/posts\/7937","targetHints":{"allow":["GET"]}}],"collection":[{"href":"https:\/\/blogdoeloiltoncajuhy.com.br\/site\/wp-json\/wp\/v2\/posts"}],"about":[{"href":"https:\/\/blogdoeloiltoncajuhy.com.br\/site\/wp-json\/wp\/v2\/types\/post"}],"author":[{"embeddable":true,"href":"https:\/\/blogdoeloiltoncajuhy.com.br\/site\/wp-json\/wp\/v2\/users\/2"}],"replies":[{"embeddable":true,"href":"https:\/\/blogdoeloiltoncajuhy.com.br\/site\/wp-json\/wp\/v2\/comments?post=7937"}],"version-history":[{"count":2,"href":"https:\/\/blogdoeloiltoncajuhy.com.br\/site\/wp-json\/wp\/v2\/posts\/7937\/revisions"}],"predecessor-version":[{"id":7939,"href":"https:\/\/blogdoeloiltoncajuhy.com.br\/site\/wp-json\/wp\/v2\/posts\/7937\/revisions\/7939"}],"wp:attachment":[{"href":"https:\/\/blogdoeloiltoncajuhy.com.br\/site\/wp-json\/wp\/v2\/media?parent=7937"}],"wp:term":[{"taxonomy":"category","embeddable":true,"href":"https:\/\/blogdoeloiltoncajuhy.com.br\/site\/wp-json\/wp\/v2\/categories?post=7937"},{"taxonomy":"post_tag","embeddable":true,"href":"https:\/\/blogdoeloiltoncajuhy.com.br\/site\/wp-json\/wp\/v2\/tags?post=7937"}],"curies":[{"name":"wp","href":"https:\/\/api.w.org\/{rel}","templated":true}]}}