{"id":79333,"date":"2024-02-21T19:43:37","date_gmt":"2024-02-21T22:43:37","guid":{"rendered":"https:\/\/blogdoeloiltoncajuhy.com.br\/site\/?p=79333"},"modified":"2024-02-21T19:43:39","modified_gmt":"2024-02-21T22:43:39","slug":"policia-civil-de-juazeiro-prende-jovem-de-21-anos-acusado-de-matar-rafael-lima","status":"publish","type":"post","link":"https:\/\/blogdoeloiltoncajuhy.com.br\/site\/policia-civil-de-juazeiro-prende-jovem-de-21-anos-acusado-de-matar-rafael-lima\/","title":{"rendered":"Pol\u00edcia Civil de Juazeiro prende jovem de 21 anos acusado de matar Rafael Lima"},"content":{"rendered":"\n<p class=\"has-text-align-center has-medium-font-size\"><strong>Pris\u00e3o ocorreu nesta quarta-feira (21) em uma cidade de Pernambuco.<\/strong><\/p>\n\n\n\n<p><strong>Blog do Eloilton Cajuhy<\/strong><\/p>\n\n\n\n<figure class=\"wp-block-image aligncenter size-full is-resized\"><a href=\"https:\/\/i0.wp.com\/blogdoeloiltoncajuhy.com.br\/site\/wp-content\/uploads\/2024\/01\/Rafael-Lima_290124.png\"><img data-recalc-dims=\"1\" fetchpriority=\"high\" decoding=\"async\" width=\"800\" height=\"744\" src=\"https:\/\/i0.wp.com\/blogdoeloiltoncajuhy.com.br\/site\/wp-content\/uploads\/2024\/01\/Rafael-Lima_290124.png?resize=800%2C744\" alt=\"\" class=\"wp-image-78930\" style=\"width:554px;height:auto\" srcset=\"https:\/\/i0.wp.com\/blogdoeloiltoncajuhy.com.br\/site\/wp-content\/uploads\/2024\/01\/Rafael-Lima_290124.png?w=885&amp;ssl=1 885w, https:\/\/i0.wp.com\/blogdoeloiltoncajuhy.com.br\/site\/wp-content\/uploads\/2024\/01\/Rafael-Lima_290124.png?resize=300%2C279&amp;ssl=1 300w, https:\/\/i0.wp.com\/blogdoeloiltoncajuhy.com.br\/site\/wp-content\/uploads\/2024\/01\/Rafael-Lima_290124.png?resize=768%2C714&amp;ssl=1 768w\" sizes=\"(max-width: 800px) 100vw, 800px\" \/><\/a><figcaption class=\"wp-element-caption\"><sub>Reprodu\u00e7\u00e3o \/ Facebook<\/sub><\/figcaption><\/figure>\n\n\n\n<p>Foi preso nesta quarta-feira (21) em S\u00e3o Jos\u00e9 do Belmonte, Pernambuco, um homem de 21 anos, acusado pela morte de Rafael de Souza Lima, 37 anos, que estava com a fam\u00edlia no \u00faltimo dia do carnaval de Juazeiro.<\/p>\n\n\n\n<p>A informa\u00e7\u00e3o \u00e9 do site <strong>Preto no Branco<\/strong>. O acusado foi interrogado e confessou a participa\u00e7\u00e3o no homic\u00eddio.<\/p>\n\n\n\n<p>Rafael e mais 4 pessoas, inclusive um adolescente de 16 anos, foram atingidos por disparos de arma de fogo na Avenida Adolfo Viana, onde ocorria o pr\u00e9-carnaval da cidade. O fato aconteceu no dia 28 de janeiro. Rafael Lima morreu na UPA local. As outras vitimas atingidas tiveram ferimentos.<\/p>\n\n\n\n<p>Rafael estava na festa com a esposa e o filho e, ao sair para comprar bebida, foi atingido pelos disparos. Ele trabalhava na Concession\u00e1ria Pau Brasil Motos, de Juazeiro, e era natural de Senhor do Bonfim.<\/p>\n\n\n\n<p>Ap\u00f3s o crime, o Servi\u00e7o de Intelig\u00eancia da Delegacia de Homic\u00eddios de Juazeiro iniciou as investiga\u00e7\u00f5es e identificou os autores do crime.<\/p>\n\n\n\n<p>\u201cForam identificados os autores do crime, sendo que a motiva\u00e7\u00e3o seria um retalia\u00e7\u00e3o pela morte de Anderson \u00c9den Andrade, o \u201cAndinho\u201d, ocorrida no dia 26 de janeiro, sendo que os alvos do grupo criminoso no dia 28\/01 eram as pessoas de Di\u00f3genes e Herbet. As outras duas v\u00edtimas, Rafael e o adolescente foram vitimas de \u201cbala perdida\u201d e n\u00e3o tinham envolvimento com os grupos,\u201d, informou a Pol\u00edcia Civil.<\/p>\n\n\n\n<p>Anderson \u00c9den Andrade foi assassinado na sexta-feira (26) tamb\u00e9m durante o carnaval. O titular da unidade representou e a Justi\u00e7a decretou a pris\u00e3o dos envolvidos.<\/p>\n\n\n\n<p>\u201dAtrav\u00e9s de investiga\u00e7\u00f5es da Delegacia de Homic\u00eddios de Juazeiro, foi localizado em um endere\u00e7o na zona rural de S\u00e3o Jos\u00e9 do Belmonte, Pernambuco, um dos envolvidos\u201d, informou a pol\u00edcia.<\/p>\n\n\n\n<p>Ele estava escondido no local e, ap\u00f3s \u201ctroca de informa\u00e7\u00f5es foi solicitado o apoio da Policia Militar de Pernambuco para cumprimento do mandado de pris\u00e3o. Ap\u00f3s ser localizado, o jovem, que n\u00e3o teve o nome divulgado, foi preso e ser\u00e1 encaminhado para Juazeiro.<\/p>\n","protected":false},"excerpt":{"rendered":"<p>Pris\u00e3o ocorreu nesta quarta-feira (21) em uma cidade de Pernambuco. Blog do Eloilton Cajuhy Foi preso nesta quarta-feira (21) em S\u00e3o Jos\u00e9 do Belmonte, Pernambuco, um homem de 21 anos, acusado pela morte de Rafael de Souza Lima, 37 anos, que estava com a fam\u00edlia no \u00faltimo dia do carnaval de Juazeiro. A informa\u00e7\u00e3o \u00e9 [&hellip;]<\/p>\n","protected":false},"author":2,"featured_media":79334,"comment_status":"open","ping_status":"open","sticky":false,"template":"","format":"standard","meta":{"_acf_changed":false,"_monsterinsights_skip_tracking":false,"_monsterinsights_sitenote_active":false,"_monsterinsights_sitenote_note":"","_monsterinsights_sitenote_category":0,"_jetpack_memberships_contains_paid_content":false,"footnotes":"","jetpack_publicize_message":"","jetpack_publicize_feature_enabled":true,"jetpack_social_post_already_shared":true,"jetpack_social_options":{"image_generator_settings":{"template":"highway","default_image_id":0,"font":"","enabled":false},"version":2}},"categories":[15],"tags":[],"class_list":["post-79333","post","type-post","status-publish","format-standard","has-post-thumbnail","hentry","category-policia"],"acf":[],"jetpack_publicize_connections":[],"jetpack_featured_media_url":"https:\/\/i0.wp.com\/blogdoeloiltoncajuhy.com.br\/site\/wp-content\/uploads\/2024\/02\/Rafael-Lima.jpg?fit=650%2C559&ssl=1","jetpack_sharing_enabled":true,"publishpress_future_workflow_manual_trigger":{"enabledWorkflows":[]},"_links":{"self":[{"href":"https:\/\/blogdoeloiltoncajuhy.com.br\/site\/wp-json\/wp\/v2\/posts\/79333","targetHints":{"allow":["GET"]}}],"collection":[{"href":"https:\/\/blogdoeloiltoncajuhy.com.br\/site\/wp-json\/wp\/v2\/posts"}],"about":[{"href":"https:\/\/blogdoeloiltoncajuhy.com.br\/site\/wp-json\/wp\/v2\/types\/post"}],"author":[{"embeddable":true,"href":"https:\/\/blogdoeloiltoncajuhy.com.br\/site\/wp-json\/wp\/v2\/users\/2"}],"replies":[{"embeddable":true,"href":"https:\/\/blogdoeloiltoncajuhy.com.br\/site\/wp-json\/wp\/v2\/comments?post=79333"}],"version-history":[{"count":1,"href":"https:\/\/blogdoeloiltoncajuhy.com.br\/site\/wp-json\/wp\/v2\/posts\/79333\/revisions"}],"predecessor-version":[{"id":79335,"href":"https:\/\/blogdoeloiltoncajuhy.com.br\/site\/wp-json\/wp\/v2\/posts\/79333\/revisions\/79335"}],"wp:featuredmedia":[{"embeddable":true,"href":"https:\/\/blogdoeloiltoncajuhy.com.br\/site\/wp-json\/wp\/v2\/media\/79334"}],"wp:attachment":[{"href":"https:\/\/blogdoeloiltoncajuhy.com.br\/site\/wp-json\/wp\/v2\/media?parent=79333"}],"wp:term":[{"taxonomy":"category","embeddable":true,"href":"https:\/\/blogdoeloiltoncajuhy.com.br\/site\/wp-json\/wp\/v2\/categories?post=79333"},{"taxonomy":"post_tag","embeddable":true,"href":"https:\/\/blogdoeloiltoncajuhy.com.br\/site\/wp-json\/wp\/v2\/tags?post=79333"}],"curies":[{"name":"wp","href":"https:\/\/api.w.org\/{rel}","templated":true}]}}